{"id":2970,"date":"2021-11-19T08:42:54","date_gmt":"2021-11-19T08:42:54","guid":{"rendered":"https:\/\/marcali.plebania.hu\/?p=2970"},"modified":"2021-11-19T08:42:54","modified_gmt":"2021-11-19T08:42:54","slug":"hirdetesek-2021-11-21","status":"publish","type":"post","link":"https:\/\/marcali.plebania.hu\/?p=2970","title":{"rendered":"Hirdet\u00e9sek, 2021. 11. 21."},"content":{"rendered":"\n<ol class=\"wp-block-list\"><li>Ma Krisztus Kir\u00e1ly \u00fcnnepe van, egy\u00fattal Karit\u00e1sz\nvas\u00e1rnap, ma az orsz\u00e1g valamennyi katolikus templom\u00e1ban perselygy\u0171jt\u00e9s van a\nszeg\u00e9nyek r\u00e9sz\u00e9re. Ebb\u0151l az \u00f6sszegb\u0151l k\u00e9sz\u00edt\u00fcnk kar\u00e1csonyi csomagokat a v\u00e1ros\nszeg\u00e9nyeinek. A mai napon 30 r\u00e1szorul\u00f3nak aj\u00e1nd\u00e9kozunk kenyeret.<\/li><li>A j\u00f6v\u0151 h\u00e9ten, p\u00e9nteken 9 \u00f3r\u00e1t\u00f3l \u00e9p\u00edtj\u00fck f\u00f6l a\npl\u00e9b\u00e1niatemplom el\u0151tt a k\u00fclt\u00e9ri \u00e1dventi koszor\u00fat, tetter\u0151s f\u00e9rfiakat v\u00e1runk a\nkoszor\u00fa elk\u00e9sz\u00edt\u00e9s\u00e9re.<\/li><li>Az idei \u00e1dventben is minden szombat este 17 \u00f3rakor\n\u00e1dventi gyertyagy\u00fajt\u00e1s a Boldog II. J\u00e1nos P\u00e1l p\u00e1pa t\u00e9ren. J\u00f6v\u0151 szombaton 17\n\u00f3rakor \u00fcnnepi \u00f6ssze\u00e1ll\u00edt\u00e1ssal k\u00f6zrem\u0171k\u00f6dnek a T\u00fcnd\u00e9rliget \u00d3voda csoportjaib\u00f3l.\nAz els\u0151 gyerty\u00e1t dr. S\u00fct\u0151 L\u00e1szl\u00f3 marcali v\u00e1ros polg\u00e1rmestere gy\u00fajtja meg. A\ngyertyagy\u00fajt\u00e1s ut\u00e1n szentmise.<\/li><li>J\u00f6v\u0151 vas\u00e1rnap, m\u00e1r \u00c1dvent els\u0151 vas\u00e1rnapja.<\/li><li>A j\u00e1rv\u00e1nyhelyzet miatt h\u00e9tf\u0151t\u0151l a pl\u00e9b\u00e1ni\u00e1n is on-line\nfogad\u00e1s lesz. Az elint\u00e9zend\u0151 \u00fcgyeket vagy telefonon, vagy e-mailen k\u00e9rj\u00e9k a\npl\u00e9b\u00e1ni\u00e1t\u00f3l: \u00edgy a keresztel\u00e9seket, temet\u00e9seket is lehet \u00edgy k\u00e9rni. Telefonos\negyeztet\u00e9s ut\u00e1n legfeljebb egy f\u0151 maszkban bej\u00f6het a r\u00e9szleteket int\u00e9zni.\nKeresztlevelet, igazol\u00e1sokat is csak online lehet int\u00e9zni. Keresztel\u00e9seket csak\nkar\u00e1csony m\u00e1snapj\u00e1ra vesz\u00fcnk fel.<\/li><li>Az \u00faj j\u00e1rv\u00e1ny\u00fcgyi int\u00e9zked\u00e9sek szerint a templomokban\nis k\u00f6telez\u0151 a sz\u00e1jmaszk. Bel\u00e9pve haszn\u00e1ljuk a falon l\u00e9v\u0151 k\u00e9zfert\u0151tlen\u00edt\u0151t. A temet\u00e9seket\nk\u00e9r\u00e9semre k\u00fclt\u00e9ren, a ravataloz\u00f3 el\u0151tt lehet elv\u00e9gezni, ahol ugyan nem k\u00f6telez\u0151\na sz\u00e1jmaszk, de aj\u00e1nlatos.<\/li><li>Napt\u00e1rak, kalend\u00e1rium \u00e9s a Sz\u00edvem els\u0151 gondolata c\u00edm\u0171\nk\u00f6nyv kaphat\u00f3 a sekresty\u00e9ben.<\/li><\/ol>\n","protected":false},"excerpt":{"rendered":"<p>Ma Krisztus Kir\u00e1ly \u00fcnnepe van, egy\u00fattal Karit\u00e1sz vas\u00e1rnap, ma az orsz\u00e1g valamennyi katolikus templom\u00e1ban perselygy\u0171jt\u00e9s van a szeg\u00e9nyek r\u00e9sz\u00e9re. Ebb\u0151l az \u00f6sszegb\u0151l k\u00e9sz\u00edt\u00fcnk kar\u00e1csonyi csomagokat a v\u00e1ros szeg\u00e9nyeinek. A mai napon 30 r\u00e1szorul\u00f3nak aj\u00e1nd\u00e9kozunk kenyeret. A j\u00f6v\u0151 h\u00e9ten, p\u00e9nteken 9 \u00f3r\u00e1t\u00f3l \u00e9p\u00edtj\u00fck f\u00f6l a pl\u00e9b\u00e1niatemplom el\u0151tt a k\u00fclt\u00e9ri \u00e1dventi koszor\u00fat, tetter\u0151s f\u00e9rfiakat v\u00e1runk a koszor\u00fa elk\u00e9sz\u00edt\u00e9s\u00e9re. Az idei \u00e1dventben is minden szombat este 17 \u00f3rakor \u00e1dventi gyertyagy\u00fajt\u00e1s a Boldog II. J\u00e1nos P\u00e1l p\u00e1pa t\u00e9ren. J\u00f6v\u0151 szombaton 17 \u00f3rakor \u00fcnnepi \u00f6ssze\u00e1ll\u00edt\u00e1ssal&#8230;<\/p>\n<p class=\"read-more\"><a class=\"btn btn-default\" href=\"https:\/\/marcali.plebania.hu\/?p=2970\"> Read More<span class=\"screen-reader-text\">  Read More<\/span><\/a><\/p>\n","protected":false},"author":2,"featured_media":0,"comment_status":"closed","ping_status":"open","sticky":false,"template":"","format":"standard","meta":{"footnotes":""},"categories":[1],"tags":[],"class_list":["post-2970","post","type-post","status-publish","format-standard","hentry","category-egyeb"],"_links":{"self":[{"href":"https:\/\/marcali.plebania.hu\/index.php?rest_route=\/wp\/v2\/posts\/2970","targetHints":{"allow":["GET"]}}],"collection":[{"href":"https:\/\/marcali.plebania.hu\/index.php?rest_route=\/wp\/v2\/posts"}],"about":[{"href":"https:\/\/marcali.plebania.hu\/index.php?rest_route=\/wp\/v2\/types\/post"}],"author":[{"embeddable":true,"href":"https:\/\/marcali.plebania.hu\/index.php?rest_route=\/wp\/v2\/users\/2"}],"replies":[{"embeddable":true,"href":"https:\/\/marcali.plebania.hu\/index.php?rest_route=%2Fwp%2Fv2%2Fcomments&post=2970"}],"version-history":[{"count":1,"href":"https:\/\/marcali.plebania.hu\/index.php?rest_route=\/wp\/v2\/posts\/2970\/revisions"}],"predecessor-version":[{"id":2971,"href":"https:\/\/marcali.plebania.hu\/index.php?rest_route=\/wp\/v2\/posts\/2970\/revisions\/2971"}],"wp:attachment":[{"href":"https:\/\/marcali.plebania.hu\/index.php?rest_route=%2Fwp%2Fv2%2Fmedia&parent=2970"}],"wp:term":[{"taxonomy":"category","embeddable":true,"href":"https:\/\/marcali.plebania.hu\/index.php?rest_route=%2Fwp%2Fv2%2Fcategories&post=2970"},{"taxonomy":"post_tag","embeddable":true,"href":"https:\/\/marcali.plebania.hu\/index.php?rest_route=%2Fwp%2Fv2%2Ftags&post=2970"}],"curies":[{"name":"wp","href":"https:\/\/api.w.org\/{rel}","templated":true}]}}