{"id":2972,"date":"2021-11-22T16:18:18","date_gmt":"2021-11-22T16:18:18","guid":{"rendered":"https:\/\/marcali.plebania.hu\/?p=2972"},"modified":"2021-11-22T16:18:18","modified_gmt":"2021-11-22T16:18:18","slug":"korona-kenyer-rozsak-krisztus-kiraly-es-szent-erzsebet-unnepen-marcaliban","status":"publish","type":"post","link":"https:\/\/marcali.plebania.hu\/?p=2972","title":{"rendered":"Korona, keny\u00e9r, r\u00f3zs\u00e1k Krisztus Kir\u00e1ly \u00e9s Szent Erzs\u00e9bet \u00fcnnep\u00e9n Marcaliban"},"content":{"rendered":"\n<p>2021. november 21-\u00e9n, vas\u00e1rnap a 9 \u00f3r\u00e1s szentmis\u00e9n Krisztus, a mindens\u00e9g kir\u00e1ly\u00e1nak \u00fcnnep\u00e9n eml\u00e9keztek meg Szent Erzs\u00e9betr\u0151l is, a szeg\u00e9nyek v\u00e9d\u0151szentj\u00e9r\u0151l a Marcali Gy\u00fcm\u00f6lcsolt\u00f3 Boldogasszony pl\u00e9b\u00e1niatemplomban.<\/p>\n\n\n\n<figure class=\"wp-block-gallery columns-3 is-cropped wp-block-gallery-1 is-layout-flex wp-block-gallery-is-layout-flex\"><ul class=\"blocks-gallery-grid\"><li class=\"blocks-gallery-item\"><figure><img loading=\"lazy\" decoding=\"async\" width=\"1024\" height=\"683\" src=\"https:\/\/marcali.plebania.hu\/wp-content\/uploads\/2021\/11\/01-1024x683.jpg\" alt=\"\" data-id=\"2973\" data-full-url=\"https:\/\/marcali.plebania.hu\/wp-content\/uploads\/2021\/11\/01-scaled.jpg\" data-link=\"https:\/\/marcali.plebania.hu\/?attachment_id=2973\" class=\"wp-image-2973\" srcset=\"https:\/\/marcali.plebania.hu\/wp-content\/uploads\/2021\/11\/01-1024x683.jpg 1024w, https:\/\/marcali.plebania.hu\/wp-content\/uploads\/2021\/11\/01-300x200.jpg 300w, https:\/\/marcali.plebania.hu\/wp-content\/uploads\/2021\/11\/01-768x512.jpg 768w, https:\/\/marcali.plebania.hu\/wp-content\/uploads\/2021\/11\/01-1536x1024.jpg 1536w, https:\/\/marcali.plebania.hu\/wp-content\/uploads\/2021\/11\/01-2048x1365.jpg 2048w, https:\/\/marcali.plebania.hu\/wp-content\/uploads\/2021\/11\/01-405x270.jpg 405w\" sizes=\"auto, (max-width: 1024px) 100vw, 1024px\" \/><\/figure><\/li><li class=\"blocks-gallery-item\"><figure><img loading=\"lazy\" decoding=\"async\" width=\"1024\" height=\"683\" src=\"https:\/\/marcali.plebania.hu\/wp-content\/uploads\/2021\/11\/02-1024x683.jpg\" alt=\"\" data-id=\"2974\" data-full-url=\"https:\/\/marcali.plebania.hu\/wp-content\/uploads\/2021\/11\/02-scaled.jpg\" data-link=\"https:\/\/marcali.plebania.hu\/?attachment_id=2974\" class=\"wp-image-2974\" srcset=\"https:\/\/marcali.plebania.hu\/wp-content\/uploads\/2021\/11\/02-1024x683.jpg 1024w, https:\/\/marcali.plebania.hu\/wp-content\/uploads\/2021\/11\/02-300x200.jpg 300w, https:\/\/marcali.plebania.hu\/wp-content\/uploads\/2021\/11\/02-768x512.jpg 768w, https:\/\/marcali.plebania.hu\/wp-content\/uploads\/2021\/11\/02-1536x1024.jpg 1536w, https:\/\/marcali.plebania.hu\/wp-content\/uploads\/2021\/11\/02-2048x1365.jpg 2048w, https:\/\/marcali.plebania.hu\/wp-content\/uploads\/2021\/11\/02-405x270.jpg 405w\" sizes=\"auto, (max-width: 1024px) 100vw, 1024px\" \/><\/figure><\/li><li class=\"blocks-gallery-item\"><figure><img loading=\"lazy\" decoding=\"async\" width=\"1024\" height=\"683\" src=\"https:\/\/marcali.plebania.hu\/wp-content\/uploads\/2021\/11\/03-1-1024x683.jpg\" alt=\"\" data-id=\"2975\" data-full-url=\"https:\/\/marcali.plebania.hu\/wp-content\/uploads\/2021\/11\/03-1-scaled.jpg\" data-link=\"https:\/\/marcali.plebania.hu\/?attachment_id=2975\" class=\"wp-image-2975\" srcset=\"https:\/\/marcali.plebania.hu\/wp-content\/uploads\/2021\/11\/03-1-1024x683.jpg 1024w, https:\/\/marcali.plebania.hu\/wp-content\/uploads\/2021\/11\/03-1-300x200.jpg 300w, https:\/\/marcali.plebania.hu\/wp-content\/uploads\/2021\/11\/03-1-768x512.jpg 768w, https:\/\/marcali.plebania.hu\/wp-content\/uploads\/2021\/11\/03-1-1536x1024.jpg 1536w, https:\/\/marcali.plebania.hu\/wp-content\/uploads\/2021\/11\/03-1-2048x1365.jpg 2048w, https:\/\/marcali.plebania.hu\/wp-content\/uploads\/2021\/11\/03-1-405x270.jpg 405w\" sizes=\"auto, (max-width: 1024px) 100vw, 1024px\" \/><\/figure><\/li><li class=\"blocks-gallery-item\"><figure><img loading=\"lazy\" decoding=\"async\" width=\"1024\" height=\"683\" src=\"https:\/\/marcali.plebania.hu\/wp-content\/uploads\/2021\/11\/04-1-1024x683.jpg\" alt=\"\" data-id=\"2976\" data-full-url=\"https:\/\/marcali.plebania.hu\/wp-content\/uploads\/2021\/11\/04-1-scaled.jpg\" data-link=\"https:\/\/marcali.plebania.hu\/?attachment_id=2976\" class=\"wp-image-2976\" srcset=\"https:\/\/marcali.plebania.hu\/wp-content\/uploads\/2021\/11\/04-1-1024x683.jpg 1024w, https:\/\/marcali.plebania.hu\/wp-content\/uploads\/2021\/11\/04-1-300x200.jpg 300w, https:\/\/marcali.plebania.hu\/wp-content\/uploads\/2021\/11\/04-1-768x512.jpg 768w, https:\/\/marcali.plebania.hu\/wp-content\/uploads\/2021\/11\/04-1-1536x1024.jpg 1536w, https:\/\/marcali.plebania.hu\/wp-content\/uploads\/2021\/11\/04-1-2048x1365.jpg 2048w, https:\/\/marcali.plebania.hu\/wp-content\/uploads\/2021\/11\/04-1-405x270.jpg 405w\" sizes=\"auto, (max-width: 1024px) 100vw, 1024px\" \/><\/figure><\/li><\/ul><\/figure>\n\n\n\n<p>Az aktu\u00e1lis j\u00e1rv\u00e1ny\u00fcgyi int\u00e9zked\u00e9sek betart\u00e1s\u00e1val sz\u00e1jmaszkban k\u00f6rmenetileg vonult be a koron\u00e1val, kenyerekkel \u00e9s r\u00f3zs\u00e1kkal a ministr\u00e1ns, illetve hittanos gyermekek, valamint a helyi Karit\u00e1sz Csoport aktivist\u00e1inak k\u00eds\u00e9ret\u00e9vel Kiss Iv\u00e1n c. pr\u00e9post, pl\u00e9b\u00e1nos \u00far a templomba. Majd az \u201eadom\u00e1nyok\u201d elhelyez\u00e9se ut\u00e1n T\u00f3th Eszter \u00c1gnes gimnazista elmondta Tam\u00e1s Istv\u00e1n: Szent Erzs\u00e9bet c\u00edm\u0171 vers\u00e9t.<\/p>\n\n\n\n<figure class=\"wp-block-gallery columns-3 is-cropped wp-block-gallery-2 is-layout-flex wp-block-gallery-is-layout-flex\"><ul class=\"blocks-gallery-grid\"><li class=\"blocks-gallery-item\"><figure><img loading=\"lazy\" decoding=\"async\" width=\"1024\" height=\"683\" src=\"https:\/\/marcali.plebania.hu\/wp-content\/uploads\/2021\/11\/07-1-1024x683.jpg\" alt=\"\" data-id=\"2977\" data-link=\"https:\/\/marcali.plebania.hu\/?attachment_id=2977\" class=\"wp-image-2977\" srcset=\"https:\/\/marcali.plebania.hu\/wp-content\/uploads\/2021\/11\/07-1-1024x683.jpg 1024w, https:\/\/marcali.plebania.hu\/wp-content\/uploads\/2021\/11\/07-1-300x200.jpg 300w, https:\/\/marcali.plebania.hu\/wp-content\/uploads\/2021\/11\/07-1-768x512.jpg 768w, https:\/\/marcali.plebania.hu\/wp-content\/uploads\/2021\/11\/07-1-1536x1024.jpg 1536w, https:\/\/marcali.plebania.hu\/wp-content\/uploads\/2021\/11\/07-1-2048x1365.jpg 2048w, https:\/\/marcali.plebania.hu\/wp-content\/uploads\/2021\/11\/07-1-405x270.jpg 405w\" sizes=\"auto, (max-width: 1024px) 100vw, 1024px\" \/><\/figure><\/li><li class=\"blocks-gallery-item\"><figure><img loading=\"lazy\" decoding=\"async\" width=\"1024\" height=\"683\" src=\"https:\/\/marcali.plebania.hu\/wp-content\/uploads\/2021\/11\/10-1024x683.jpg\" alt=\"\" data-id=\"2978\" data-link=\"https:\/\/marcali.plebania.hu\/?attachment_id=2978\" class=\"wp-image-2978\" srcset=\"https:\/\/marcali.plebania.hu\/wp-content\/uploads\/2021\/11\/10-1024x683.jpg 1024w, https:\/\/marcali.plebania.hu\/wp-content\/uploads\/2021\/11\/10-300x200.jpg 300w, https:\/\/marcali.plebania.hu\/wp-content\/uploads\/2021\/11\/10-768x512.jpg 768w, https:\/\/marcali.plebania.hu\/wp-content\/uploads\/2021\/11\/10-1536x1024.jpg 1536w, https:\/\/marcali.plebania.hu\/wp-content\/uploads\/2021\/11\/10-2048x1365.jpg 2048w, https:\/\/marcali.plebania.hu\/wp-content\/uploads\/2021\/11\/10-405x270.jpg 405w\" sizes=\"auto, (max-width: 1024px) 100vw, 1024px\" \/><\/figure><\/li><li class=\"blocks-gallery-item\"><figure><img loading=\"lazy\" decoding=\"async\" width=\"1024\" height=\"683\" src=\"https:\/\/marcali.plebania.hu\/wp-content\/uploads\/2021\/11\/14-1024x683.jpg\" alt=\"\" data-id=\"2979\" data-link=\"https:\/\/marcali.plebania.hu\/?attachment_id=2979\" class=\"wp-image-2979\" srcset=\"https:\/\/marcali.plebania.hu\/wp-content\/uploads\/2021\/11\/14-1024x683.jpg 1024w, https:\/\/marcali.plebania.hu\/wp-content\/uploads\/2021\/11\/14-300x200.jpg 300w, https:\/\/marcali.plebania.hu\/wp-content\/uploads\/2021\/11\/14-768x512.jpg 768w, https:\/\/marcali.plebania.hu\/wp-content\/uploads\/2021\/11\/14-1536x1024.jpg 1536w, https:\/\/marcali.plebania.hu\/wp-content\/uploads\/2021\/11\/14-2048x1365.jpg 2048w, https:\/\/marcali.plebania.hu\/wp-content\/uploads\/2021\/11\/14-405x270.jpg 405w\" sizes=\"auto, (max-width: 1024px) 100vw, 1024px\" \/><\/figure><\/li><li class=\"blocks-gallery-item\"><figure><img loading=\"lazy\" decoding=\"async\" width=\"1024\" height=\"683\" src=\"https:\/\/marcali.plebania.hu\/wp-content\/uploads\/2021\/11\/16-1024x683.jpg\" alt=\"\" data-id=\"2980\" data-full-url=\"https:\/\/marcali.plebania.hu\/wp-content\/uploads\/2021\/11\/16-scaled.jpg\" data-link=\"https:\/\/marcali.plebania.hu\/?attachment_id=2980\" class=\"wp-image-2980\" srcset=\"https:\/\/marcali.plebania.hu\/wp-content\/uploads\/2021\/11\/16-1024x683.jpg 1024w, https:\/\/marcali.plebania.hu\/wp-content\/uploads\/2021\/11\/16-300x200.jpg 300w, https:\/\/marcali.plebania.hu\/wp-content\/uploads\/2021\/11\/16-768x512.jpg 768w, https:\/\/marcali.plebania.hu\/wp-content\/uploads\/2021\/11\/16-1536x1024.jpg 1536w, https:\/\/marcali.plebania.hu\/wp-content\/uploads\/2021\/11\/16-2048x1365.jpg 2048w, https:\/\/marcali.plebania.hu\/wp-content\/uploads\/2021\/11\/16-405x270.jpg 405w\" sizes=\"auto, (max-width: 1024px) 100vw, 1024px\" \/><\/figure><\/li><\/ul><\/figure>\n\n\n\n<p>Az \u00fcnnepi istentiszteleten Iv\u00e1n atya felolvasta a Magyar Katolikus P\u00fcsp\u00f6ki Konferencia (MKPK) k\u00f6rlevel\u00e9t, melyben Szent Erzs\u00e9bet p\u00e9ld\u00e1j\u00e1t id\u00e9zik, aki az \u00f6nfel\u00e1ldoz\u00f3 \u00e9let\u00e9t a szeg\u00e9nyek, a r\u00e1szorul\u00f3k seg\u00edt\u00e9s\u00e9nek szentelte, \u00e9s m\u00e9g az esk\u00fcv\u0151i \u00e9teleinek egy r\u00e9sz\u00e9t is a szeg\u00e9nyeknek adta. \u00c9ppen ez\u00e9rt, ezen a napon az orsz\u00e1g valamennyi katolikus templom\u00e1ban \u2013 mint minden \u00e9vben \u2013 a szeg\u00e9nyek jav\u00e1ra gy\u0171jtik az adom\u00e1nyokat a Karit\u00e1sz aktivist\u00e1k, melyekb\u0151l azt\u00e1n a kar\u00e1csonyi \u00fcnnepre k\u00e9sz\u00edtenek a r\u00e1szorul\u00f3k jav\u00e1ra aj\u00e1nd\u00e9kcsomagokat.<\/p>\n\n\n\n<figure class=\"wp-block-gallery columns-3 is-cropped wp-block-gallery-3 is-layout-flex wp-block-gallery-is-layout-flex\"><ul class=\"blocks-gallery-grid\"><li class=\"blocks-gallery-item\"><figure><img loading=\"lazy\" decoding=\"async\" width=\"1024\" height=\"683\" src=\"https:\/\/marcali.plebania.hu\/wp-content\/uploads\/2021\/11\/17-1024x683.jpg\" alt=\"\" data-id=\"2981\" data-link=\"https:\/\/marcali.plebania.hu\/?attachment_id=2981\" class=\"wp-image-2981\" srcset=\"https:\/\/marcali.plebania.hu\/wp-content\/uploads\/2021\/11\/17-1024x683.jpg 1024w, https:\/\/marcali.plebania.hu\/wp-content\/uploads\/2021\/11\/17-300x200.jpg 300w, https:\/\/marcali.plebania.hu\/wp-content\/uploads\/2021\/11\/17-768x512.jpg 768w, https:\/\/marcali.plebania.hu\/wp-content\/uploads\/2021\/11\/17-1536x1024.jpg 1536w, https:\/\/marcali.plebania.hu\/wp-content\/uploads\/2021\/11\/17-2048x1365.jpg 2048w, https:\/\/marcali.plebania.hu\/wp-content\/uploads\/2021\/11\/17-405x270.jpg 405w\" sizes=\"auto, (max-width: 1024px) 100vw, 1024px\" \/><\/figure><\/li><li class=\"blocks-gallery-item\"><figure><img loading=\"lazy\" decoding=\"async\" width=\"1024\" height=\"683\" src=\"https:\/\/marcali.plebania.hu\/wp-content\/uploads\/2021\/11\/18-1024x683.jpg\" alt=\"\" data-id=\"2982\" data-link=\"https:\/\/marcali.plebania.hu\/?attachment_id=2982\" class=\"wp-image-2982\" srcset=\"https:\/\/marcali.plebania.hu\/wp-content\/uploads\/2021\/11\/18-1024x683.jpg 1024w, https:\/\/marcali.plebania.hu\/wp-content\/uploads\/2021\/11\/18-300x200.jpg 300w, https:\/\/marcali.plebania.hu\/wp-content\/uploads\/2021\/11\/18-768x512.jpg 768w, https:\/\/marcali.plebania.hu\/wp-content\/uploads\/2021\/11\/18-1536x1024.jpg 1536w, https:\/\/marcali.plebania.hu\/wp-content\/uploads\/2021\/11\/18-2048x1365.jpg 2048w, https:\/\/marcali.plebania.hu\/wp-content\/uploads\/2021\/11\/18-405x270.jpg 405w\" sizes=\"auto, (max-width: 1024px) 100vw, 1024px\" \/><\/figure><\/li><li class=\"blocks-gallery-item\"><figure><img loading=\"lazy\" decoding=\"async\" width=\"1024\" height=\"683\" src=\"https:\/\/marcali.plebania.hu\/wp-content\/uploads\/2021\/11\/19-1024x683.jpg\" alt=\"\" data-id=\"2983\" data-link=\"https:\/\/marcali.plebania.hu\/?attachment_id=2983\" class=\"wp-image-2983\" srcset=\"https:\/\/marcali.plebania.hu\/wp-content\/uploads\/2021\/11\/19-1024x683.jpg 1024w, https:\/\/marcali.plebania.hu\/wp-content\/uploads\/2021\/11\/19-300x200.jpg 300w, https:\/\/marcali.plebania.hu\/wp-content\/uploads\/2021\/11\/19-768x512.jpg 768w, https:\/\/marcali.plebania.hu\/wp-content\/uploads\/2021\/11\/19-1536x1024.jpg 1536w, https:\/\/marcali.plebania.hu\/wp-content\/uploads\/2021\/11\/19-2048x1365.jpg 2048w, https:\/\/marcali.plebania.hu\/wp-content\/uploads\/2021\/11\/19-405x270.jpg 405w\" sizes=\"auto, (max-width: 1024px) 100vw, 1024px\" \/><\/figure><\/li><li class=\"blocks-gallery-item\"><figure><img loading=\"lazy\" decoding=\"async\" width=\"1024\" height=\"683\" src=\"https:\/\/marcali.plebania.hu\/wp-content\/uploads\/2021\/11\/24-1024x683.jpg\" alt=\"\" data-id=\"2984\" data-full-url=\"https:\/\/marcali.plebania.hu\/wp-content\/uploads\/2021\/11\/24-scaled.jpg\" data-link=\"https:\/\/marcali.plebania.hu\/?attachment_id=2984\" class=\"wp-image-2984\" srcset=\"https:\/\/marcali.plebania.hu\/wp-content\/uploads\/2021\/11\/24-1024x683.jpg 1024w, https:\/\/marcali.plebania.hu\/wp-content\/uploads\/2021\/11\/24-300x200.jpg 300w, https:\/\/marcali.plebania.hu\/wp-content\/uploads\/2021\/11\/24-768x512.jpg 768w, https:\/\/marcali.plebania.hu\/wp-content\/uploads\/2021\/11\/24-1536x1024.jpg 1536w, https:\/\/marcali.plebania.hu\/wp-content\/uploads\/2021\/11\/24-2048x1365.jpg 2048w, https:\/\/marcali.plebania.hu\/wp-content\/uploads\/2021\/11\/24-405x270.jpg 405w\" sizes=\"auto, (max-width: 1024px) 100vw, 1024px\" \/><\/figure><\/li><\/ul><\/figure>\n\n\n\n<p>A\nszentmis\u00e9n k\u00f6zrem\u0171k\u00f6d\u00f6tt a F\u00e9ny Gyermekei Katolikus Zenekar \u00e9s orgon\u00e1val Balogh\nB\u00e1lint k\u00e1ntor.<\/p>\n\n\n\n<p>Krisztus Kir\u00e1ly \u00fcnnepe egyben az egyh\u00e1zi \u00e9v utols\u00f3 vas\u00e1rnapja. A k\u00f6vetkez\u0151 vas\u00e1rnapt\u00f3l m\u00e1r megkezd\u0151dik az \u00e1dvent id\u0151szaka. Iv\u00e1n atya kihirdette, hogy j\u00f6v\u0151 p\u00e9nteken 9 \u00f3rakor kezdik meg a szabadt\u00e9ri \u00e1dventi koszor\u00fa elk\u00e9sz\u00edt\u00e9s\u00e9t a pl\u00e9b\u00e1niatemplom el\u0151tt, melyhez seg\u00edts\u00e9get k\u00e9rt a h\u00edvekt\u0151l. Az \u00e1dventi gyertyagy\u00fajt\u00e1sokat \u2013 az eddigi hagyom\u00e1nyok folyom\u00e1nyak\u00e9nt \u2013 szombat est\u00e9nk\u00e9nt 17 \u00f3rakor tartj\u00e1k az iskol\u00e1k \u00e9s a di\u00e1kok k\u00f6zrem\u0171k\u00f6d\u00e9s\u00e9vel.<\/p>\n\n\n\n<figure class=\"wp-block-gallery columns-3 is-cropped wp-block-gallery-4 is-layout-flex wp-block-gallery-is-layout-flex\"><ul class=\"blocks-gallery-grid\"><li class=\"blocks-gallery-item\"><figure><img loading=\"lazy\" decoding=\"async\" width=\"1024\" height=\"683\" src=\"https:\/\/marcali.plebania.hu\/wp-content\/uploads\/2021\/11\/21-1-1024x683.jpg\" alt=\"\" data-id=\"2985\" data-link=\"https:\/\/marcali.plebania.hu\/?attachment_id=2985\" class=\"wp-image-2985\" srcset=\"https:\/\/marcali.plebania.hu\/wp-content\/uploads\/2021\/11\/21-1-1024x683.jpg 1024w, https:\/\/marcali.plebania.hu\/wp-content\/uploads\/2021\/11\/21-1-300x200.jpg 300w, https:\/\/marcali.plebania.hu\/wp-content\/uploads\/2021\/11\/21-1-768x512.jpg 768w, https:\/\/marcali.plebania.hu\/wp-content\/uploads\/2021\/11\/21-1-1536x1024.jpg 1536w, https:\/\/marcali.plebania.hu\/wp-content\/uploads\/2021\/11\/21-1-2048x1365.jpg 2048w, https:\/\/marcali.plebania.hu\/wp-content\/uploads\/2021\/11\/21-1-405x270.jpg 405w\" sizes=\"auto, (max-width: 1024px) 100vw, 1024px\" \/><\/figure><\/li><li class=\"blocks-gallery-item\"><figure><img loading=\"lazy\" decoding=\"async\" width=\"1024\" height=\"683\" src=\"https:\/\/marcali.plebania.hu\/wp-content\/uploads\/2021\/11\/25-1024x683.jpg\" alt=\"\" data-id=\"2987\" data-link=\"https:\/\/marcali.plebania.hu\/?attachment_id=2987\" class=\"wp-image-2987\" srcset=\"https:\/\/marcali.plebania.hu\/wp-content\/uploads\/2021\/11\/25-1024x683.jpg 1024w, https:\/\/marcali.plebania.hu\/wp-content\/uploads\/2021\/11\/25-300x200.jpg 300w, https:\/\/marcali.plebania.hu\/wp-content\/uploads\/2021\/11\/25-768x512.jpg 768w, https:\/\/marcali.plebania.hu\/wp-content\/uploads\/2021\/11\/25-1536x1024.jpg 1536w, https:\/\/marcali.plebania.hu\/wp-content\/uploads\/2021\/11\/25-2048x1365.jpg 2048w, https:\/\/marcali.plebania.hu\/wp-content\/uploads\/2021\/11\/25-405x270.jpg 405w\" sizes=\"auto, (max-width: 1024px) 100vw, 1024px\" \/><\/figure><\/li><li class=\"blocks-gallery-item\"><figure><img loading=\"lazy\" decoding=\"async\" width=\"1024\" height=\"683\" src=\"https:\/\/marcali.plebania.hu\/wp-content\/uploads\/2021\/11\/26-1024x683.jpg\" alt=\"\" data-id=\"2988\" data-link=\"https:\/\/marcali.plebania.hu\/?attachment_id=2988\" class=\"wp-image-2988\" srcset=\"https:\/\/marcali.plebania.hu\/wp-content\/uploads\/2021\/11\/26-1024x683.jpg 1024w, https:\/\/marcali.plebania.hu\/wp-content\/uploads\/2021\/11\/26-300x200.jpg 300w, https:\/\/marcali.plebania.hu\/wp-content\/uploads\/2021\/11\/26-768x512.jpg 768w, https:\/\/marcali.plebania.hu\/wp-content\/uploads\/2021\/11\/26-1536x1024.jpg 1536w, https:\/\/marcali.plebania.hu\/wp-content\/uploads\/2021\/11\/26-2048x1365.jpg 2048w, https:\/\/marcali.plebania.hu\/wp-content\/uploads\/2021\/11\/26-405x270.jpg 405w\" sizes=\"auto, (max-width: 1024px) 100vw, 1024px\" \/><\/figure><\/li><li class=\"blocks-gallery-item\"><figure><img loading=\"lazy\" decoding=\"async\" width=\"1024\" height=\"683\" src=\"https:\/\/marcali.plebania.hu\/wp-content\/uploads\/2021\/11\/27-1024x683.jpg\" alt=\"\" data-id=\"2989\" data-full-url=\"https:\/\/marcali.plebania.hu\/wp-content\/uploads\/2021\/11\/27-scaled.jpg\" data-link=\"https:\/\/marcali.plebania.hu\/?attachment_id=2989\" class=\"wp-image-2989\" srcset=\"https:\/\/marcali.plebania.hu\/wp-content\/uploads\/2021\/11\/27-1024x683.jpg 1024w, https:\/\/marcali.plebania.hu\/wp-content\/uploads\/2021\/11\/27-300x200.jpg 300w, https:\/\/marcali.plebania.hu\/wp-content\/uploads\/2021\/11\/27-768x512.jpg 768w, https:\/\/marcali.plebania.hu\/wp-content\/uploads\/2021\/11\/27-1536x1024.jpg 1536w, https:\/\/marcali.plebania.hu\/wp-content\/uploads\/2021\/11\/27-2048x1365.jpg 2048w, https:\/\/marcali.plebania.hu\/wp-content\/uploads\/2021\/11\/27-405x270.jpg 405w\" sizes=\"auto, (max-width: 1024px) 100vw, 1024px\" \/><\/figure><\/li><\/ul><\/figure>\n\n\n\n<p>A szentmise v\u00e9g\u00e9n, n\u00e9vnapja alkalm\u00e1b\u00f3l Kir\u00e1ly Jen\u0151 templomaty\u00e1t is k\u00f6sz\u00f6nt\u00f6tt\u00e9k \u00e1roni \u00e1ld\u00e1ssal, k\u00f6nyvvel \u00e9s r\u00f3zs\u00e1val. A karit\u00e1sz aktivist\u00e1k pedig, S\u00e1voly Andrea vezet\u00e9s\u00e9vel ezt k\u00f6vet\u0151en osztottak ki 30 kenyeret a r\u00e1szorul\u00f3knak, illetve a nap folyam\u00e1n juttatnak el a v\u00e1rosban \u00e9l\u0151 id\u0151s, beteg embert\u00e1rsaiknak.<\/p>\n\n\n\n<figure class=\"wp-block-gallery columns-3 is-cropped wp-block-gallery-5 is-layout-flex wp-block-gallery-is-layout-flex\"><ul class=\"blocks-gallery-grid\"><li class=\"blocks-gallery-item\"><figure><img loading=\"lazy\" decoding=\"async\" width=\"1024\" height=\"683\" src=\"https:\/\/marcali.plebania.hu\/wp-content\/uploads\/2021\/11\/29-1024x683.jpg\" alt=\"\" data-id=\"2990\" data-link=\"https:\/\/marcali.plebania.hu\/?attachment_id=2990\" class=\"wp-image-2990\" srcset=\"https:\/\/marcali.plebania.hu\/wp-content\/uploads\/2021\/11\/29-1024x683.jpg 1024w, https:\/\/marcali.plebania.hu\/wp-content\/uploads\/2021\/11\/29-300x200.jpg 300w, https:\/\/marcali.plebania.hu\/wp-content\/uploads\/2021\/11\/29-768x512.jpg 768w, https:\/\/marcali.plebania.hu\/wp-content\/uploads\/2021\/11\/29-1536x1024.jpg 1536w, https:\/\/marcali.plebania.hu\/wp-content\/uploads\/2021\/11\/29-2048x1365.jpg 2048w, https:\/\/marcali.plebania.hu\/wp-content\/uploads\/2021\/11\/29-405x270.jpg 405w\" sizes=\"auto, (max-width: 1024px) 100vw, 1024px\" \/><\/figure><\/li><li class=\"blocks-gallery-item\"><figure><img loading=\"lazy\" decoding=\"async\" width=\"1024\" height=\"683\" src=\"https:\/\/marcali.plebania.hu\/wp-content\/uploads\/2021\/11\/30-1024x683.jpg\" alt=\"\" data-id=\"2991\" data-link=\"https:\/\/marcali.plebania.hu\/?attachment_id=2991\" class=\"wp-image-2991\" srcset=\"https:\/\/marcali.plebania.hu\/wp-content\/uploads\/2021\/11\/30-1024x683.jpg 1024w, https:\/\/marcali.plebania.hu\/wp-content\/uploads\/2021\/11\/30-300x200.jpg 300w, https:\/\/marcali.plebania.hu\/wp-content\/uploads\/2021\/11\/30-768x512.jpg 768w, https:\/\/marcali.plebania.hu\/wp-content\/uploads\/2021\/11\/30-1536x1024.jpg 1536w, https:\/\/marcali.plebania.hu\/wp-content\/uploads\/2021\/11\/30-2048x1365.jpg 2048w, https:\/\/marcali.plebania.hu\/wp-content\/uploads\/2021\/11\/30-405x270.jpg 405w\" sizes=\"auto, (max-width: 1024px) 100vw, 1024px\" \/><\/figure><\/li><li class=\"blocks-gallery-item\"><figure><img loading=\"lazy\" decoding=\"async\" width=\"1024\" height=\"683\" src=\"https:\/\/marcali.plebania.hu\/wp-content\/uploads\/2021\/11\/32-1024x683.jpg\" alt=\"\" data-id=\"2992\" data-link=\"https:\/\/marcali.plebania.hu\/?attachment_id=2992\" class=\"wp-image-2992\" srcset=\"https:\/\/marcali.plebania.hu\/wp-content\/uploads\/2021\/11\/32-1024x683.jpg 1024w, https:\/\/marcali.plebania.hu\/wp-content\/uploads\/2021\/11\/32-300x200.jpg 300w, https:\/\/marcali.plebania.hu\/wp-content\/uploads\/2021\/11\/32-768x512.jpg 768w, https:\/\/marcali.plebania.hu\/wp-content\/uploads\/2021\/11\/32-1536x1024.jpg 1536w, https:\/\/marcali.plebania.hu\/wp-content\/uploads\/2021\/11\/32-2048x1365.jpg 2048w, https:\/\/marcali.plebania.hu\/wp-content\/uploads\/2021\/11\/32-405x270.jpg 405w\" sizes=\"auto, (max-width: 1024px) 100vw, 1024px\" \/><\/figure><\/li><li class=\"blocks-gallery-item\"><figure><img loading=\"lazy\" decoding=\"async\" width=\"1024\" height=\"683\" src=\"https:\/\/marcali.plebania.hu\/wp-content\/uploads\/2021\/11\/34-1-1024x683.jpg\" alt=\"\" data-id=\"2993\" data-full-url=\"https:\/\/marcali.plebania.hu\/wp-content\/uploads\/2021\/11\/34-1-scaled.jpg\" data-link=\"https:\/\/marcali.plebania.hu\/?attachment_id=2993\" class=\"wp-image-2993\" srcset=\"https:\/\/marcali.plebania.hu\/wp-content\/uploads\/2021\/11\/34-1-1024x683.jpg 1024w, https:\/\/marcali.plebania.hu\/wp-content\/uploads\/2021\/11\/34-1-300x200.jpg 300w, https:\/\/marcali.plebania.hu\/wp-content\/uploads\/2021\/11\/34-1-768x512.jpg 768w, https:\/\/marcali.plebania.hu\/wp-content\/uploads\/2021\/11\/34-1-1536x1024.jpg 1536w, https:\/\/marcali.plebania.hu\/wp-content\/uploads\/2021\/11\/34-1-2048x1365.jpg 2048w, https:\/\/marcali.plebania.hu\/wp-content\/uploads\/2021\/11\/34-1-405x270.jpg 405w\" sizes=\"auto, (max-width: 1024px) 100vw, 1024px\" \/><\/figure><\/li><\/ul><\/figure>\n","protected":false},"excerpt":{"rendered":"<p>2021. november 21-\u00e9n, vas\u00e1rnap a 9 \u00f3r\u00e1s szentmis\u00e9n Krisztus, a mindens\u00e9g kir\u00e1ly\u00e1nak \u00fcnnep\u00e9n eml\u00e9keztek meg Szent Erzs\u00e9betr\u0151l is, a szeg\u00e9nyek v\u00e9d\u0151szentj\u00e9r\u0151l a Marcali Gy\u00fcm\u00f6lcsolt\u00f3 Boldogasszony pl\u00e9b\u00e1niatemplomban. Az aktu\u00e1lis j\u00e1rv\u00e1ny\u00fcgyi int\u00e9zked\u00e9sek betart\u00e1s\u00e1val sz\u00e1jmaszkban k\u00f6rmenetileg vonult be a koron\u00e1val, kenyerekkel \u00e9s r\u00f3zs\u00e1kkal a ministr\u00e1ns, illetve hittanos gyermekek, valamint a helyi Karit\u00e1sz Csoport aktivist\u00e1inak k\u00eds\u00e9ret\u00e9vel Kiss Iv\u00e1n c. pr\u00e9post, pl\u00e9b\u00e1nos \u00far a templomba. Majd az \u201eadom\u00e1nyok\u201d elhelyez\u00e9se ut\u00e1n T\u00f3th Eszter \u00c1gnes gimnazista elmondta Tam\u00e1s Istv\u00e1n: Szent Erzs\u00e9bet c\u00edm\u0171 vers\u00e9t. Az \u00fcnnepi istentiszteleten Iv\u00e1n&#8230;<\/p>\n<p class=\"read-more\"><a class=\"btn btn-default\" href=\"https:\/\/marcali.plebania.hu\/?p=2972\"> Read More<span class=\"screen-reader-text\">  Read More<\/span><\/a><\/p>\n","protected":false},"author":2,"featured_media":0,"comment_status":"closed","ping_status":"open","sticky":false,"template":"","format":"standard","meta":{"footnotes":""},"categories":[1],"tags":[],"class_list":["post-2972","post","type-post","status-publish","format-standard","hentry","category-egyeb"],"_links":{"self":[{"href":"https:\/\/marcali.plebania.hu\/index.php?rest_route=\/wp\/v2\/posts\/2972","targetHints":{"allow":["GET"]}}],"collection":[{"href":"https:\/\/marcali.plebania.hu\/index.php?rest_route=\/wp\/v2\/posts"}],"about":[{"href":"https:\/\/marcali.plebania.hu\/index.php?rest_route=\/wp\/v2\/types\/post"}],"author":[{"embeddable":true,"href":"https:\/\/marcali.plebania.hu\/index.php?rest_route=\/wp\/v2\/users\/2"}],"replies":[{"embeddable":true,"href":"https:\/\/marcali.plebania.hu\/index.php?rest_route=%2Fwp%2Fv2%2Fcomments&post=2972"}],"version-history":[{"count":1,"href":"https:\/\/marcali.plebania.hu\/index.php?rest_route=\/wp\/v2\/posts\/2972\/revisions"}],"predecessor-version":[{"id":2994,"href":"https:\/\/marcali.plebania.hu\/index.php?rest_route=\/wp\/v2\/posts\/2972\/revisions\/2994"}],"wp:attachment":[{"href":"https:\/\/marcali.plebania.hu\/index.php?rest_route=%2Fwp%2Fv2%2Fmedia&parent=2972"}],"wp:term":[{"taxonomy":"category","embeddable":true,"href":"https:\/\/marcali.plebania.hu\/index.php?rest_route=%2Fwp%2Fv2%2Fcategories&post=2972"},{"taxonomy":"post_tag","embeddable":true,"href":"https:\/\/marcali.plebania.hu\/index.php?rest_route=%2Fwp%2Fv2%2Ftags&post=2972"}],"curies":[{"name":"wp","href":"https:\/\/api.w.org\/{rel}","templated":true}]}}