{"id":2995,"date":"2021-11-26T10:01:24","date_gmt":"2021-11-26T10:01:24","guid":{"rendered":"https:\/\/marcali.plebania.hu\/?p=2995"},"modified":"2021-11-26T10:01:24","modified_gmt":"2021-11-26T10:01:24","slug":"megkezdodott-a-kulteri-adventi-koszoru-epitese","status":"publish","type":"post","link":"https:\/\/marcali.plebania.hu\/?p=2995","title":{"rendered":"Megkezd\u0151d\u00f6tt a k\u00fclt\u00e9ri \u00e1dventi koszor\u00fa \u00e9p\u00edt\u00e9se"},"content":{"rendered":"\n<p>Az eredetileg 2021. november 26-ra, p\u00e9ntekre tervezett k\u00fclt\u00e9ri \u00e1dventi koszor\u00fa \u00e9p\u00edt\u00e9s\u00e9t, a v\u00e1rhat\u00f3 es\u0151 miatt egy nappal el\u0151rehozt\u00e1k. Cs\u00fct\u00f6rt\u00f6k\u00f6n d\u00e9lel\u0151tt, Kir\u00e1ly Jen\u0151 templomatya \u00e9s Gelencs\u00e9r R\u00f3bert vil\u00e1gi eln\u00f6k vezet\u00e9s\u00e9vel, az egyh\u00e1zk\u00f6zs\u00e9g f\u00e9rfi tagjai, rutinosan \u00e9s gyorsan \u00f6ssze\u00e1ll\u00edtott\u00e1k a v\u00e1zszerkezetet. A d\u00e9lut\u00e1n folyam\u00e1n pedig a d\u00edsz\u00edt\u00e9st fogj\u00e1k elv\u00e9gezni T\u00f3th P\u00e9ter ir\u00e1ny\u00edt\u00e1s\u00e1val, hogy szombatra, az esti gyertyagy\u00fajt\u00e1sra minden k\u00e9szen legyen.<\/p>\n\n\n\n<figure class=\"wp-block-gallery columns-3 is-cropped wp-block-gallery-1 is-layout-flex wp-block-gallery-is-layout-flex\"><ul class=\"blocks-gallery-grid\"><li class=\"blocks-gallery-item\"><figure><img loading=\"lazy\" decoding=\"async\" width=\"1024\" height=\"768\" src=\"https:\/\/marcali.plebania.hu\/wp-content\/uploads\/2021\/11\/IMG_1269-1024x768.jpg\" alt=\"\" data-id=\"2996\" data-link=\"https:\/\/marcali.plebania.hu\/?attachment_id=2996\" class=\"wp-image-2996\" srcset=\"https:\/\/marcali.plebania.hu\/wp-content\/uploads\/2021\/11\/IMG_1269-1024x768.jpg 1024w, https:\/\/marcali.plebania.hu\/wp-content\/uploads\/2021\/11\/IMG_1269-300x225.jpg 300w, https:\/\/marcali.plebania.hu\/wp-content\/uploads\/2021\/11\/IMG_1269-768x576.jpg 768w, https:\/\/marcali.plebania.hu\/wp-content\/uploads\/2021\/11\/IMG_1269-1536x1152.jpg 1536w, https:\/\/marcali.plebania.hu\/wp-content\/uploads\/2021\/11\/IMG_1269-360x270.jpg 360w, https:\/\/marcali.plebania.hu\/wp-content\/uploads\/2021\/11\/IMG_1269.jpg 1632w\" sizes=\"auto, (max-width: 1024px) 100vw, 1024px\" \/><\/figure><\/li><li class=\"blocks-gallery-item\"><figure><img loading=\"lazy\" decoding=\"async\" width=\"1024\" height=\"768\" src=\"https:\/\/marcali.plebania.hu\/wp-content\/uploads\/2021\/11\/IMG_1272-1024x768.jpg\" alt=\"\" data-id=\"2997\" data-link=\"https:\/\/marcali.plebania.hu\/?attachment_id=2997\" class=\"wp-image-2997\" srcset=\"https:\/\/marcali.plebania.hu\/wp-content\/uploads\/2021\/11\/IMG_1272-1024x768.jpg 1024w, https:\/\/marcali.plebania.hu\/wp-content\/uploads\/2021\/11\/IMG_1272-300x225.jpg 300w, https:\/\/marcali.plebania.hu\/wp-content\/uploads\/2021\/11\/IMG_1272-768x576.jpg 768w, https:\/\/marcali.plebania.hu\/wp-content\/uploads\/2021\/11\/IMG_1272-1536x1152.jpg 1536w, https:\/\/marcali.plebania.hu\/wp-content\/uploads\/2021\/11\/IMG_1272-360x270.jpg 360w, https:\/\/marcali.plebania.hu\/wp-content\/uploads\/2021\/11\/IMG_1272.jpg 1632w\" sizes=\"auto, (max-width: 1024px) 100vw, 1024px\" \/><\/figure><\/li><li class=\"blocks-gallery-item\"><figure><img loading=\"lazy\" decoding=\"async\" width=\"1024\" height=\"768\" src=\"https:\/\/marcali.plebania.hu\/wp-content\/uploads\/2021\/11\/IMG_1275-1024x768.jpg\" alt=\"\" data-id=\"2998\" data-link=\"https:\/\/marcali.plebania.hu\/?attachment_id=2998\" class=\"wp-image-2998\" srcset=\"https:\/\/marcali.plebania.hu\/wp-content\/uploads\/2021\/11\/IMG_1275-1024x768.jpg 1024w, https:\/\/marcali.plebania.hu\/wp-content\/uploads\/2021\/11\/IMG_1275-300x225.jpg 300w, https:\/\/marcali.plebania.hu\/wp-content\/uploads\/2021\/11\/IMG_1275-768x576.jpg 768w, https:\/\/marcali.plebania.hu\/wp-content\/uploads\/2021\/11\/IMG_1275-1536x1152.jpg 1536w, https:\/\/marcali.plebania.hu\/wp-content\/uploads\/2021\/11\/IMG_1275-360x270.jpg 360w, https:\/\/marcali.plebania.hu\/wp-content\/uploads\/2021\/11\/IMG_1275.jpg 1632w\" sizes=\"auto, (max-width: 1024px) 100vw, 1024px\" \/><\/figure><\/li><li class=\"blocks-gallery-item\"><figure><img loading=\"lazy\" decoding=\"async\" width=\"1024\" height=\"768\" src=\"https:\/\/marcali.plebania.hu\/wp-content\/uploads\/2021\/11\/IMG_1276-1024x768.jpg\" alt=\"\" data-id=\"2999\" data-full-url=\"https:\/\/marcali.plebania.hu\/wp-content\/uploads\/2021\/11\/IMG_1276.jpg\" data-link=\"https:\/\/marcali.plebania.hu\/?attachment_id=2999\" class=\"wp-image-2999\" srcset=\"https:\/\/marcali.plebania.hu\/wp-content\/uploads\/2021\/11\/IMG_1276-1024x768.jpg 1024w, https:\/\/marcali.plebania.hu\/wp-content\/uploads\/2021\/11\/IMG_1276-300x225.jpg 300w, https:\/\/marcali.plebania.hu\/wp-content\/uploads\/2021\/11\/IMG_1276-768x576.jpg 768w, https:\/\/marcali.plebania.hu\/wp-content\/uploads\/2021\/11\/IMG_1276-1536x1152.jpg 1536w, https:\/\/marcali.plebania.hu\/wp-content\/uploads\/2021\/11\/IMG_1276-360x270.jpg 360w, https:\/\/marcali.plebania.hu\/wp-content\/uploads\/2021\/11\/IMG_1276.jpg 1632w\" sizes=\"auto, (max-width: 1024px) 100vw, 1024px\" \/><\/figure><\/li><\/ul><\/figure>\n\n\n\n<p>Az \u00e1dventi gyertyagy\u00fajt\u00e1sok \u00e9s az \u00fcnnepi m\u0171sorok, az eddigi hagyom\u00e1nyok alapj\u00e1n, minden szombaton este 17 \u00f3rakor kezd\u0151dnek a Boldog II. J\u00e1nos P\u00e1l p\u00e1pa t\u00e9ren. Az els\u0151 gyerty\u00e1t dr. S\u00fct\u0151 L\u00e1szl\u00f3 polg\u00e1rmester fogja meggy\u00fajtani, k\u00f6zrem\u0171k\u00f6dnek a T\u00fcnd\u00e9rliget \u00d3voda gyermekei. Az \u00e1dventi gyertyagy\u00fajt\u00e1sokra \u00e9s az azt k\u00f6vet\u0151 szentmis\u00e9re mindenkit szeretettel h\u00edvnak \u00e9s v\u00e1rnak a szervez\u0151k.<\/p>\n\n\n\n<figure class=\"wp-block-gallery columns-3 is-cropped wp-block-gallery-2 is-layout-flex wp-block-gallery-is-layout-flex\"><ul class=\"blocks-gallery-grid\"><li class=\"blocks-gallery-item\"><figure><img loading=\"lazy\" decoding=\"async\" width=\"1024\" height=\"768\" src=\"https:\/\/marcali.plebania.hu\/wp-content\/uploads\/2021\/11\/IMG_1279-1024x768.jpg\" alt=\"\" data-id=\"3000\" data-link=\"https:\/\/marcali.plebania.hu\/?attachment_id=3000\" class=\"wp-image-3000\" srcset=\"https:\/\/marcali.plebania.hu\/wp-content\/uploads\/2021\/11\/IMG_1279-1024x768.jpg 1024w, https:\/\/marcali.plebania.hu\/wp-content\/uploads\/2021\/11\/IMG_1279-300x225.jpg 300w, https:\/\/marcali.plebania.hu\/wp-content\/uploads\/2021\/11\/IMG_1279-768x576.jpg 768w, https:\/\/marcali.plebania.hu\/wp-content\/uploads\/2021\/11\/IMG_1279-1536x1152.jpg 1536w, https:\/\/marcali.plebania.hu\/wp-content\/uploads\/2021\/11\/IMG_1279-360x270.jpg 360w, https:\/\/marcali.plebania.hu\/wp-content\/uploads\/2021\/11\/IMG_1279.jpg 1632w\" sizes=\"auto, (max-width: 1024px) 100vw, 1024px\" \/><\/figure><\/li><li class=\"blocks-gallery-item\"><figure><img loading=\"lazy\" decoding=\"async\" width=\"1024\" height=\"768\" src=\"https:\/\/marcali.plebania.hu\/wp-content\/uploads\/2021\/11\/IMG_1281-1024x768.jpg\" alt=\"\" data-id=\"3001\" data-link=\"https:\/\/marcali.plebania.hu\/?attachment_id=3001\" class=\"wp-image-3001\" srcset=\"https:\/\/marcali.plebania.hu\/wp-content\/uploads\/2021\/11\/IMG_1281-1024x768.jpg 1024w, https:\/\/marcali.plebania.hu\/wp-content\/uploads\/2021\/11\/IMG_1281-300x225.jpg 300w, https:\/\/marcali.plebania.hu\/wp-content\/uploads\/2021\/11\/IMG_1281-768x576.jpg 768w, https:\/\/marcali.plebania.hu\/wp-content\/uploads\/2021\/11\/IMG_1281-1536x1152.jpg 1536w, https:\/\/marcali.plebania.hu\/wp-content\/uploads\/2021\/11\/IMG_1281-360x270.jpg 360w, https:\/\/marcali.plebania.hu\/wp-content\/uploads\/2021\/11\/IMG_1281.jpg 1632w\" sizes=\"auto, (max-width: 1024px) 100vw, 1024px\" \/><\/figure><\/li><li class=\"blocks-gallery-item\"><figure><img loading=\"lazy\" decoding=\"async\" width=\"1024\" height=\"768\" src=\"https:\/\/marcali.plebania.hu\/wp-content\/uploads\/2021\/11\/IMG_1284-1024x768.jpg\" alt=\"\" data-id=\"3002\" data-link=\"https:\/\/marcali.plebania.hu\/?attachment_id=3002\" class=\"wp-image-3002\" srcset=\"https:\/\/marcali.plebania.hu\/wp-content\/uploads\/2021\/11\/IMG_1284-1024x768.jpg 1024w, https:\/\/marcali.plebania.hu\/wp-content\/uploads\/2021\/11\/IMG_1284-300x225.jpg 300w, https:\/\/marcali.plebania.hu\/wp-content\/uploads\/2021\/11\/IMG_1284-768x576.jpg 768w, https:\/\/marcali.plebania.hu\/wp-content\/uploads\/2021\/11\/IMG_1284-1536x1152.jpg 1536w, https:\/\/marcali.plebania.hu\/wp-content\/uploads\/2021\/11\/IMG_1284-360x270.jpg 360w, https:\/\/marcali.plebania.hu\/wp-content\/uploads\/2021\/11\/IMG_1284.jpg 1632w\" sizes=\"auto, (max-width: 1024px) 100vw, 1024px\" \/><\/figure><\/li><li class=\"blocks-gallery-item\"><figure><img loading=\"lazy\" decoding=\"async\" width=\"1024\" height=\"768\" src=\"https:\/\/marcali.plebania.hu\/wp-content\/uploads\/2021\/11\/IMG_1286-1024x768.jpg\" alt=\"\" data-id=\"3003\" data-full-url=\"https:\/\/marcali.plebania.hu\/wp-content\/uploads\/2021\/11\/IMG_1286.jpg\" data-link=\"https:\/\/marcali.plebania.hu\/?attachment_id=3003\" class=\"wp-image-3003\" srcset=\"https:\/\/marcali.plebania.hu\/wp-content\/uploads\/2021\/11\/IMG_1286-1024x768.jpg 1024w, https:\/\/marcali.plebania.hu\/wp-content\/uploads\/2021\/11\/IMG_1286-300x225.jpg 300w, https:\/\/marcali.plebania.hu\/wp-content\/uploads\/2021\/11\/IMG_1286-768x576.jpg 768w, https:\/\/marcali.plebania.hu\/wp-content\/uploads\/2021\/11\/IMG_1286-1536x1152.jpg 1536w, https:\/\/marcali.plebania.hu\/wp-content\/uploads\/2021\/11\/IMG_1286-360x270.jpg 360w, https:\/\/marcali.plebania.hu\/wp-content\/uploads\/2021\/11\/IMG_1286.jpg 1632w\" sizes=\"auto, (max-width: 1024px) 100vw, 1024px\" \/><\/figure><\/li><\/ul><\/figure>\n\n\n\n<figure class=\"wp-block-gallery columns-3 is-cropped wp-block-gallery-3 is-layout-flex wp-block-gallery-is-layout-flex\"><ul class=\"blocks-gallery-grid\"><li class=\"blocks-gallery-item\"><figure><img loading=\"lazy\" decoding=\"async\" width=\"1024\" height=\"678\" src=\"https:\/\/marcali.plebania.hu\/wp-content\/uploads\/2021\/11\/DSC_0044-1024x678.jpg\" alt=\"\" data-id=\"3004\" data-link=\"https:\/\/marcali.plebania.hu\/?attachment_id=3004\" class=\"wp-image-3004\" srcset=\"https:\/\/marcali.plebania.hu\/wp-content\/uploads\/2021\/11\/DSC_0044-1024x678.jpg 1024w, https:\/\/marcali.plebania.hu\/wp-content\/uploads\/2021\/11\/DSC_0044-300x199.jpg 300w, https:\/\/marcali.plebania.hu\/wp-content\/uploads\/2021\/11\/DSC_0044-768x509.jpg 768w, https:\/\/marcali.plebania.hu\/wp-content\/uploads\/2021\/11\/DSC_0044-1536x1017.jpg 1536w, https:\/\/marcali.plebania.hu\/wp-content\/uploads\/2021\/11\/DSC_0044-2048x1356.jpg 2048w, https:\/\/marcali.plebania.hu\/wp-content\/uploads\/2021\/11\/DSC_0044-408x270.jpg 408w\" sizes=\"auto, (max-width: 1024px) 100vw, 1024px\" \/><\/figure><\/li><li class=\"blocks-gallery-item\"><figure><img loading=\"lazy\" decoding=\"async\" width=\"1024\" height=\"678\" src=\"https:\/\/marcali.plebania.hu\/wp-content\/uploads\/2021\/11\/DSC_0046-1024x678.jpg\" alt=\"\" data-id=\"3005\" data-link=\"https:\/\/marcali.plebania.hu\/?attachment_id=3005\" class=\"wp-image-3005\" srcset=\"https:\/\/marcali.plebania.hu\/wp-content\/uploads\/2021\/11\/DSC_0046-1024x678.jpg 1024w, https:\/\/marcali.plebania.hu\/wp-content\/uploads\/2021\/11\/DSC_0046-300x199.jpg 300w, https:\/\/marcali.plebania.hu\/wp-content\/uploads\/2021\/11\/DSC_0046-768x509.jpg 768w, https:\/\/marcali.plebania.hu\/wp-content\/uploads\/2021\/11\/DSC_0046-1536x1017.jpg 1536w, https:\/\/marcali.plebania.hu\/wp-content\/uploads\/2021\/11\/DSC_0046-2048x1356.jpg 2048w, https:\/\/marcali.plebania.hu\/wp-content\/uploads\/2021\/11\/DSC_0046-408x270.jpg 408w\" sizes=\"auto, (max-width: 1024px) 100vw, 1024px\" \/><\/figure><\/li><li class=\"blocks-gallery-item\"><figure><img loading=\"lazy\" decoding=\"async\" width=\"1024\" height=\"678\" src=\"https:\/\/marcali.plebania.hu\/wp-content\/uploads\/2021\/11\/DSC_0051-1024x678.jpg\" alt=\"\" data-id=\"3006\" data-link=\"https:\/\/marcali.plebania.hu\/?attachment_id=3006\" class=\"wp-image-3006\" srcset=\"https:\/\/marcali.plebania.hu\/wp-content\/uploads\/2021\/11\/DSC_0051-1024x678.jpg 1024w, https:\/\/marcali.plebania.hu\/wp-content\/uploads\/2021\/11\/DSC_0051-300x199.jpg 300w, https:\/\/marcali.plebania.hu\/wp-content\/uploads\/2021\/11\/DSC_0051-768x509.jpg 768w, https:\/\/marcali.plebania.hu\/wp-content\/uploads\/2021\/11\/DSC_0051-1536x1017.jpg 1536w, https:\/\/marcali.plebania.hu\/wp-content\/uploads\/2021\/11\/DSC_0051-2048x1356.jpg 2048w, https:\/\/marcali.plebania.hu\/wp-content\/uploads\/2021\/11\/DSC_0051-408x270.jpg 408w\" sizes=\"auto, (max-width: 1024px) 100vw, 1024px\" \/><\/figure><\/li><li class=\"blocks-gallery-item\"><figure><img loading=\"lazy\" decoding=\"async\" width=\"1024\" height=\"678\" src=\"https:\/\/marcali.plebania.hu\/wp-content\/uploads\/2021\/11\/DSC_0057-1024x678.jpg\" alt=\"\" data-id=\"3007\" data-full-url=\"https:\/\/marcali.plebania.hu\/wp-content\/uploads\/2021\/11\/DSC_0057-scaled.jpg\" data-link=\"https:\/\/marcali.plebania.hu\/?attachment_id=3007\" class=\"wp-image-3007\" srcset=\"https:\/\/marcali.plebania.hu\/wp-content\/uploads\/2021\/11\/DSC_0057-1024x678.jpg 1024w, https:\/\/marcali.plebania.hu\/wp-content\/uploads\/2021\/11\/DSC_0057-300x199.jpg 300w, https:\/\/marcali.plebania.hu\/wp-content\/uploads\/2021\/11\/DSC_0057-768x509.jpg 768w, https:\/\/marcali.plebania.hu\/wp-content\/uploads\/2021\/11\/DSC_0057-1536x1017.jpg 1536w, https:\/\/marcali.plebania.hu\/wp-content\/uploads\/2021\/11\/DSC_0057-2048x1356.jpg 2048w, https:\/\/marcali.plebania.hu\/wp-content\/uploads\/2021\/11\/DSC_0057-408x270.jpg 408w\" sizes=\"auto, (max-width: 1024px) 100vw, 1024px\" \/><\/figure><\/li><\/ul><\/figure>\n\n\n\n<figure class=\"wp-block-gallery columns-3 is-cropped wp-block-gallery-4 is-layout-flex wp-block-gallery-is-layout-flex\"><ul class=\"blocks-gallery-grid\"><li class=\"blocks-gallery-item\"><figure><img loading=\"lazy\" decoding=\"async\" width=\"1024\" height=\"678\" src=\"https:\/\/marcali.plebania.hu\/wp-content\/uploads\/2021\/11\/DSC_0055-1024x678.jpg\" alt=\"\" data-id=\"3008\" data-link=\"https:\/\/marcali.plebania.hu\/?attachment_id=3008\" class=\"wp-image-3008\" srcset=\"https:\/\/marcali.plebania.hu\/wp-content\/uploads\/2021\/11\/DSC_0055-1024x678.jpg 1024w, https:\/\/marcali.plebania.hu\/wp-content\/uploads\/2021\/11\/DSC_0055-300x199.jpg 300w, https:\/\/marcali.plebania.hu\/wp-content\/uploads\/2021\/11\/DSC_0055-768x509.jpg 768w, https:\/\/marcali.plebania.hu\/wp-content\/uploads\/2021\/11\/DSC_0055-1536x1017.jpg 1536w, https:\/\/marcali.plebania.hu\/wp-content\/uploads\/2021\/11\/DSC_0055-2048x1356.jpg 2048w, https:\/\/marcali.plebania.hu\/wp-content\/uploads\/2021\/11\/DSC_0055-408x270.jpg 408w\" sizes=\"auto, (max-width: 1024px) 100vw, 1024px\" \/><\/figure><\/li><li class=\"blocks-gallery-item\"><figure><img loading=\"lazy\" decoding=\"async\" width=\"1024\" height=\"678\" src=\"https:\/\/marcali.plebania.hu\/wp-content\/uploads\/2021\/11\/DSC_0058-1024x678.jpg\" alt=\"\" data-id=\"3009\" data-link=\"https:\/\/marcali.plebania.hu\/?attachment_id=3009\" class=\"wp-image-3009\" srcset=\"https:\/\/marcali.plebania.hu\/wp-content\/uploads\/2021\/11\/DSC_0058-1024x678.jpg 1024w, https:\/\/marcali.plebania.hu\/wp-content\/uploads\/2021\/11\/DSC_0058-300x199.jpg 300w, https:\/\/marcali.plebania.hu\/wp-content\/uploads\/2021\/11\/DSC_0058-768x509.jpg 768w, https:\/\/marcali.plebania.hu\/wp-content\/uploads\/2021\/11\/DSC_0058-1536x1017.jpg 1536w, https:\/\/marcali.plebania.hu\/wp-content\/uploads\/2021\/11\/DSC_0058-2048x1356.jpg 2048w, https:\/\/marcali.plebania.hu\/wp-content\/uploads\/2021\/11\/DSC_0058-408x270.jpg 408w\" sizes=\"auto, (max-width: 1024px) 100vw, 1024px\" \/><\/figure><\/li><li class=\"blocks-gallery-item\"><figure><img loading=\"lazy\" decoding=\"async\" width=\"1024\" height=\"678\" src=\"https:\/\/marcali.plebania.hu\/wp-content\/uploads\/2021\/11\/DSC_0048-1024x678.jpg\" alt=\"\" data-id=\"3010\" data-link=\"https:\/\/marcali.plebania.hu\/?attachment_id=3010\" class=\"wp-image-3010\" srcset=\"https:\/\/marcali.plebania.hu\/wp-content\/uploads\/2021\/11\/DSC_0048-1024x678.jpg 1024w, https:\/\/marcali.plebania.hu\/wp-content\/uploads\/2021\/11\/DSC_0048-300x199.jpg 300w, https:\/\/marcali.plebania.hu\/wp-content\/uploads\/2021\/11\/DSC_0048-768x509.jpg 768w, https:\/\/marcali.plebania.hu\/wp-content\/uploads\/2021\/11\/DSC_0048-1536x1017.jpg 1536w, https:\/\/marcali.plebania.hu\/wp-content\/uploads\/2021\/11\/DSC_0048-2048x1356.jpg 2048w, https:\/\/marcali.plebania.hu\/wp-content\/uploads\/2021\/11\/DSC_0048-408x270.jpg 408w\" sizes=\"auto, (max-width: 1024px) 100vw, 1024px\" \/><\/figure><\/li><li class=\"blocks-gallery-item\"><figure><img loading=\"lazy\" decoding=\"async\" width=\"1024\" height=\"678\" src=\"https:\/\/marcali.plebania.hu\/wp-content\/uploads\/2021\/11\/DSC_0059-1024x678.jpg\" alt=\"\" data-id=\"3011\" data-full-url=\"https:\/\/marcali.plebania.hu\/wp-content\/uploads\/2021\/11\/DSC_0059-scaled.jpg\" data-link=\"https:\/\/marcali.plebania.hu\/?attachment_id=3011\" class=\"wp-image-3011\" srcset=\"https:\/\/marcali.plebania.hu\/wp-content\/uploads\/2021\/11\/DSC_0059-1024x678.jpg 1024w, https:\/\/marcali.plebania.hu\/wp-content\/uploads\/2021\/11\/DSC_0059-300x199.jpg 300w, https:\/\/marcali.plebania.hu\/wp-content\/uploads\/2021\/11\/DSC_0059-768x509.jpg 768w, https:\/\/marcali.plebania.hu\/wp-content\/uploads\/2021\/11\/DSC_0059-1536x1017.jpg 1536w, https:\/\/marcali.plebania.hu\/wp-content\/uploads\/2021\/11\/DSC_0059-2048x1356.jpg 2048w, https:\/\/marcali.plebania.hu\/wp-content\/uploads\/2021\/11\/DSC_0059-408x270.jpg 408w\" sizes=\"auto, (max-width: 1024px) 100vw, 1024px\" \/><\/figure><\/li><\/ul><\/figure>\n","protected":false},"excerpt":{"rendered":"<p>Az eredetileg 2021. november 26-ra, p\u00e9ntekre tervezett k\u00fclt\u00e9ri \u00e1dventi koszor\u00fa \u00e9p\u00edt\u00e9s\u00e9t, a v\u00e1rhat\u00f3 es\u0151 miatt egy nappal el\u0151rehozt\u00e1k. Cs\u00fct\u00f6rt\u00f6k\u00f6n d\u00e9lel\u0151tt, Kir\u00e1ly Jen\u0151 templomatya \u00e9s Gelencs\u00e9r R\u00f3bert vil\u00e1gi eln\u00f6k vezet\u00e9s\u00e9vel, az egyh\u00e1zk\u00f6zs\u00e9g f\u00e9rfi tagjai, rutinosan \u00e9s gyorsan \u00f6ssze\u00e1ll\u00edtott\u00e1k a v\u00e1zszerkezetet. A d\u00e9lut\u00e1n folyam\u00e1n pedig a d\u00edsz\u00edt\u00e9st fogj\u00e1k elv\u00e9gezni T\u00f3th P\u00e9ter ir\u00e1ny\u00edt\u00e1s\u00e1val, hogy szombatra, az esti gyertyagy\u00fajt\u00e1sra minden k\u00e9szen legyen. Az \u00e1dventi gyertyagy\u00fajt\u00e1sok \u00e9s az \u00fcnnepi m\u0171sorok, az eddigi hagyom\u00e1nyok alapj\u00e1n, minden szombaton este 17 \u00f3rakor kezd\u0151dnek a Boldog II. J\u00e1nos P\u00e1l&#8230;<\/p>\n<p class=\"read-more\"><a class=\"btn btn-default\" href=\"https:\/\/marcali.plebania.hu\/?p=2995\"> Read More<span class=\"screen-reader-text\">  Read More<\/span><\/a><\/p>\n","protected":false},"author":2,"featured_media":0,"comment_status":"closed","ping_status":"open","sticky":false,"template":"","format":"standard","meta":{"footnotes":""},"categories":[1],"tags":[],"class_list":["post-2995","post","type-post","status-publish","format-standard","hentry","category-egyeb"],"_links":{"self":[{"href":"https:\/\/marcali.plebania.hu\/index.php?rest_route=\/wp\/v2\/posts\/2995","targetHints":{"allow":["GET"]}}],"collection":[{"href":"https:\/\/marcali.plebania.hu\/index.php?rest_route=\/wp\/v2\/posts"}],"about":[{"href":"https:\/\/marcali.plebania.hu\/index.php?rest_route=\/wp\/v2\/types\/post"}],"author":[{"embeddable":true,"href":"https:\/\/marcali.plebania.hu\/index.php?rest_route=\/wp\/v2\/users\/2"}],"replies":[{"embeddable":true,"href":"https:\/\/marcali.plebania.hu\/index.php?rest_route=%2Fwp%2Fv2%2Fcomments&post=2995"}],"version-history":[{"count":1,"href":"https:\/\/marcali.plebania.hu\/index.php?rest_route=\/wp\/v2\/posts\/2995\/revisions"}],"predecessor-version":[{"id":3012,"href":"https:\/\/marcali.plebania.hu\/index.php?rest_route=\/wp\/v2\/posts\/2995\/revisions\/3012"}],"wp:attachment":[{"href":"https:\/\/marcali.plebania.hu\/index.php?rest_route=%2Fwp%2Fv2%2Fmedia&parent=2995"}],"wp:term":[{"taxonomy":"category","embeddable":true,"href":"https:\/\/marcali.plebania.hu\/index.php?rest_route=%2Fwp%2Fv2%2Fcategories&post=2995"},{"taxonomy":"post_tag","embeddable":true,"href":"https:\/\/marcali.plebania.hu\/index.php?rest_route=%2Fwp%2Fv2%2Ftags&post=2995"}],"curies":[{"name":"wp","href":"https:\/\/api.w.org\/{rel}","templated":true}]}}