{"id":3013,"date":"2021-11-26T10:01:55","date_gmt":"2021-11-26T10:01:55","guid":{"rendered":"https:\/\/marcali.plebania.hu\/?p=3013"},"modified":"2021-11-26T10:01:55","modified_gmt":"2021-11-26T10:01:55","slug":"hirdetesek-2021-11-28","status":"publish","type":"post","link":"https:\/\/marcali.plebania.hu\/?p=3013","title":{"rendered":"Hirdet\u00e9sek, 2021. 11. 28."},"content":{"rendered":"\n<ol class=\"wp-block-list\"><li>Ma \u00c1dvent 1. vas\u00e1rnapja van, az egyh\u00e1zi \u00e9v kezdete.<\/li><li>A h\u00e9ten, p\u00e9nteken 16 \u00f3rakor gy\u00f3ntat\u00e1s kezd\u0151dik, ami\nmegfelel a kar\u00e1csonyi gy\u00f3ntat\u00e1snak is. (Az\u00e9rt is fontos lenne, mert a\nj\u00e1rv\u00e1nyhelyzet miatt lehet, hogy k\u00e9s\u0151bb lez\u00e1rj\u00e1k a templomokat.) Ugyancsak 16\n\u00f3rakor Tais\u00e9-i ima\u00f3ra kezd\u0151dik 8-as hittanosaink r\u00e9sz\u00e9re. A 8-asok ekkor v\u00e9gzik\nel a kar\u00e1csonyi gy\u00f3n\u00e1sukat. A gy\u00f3ntat\u00e1s a sekresty\u00e9ben \u00e9s az oldalk\u00e1poln\u00e1ban\nlesz. 17 \u00f3rakor szentmise.<\/li><li>Szombaton 17 \u00f3rakor \u00e1dventi gyertyagy\u00fajt\u00e1s a\npl\u00e9b\u00e1niatemplom el\u0151tti t\u00e9ren, melyen k\u00f6zrem\u0171k\u00f6dnek a Berzsenyi D\u00e1niel Gimn\u00e1zium\ndi\u00e1kjai. A gyertyagy\u00fajt\u00e1s ut\u00e1n szentmise.<\/li><li>Megk\u00f6sz\u00f6nj\u00fck mindazok seg\u00edts\u00e9g\u00e9t, akik a k\u00fclt\u00e9ri \u00e1dventi\nkoszor\u00fa elk\u00e9sz\u00edt\u00e9s\u00e9ben r\u00e9szt vettek.<\/li><li>A j\u00e1rv\u00e1nyhelyzet miatt a pl\u00e9b\u00e1ni\u00e1n tov\u00e1bbra is on-line\nfogad\u00e1s van. Az elint\u00e9zend\u0151 \u00fcgyeket vagy telefonon, vagy e-mailen k\u00e9rj\u00e9k a pl\u00e9b\u00e1ni\u00e1t\u00f3l:\n\u00edgy a keresztel\u00e9seket, temet\u00e9seket is lehet \u00edgy k\u00e9rni. Telefonos egyeztet\u00e9s\nut\u00e1n legfeljebb egy f\u0151 maszkban bej\u00f6het a r\u00e9szleteket int\u00e9zni. Keresztlevelet,\nigazol\u00e1sokat is csak online lehet int\u00e9zni. Keresztel\u00e9seket csak kar\u00e1csony\nm\u00e1snapj\u00e1ra vesz\u00fcnk fel.<\/li><li>Az \u00faj j\u00e1rv\u00e1ny\u00fcgyi int\u00e9zked\u00e9sek szerint a templomokban\nis k\u00f6telez\u0151 a sz\u00e1jmaszk. Bel\u00e9pve haszn\u00e1ljuk a falon l\u00e9v\u0151 k\u00e9zfert\u0151tlen\u00edt\u0151t. A\ntemet\u00e9seket k\u00e9r\u00e9semre k\u00fclt\u00e9ren, a ravataloz\u00f3 el\u0151tt lehet elv\u00e9gezni, ahol ugyan\nnem k\u00f6telez\u0151 a sz\u00e1jmaszk, de aj\u00e1nlatos.<\/li><li>Napt\u00e1rak, kalend\u00e1rium kaphat\u00f3 a sekresty\u00e9ben.<\/li><\/ol>\n","protected":false},"excerpt":{"rendered":"<p>Ma \u00c1dvent 1. vas\u00e1rnapja van, az egyh\u00e1zi \u00e9v kezdete. A h\u00e9ten, p\u00e9nteken 16 \u00f3rakor gy\u00f3ntat\u00e1s kezd\u0151dik, ami megfelel a kar\u00e1csonyi gy\u00f3ntat\u00e1snak is. (Az\u00e9rt is fontos lenne, mert a j\u00e1rv\u00e1nyhelyzet miatt lehet, hogy k\u00e9s\u0151bb lez\u00e1rj\u00e1k a templomokat.) Ugyancsak 16 \u00f3rakor Tais\u00e9-i ima\u00f3ra kezd\u0151dik 8-as hittanosaink r\u00e9sz\u00e9re. A 8-asok ekkor v\u00e9gzik el a kar\u00e1csonyi gy\u00f3n\u00e1sukat. A gy\u00f3ntat\u00e1s a sekresty\u00e9ben \u00e9s az oldalk\u00e1poln\u00e1ban lesz. 17 \u00f3rakor szentmise. Szombaton 17 \u00f3rakor \u00e1dventi gyertyagy\u00fajt\u00e1s a pl\u00e9b\u00e1niatemplom el\u0151tti t\u00e9ren, melyen k\u00f6zrem\u0171k\u00f6dnek a Berzsenyi D\u00e1niel Gimn\u00e1zium di\u00e1kjai&#8230;.<\/p>\n<p class=\"read-more\"><a class=\"btn btn-default\" href=\"https:\/\/marcali.plebania.hu\/?p=3013\"> Read More<span class=\"screen-reader-text\">  Read More<\/span><\/a><\/p>\n","protected":false},"author":2,"featured_media":0,"comment_status":"closed","ping_status":"open","sticky":false,"template":"","format":"standard","meta":{"footnotes":""},"categories":[1],"tags":[],"class_list":["post-3013","post","type-post","status-publish","format-standard","hentry","category-egyeb"],"_links":{"self":[{"href":"https:\/\/marcali.plebania.hu\/index.php?rest_route=\/wp\/v2\/posts\/3013","targetHints":{"allow":["GET"]}}],"collection":[{"href":"https:\/\/marcali.plebania.hu\/index.php?rest_route=\/wp\/v2\/posts"}],"about":[{"href":"https:\/\/marcali.plebania.hu\/index.php?rest_route=\/wp\/v2\/types\/post"}],"author":[{"embeddable":true,"href":"https:\/\/marcali.plebania.hu\/index.php?rest_route=\/wp\/v2\/users\/2"}],"replies":[{"embeddable":true,"href":"https:\/\/marcali.plebania.hu\/index.php?rest_route=%2Fwp%2Fv2%2Fcomments&post=3013"}],"version-history":[{"count":1,"href":"https:\/\/marcali.plebania.hu\/index.php?rest_route=\/wp\/v2\/posts\/3013\/revisions"}],"predecessor-version":[{"id":3014,"href":"https:\/\/marcali.plebania.hu\/index.php?rest_route=\/wp\/v2\/posts\/3013\/revisions\/3014"}],"wp:attachment":[{"href":"https:\/\/marcali.plebania.hu\/index.php?rest_route=%2Fwp%2Fv2%2Fmedia&parent=3013"}],"wp:term":[{"taxonomy":"category","embeddable":true,"href":"https:\/\/marcali.plebania.hu\/index.php?rest_route=%2Fwp%2Fv2%2Fcategories&post=3013"},{"taxonomy":"post_tag","embeddable":true,"href":"https:\/\/marcali.plebania.hu\/index.php?rest_route=%2Fwp%2Fv2%2Ftags&post=3013"}],"curies":[{"name":"wp","href":"https:\/\/api.w.org\/{rel}","templated":true}]}}