{"id":3016,"date":"2021-11-28T19:49:54","date_gmt":"2021-11-28T19:49:54","guid":{"rendered":"https:\/\/marcali.plebania.hu\/?p=3016"},"modified":"2021-11-28T19:49:54","modified_gmt":"2021-11-28T19:49:54","slug":"meggyujtottak-az-elso-adventi-gyertyat-marcaliban","status":"publish","type":"post","link":"https:\/\/marcali.plebania.hu\/?p=3016","title":{"rendered":"Meggy\u00fajtott\u00e1k az els\u0151 \u00e1dventi gyerty\u00e1t Marcaliban"},"content":{"rendered":"\n<p>2021. november 27-\u00e9n, \u00e1dvent els\u0151 szombatj\u00e1n, 17 \u00f3rakor \u00fcnnepi m\u0171sor keret\u00e9ben gy\u00fajtott\u00e1k meg a k\u00fclt\u00e9ri \u00e1dventi koszor\u00fan az els\u0151 gyerty\u00e1t Marcaliban, a Gy\u00fcm\u00f6lcsolt\u00f3 Boldogasszony pl\u00e9b\u00e1niatemplom el\u0151tti t\u00e9ren.<\/p>\n\n\n\n<figure class=\"wp-block-gallery columns-3 is-cropped wp-block-gallery-1 is-layout-flex wp-block-gallery-is-layout-flex\"><ul class=\"blocks-gallery-grid\"><li class=\"blocks-gallery-item\"><figure><img loading=\"lazy\" decoding=\"async\" width=\"1024\" height=\"683\" src=\"https:\/\/marcali.plebania.hu\/wp-content\/uploads\/2021\/11\/01-1-1024x683.jpg\" alt=\"\" data-id=\"3017\" data-full-url=\"https:\/\/marcali.plebania.hu\/wp-content\/uploads\/2021\/11\/01-1-scaled.jpg\" data-link=\"https:\/\/marcali.plebania.hu\/?attachment_id=3017\" class=\"wp-image-3017\" srcset=\"https:\/\/marcali.plebania.hu\/wp-content\/uploads\/2021\/11\/01-1-1024x683.jpg 1024w, https:\/\/marcali.plebania.hu\/wp-content\/uploads\/2021\/11\/01-1-300x200.jpg 300w, https:\/\/marcali.plebania.hu\/wp-content\/uploads\/2021\/11\/01-1-768x512.jpg 768w, https:\/\/marcali.plebania.hu\/wp-content\/uploads\/2021\/11\/01-1-1536x1024.jpg 1536w, https:\/\/marcali.plebania.hu\/wp-content\/uploads\/2021\/11\/01-1-2048x1365.jpg 2048w, https:\/\/marcali.plebania.hu\/wp-content\/uploads\/2021\/11\/01-1-405x270.jpg 405w\" sizes=\"auto, (max-width: 1024px) 100vw, 1024px\" \/><\/figure><\/li><li class=\"blocks-gallery-item\"><figure><img loading=\"lazy\" decoding=\"async\" width=\"1024\" height=\"683\" src=\"https:\/\/marcali.plebania.hu\/wp-content\/uploads\/2021\/11\/02-1-1024x683.jpg\" alt=\"\" data-id=\"3018\" data-full-url=\"https:\/\/marcali.plebania.hu\/wp-content\/uploads\/2021\/11\/02-1-scaled.jpg\" data-link=\"https:\/\/marcali.plebania.hu\/?attachment_id=3018\" class=\"wp-image-3018\" srcset=\"https:\/\/marcali.plebania.hu\/wp-content\/uploads\/2021\/11\/02-1-1024x683.jpg 1024w, https:\/\/marcali.plebania.hu\/wp-content\/uploads\/2021\/11\/02-1-300x200.jpg 300w, https:\/\/marcali.plebania.hu\/wp-content\/uploads\/2021\/11\/02-1-768x512.jpg 768w, https:\/\/marcali.plebania.hu\/wp-content\/uploads\/2021\/11\/02-1-1536x1024.jpg 1536w, https:\/\/marcali.plebania.hu\/wp-content\/uploads\/2021\/11\/02-1-2048x1365.jpg 2048w, https:\/\/marcali.plebania.hu\/wp-content\/uploads\/2021\/11\/02-1-405x270.jpg 405w\" sizes=\"auto, (max-width: 1024px) 100vw, 1024px\" \/><\/figure><\/li><li class=\"blocks-gallery-item\"><figure><img loading=\"lazy\" decoding=\"async\" width=\"1024\" height=\"683\" src=\"https:\/\/marcali.plebania.hu\/wp-content\/uploads\/2021\/11\/03-2-1024x683.jpg\" alt=\"\" data-id=\"3019\" data-full-url=\"https:\/\/marcali.plebania.hu\/wp-content\/uploads\/2021\/11\/03-2-scaled.jpg\" data-link=\"https:\/\/marcali.plebania.hu\/?attachment_id=3019\" class=\"wp-image-3019\" srcset=\"https:\/\/marcali.plebania.hu\/wp-content\/uploads\/2021\/11\/03-2-1024x683.jpg 1024w, https:\/\/marcali.plebania.hu\/wp-content\/uploads\/2021\/11\/03-2-300x200.jpg 300w, https:\/\/marcali.plebania.hu\/wp-content\/uploads\/2021\/11\/03-2-768x512.jpg 768w, https:\/\/marcali.plebania.hu\/wp-content\/uploads\/2021\/11\/03-2-1536x1024.jpg 1536w, https:\/\/marcali.plebania.hu\/wp-content\/uploads\/2021\/11\/03-2-2048x1365.jpg 2048w, https:\/\/marcali.plebania.hu\/wp-content\/uploads\/2021\/11\/03-2-405x270.jpg 405w\" sizes=\"auto, (max-width: 1024px) 100vw, 1024px\" \/><\/figure><\/li><li class=\"blocks-gallery-item\"><figure><img loading=\"lazy\" decoding=\"async\" width=\"1024\" height=\"683\" src=\"https:\/\/marcali.plebania.hu\/wp-content\/uploads\/2021\/11\/04-2-1024x683.jpg\" alt=\"\" data-id=\"3020\" data-full-url=\"https:\/\/marcali.plebania.hu\/wp-content\/uploads\/2021\/11\/04-2-scaled.jpg\" data-link=\"https:\/\/marcali.plebania.hu\/?attachment_id=3020\" class=\"wp-image-3020\" srcset=\"https:\/\/marcali.plebania.hu\/wp-content\/uploads\/2021\/11\/04-2-1024x683.jpg 1024w, https:\/\/marcali.plebania.hu\/wp-content\/uploads\/2021\/11\/04-2-300x200.jpg 300w, https:\/\/marcali.plebania.hu\/wp-content\/uploads\/2021\/11\/04-2-768x512.jpg 768w, https:\/\/marcali.plebania.hu\/wp-content\/uploads\/2021\/11\/04-2-1536x1024.jpg 1536w, https:\/\/marcali.plebania.hu\/wp-content\/uploads\/2021\/11\/04-2-2048x1365.jpg 2048w, https:\/\/marcali.plebania.hu\/wp-content\/uploads\/2021\/11\/04-2-405x270.jpg 405w\" sizes=\"auto, (max-width: 1024px) 100vw, 1024px\" \/><\/figure><\/li><\/ul><\/figure>\n\n\n\n<p>A megjelenteket Kiss Iv\u00e1n c. pr\u00e9post, pl\u00e9b\u00e1nos k\u00f6sz\u00f6nt\u00f6tte \u00e9s besz\u00e9lt r\u00f6viden \u00e1dvent jelent\u0151s\u00e9g\u00e9r\u0151l, majd a T\u00fcnd\u00e9rliget \u00d3voda Napsug\u00e1r Csoportj\u00e1nak gyermekei kar\u00e1csonyv\u00e1r\u00f3 m\u0171sort adtak el\u0151, melyet Horv\u00e1thn\u00e9 Zsinics Katalin \u00e9s B\u00f3dis Krisztina \u00f3v\u00f3n\u0151k tan\u00edtottak be.<\/p>\n\n\n\n<figure class=\"wp-block-gallery columns-3 is-cropped wp-block-gallery-2 is-layout-flex wp-block-gallery-is-layout-flex\"><ul class=\"blocks-gallery-grid\"><li class=\"blocks-gallery-item\"><figure><img loading=\"lazy\" decoding=\"async\" width=\"1024\" height=\"683\" src=\"https:\/\/marcali.plebania.hu\/wp-content\/uploads\/2021\/11\/08-1024x683.jpg\" alt=\"\" data-id=\"3021\" data-link=\"https:\/\/marcali.plebania.hu\/?attachment_id=3021\" class=\"wp-image-3021\" srcset=\"https:\/\/marcali.plebania.hu\/wp-content\/uploads\/2021\/11\/08-1024x683.jpg 1024w, https:\/\/marcali.plebania.hu\/wp-content\/uploads\/2021\/11\/08-300x200.jpg 300w, https:\/\/marcali.plebania.hu\/wp-content\/uploads\/2021\/11\/08-768x512.jpg 768w, https:\/\/marcali.plebania.hu\/wp-content\/uploads\/2021\/11\/08-1536x1024.jpg 1536w, https:\/\/marcali.plebania.hu\/wp-content\/uploads\/2021\/11\/08-2048x1365.jpg 2048w, https:\/\/marcali.plebania.hu\/wp-content\/uploads\/2021\/11\/08-405x270.jpg 405w\" sizes=\"auto, (max-width: 1024px) 100vw, 1024px\" \/><\/figure><\/li><li class=\"blocks-gallery-item\"><figure><img loading=\"lazy\" decoding=\"async\" width=\"1024\" height=\"683\" src=\"https:\/\/marcali.plebania.hu\/wp-content\/uploads\/2021\/11\/10-1-1024x683.jpg\" alt=\"\" data-id=\"3022\" data-link=\"https:\/\/marcali.plebania.hu\/?attachment_id=3022\" class=\"wp-image-3022\" srcset=\"https:\/\/marcali.plebania.hu\/wp-content\/uploads\/2021\/11\/10-1-1024x683.jpg 1024w, https:\/\/marcali.plebania.hu\/wp-content\/uploads\/2021\/11\/10-1-300x200.jpg 300w, https:\/\/marcali.plebania.hu\/wp-content\/uploads\/2021\/11\/10-1-768x512.jpg 768w, https:\/\/marcali.plebania.hu\/wp-content\/uploads\/2021\/11\/10-1-1536x1024.jpg 1536w, https:\/\/marcali.plebania.hu\/wp-content\/uploads\/2021\/11\/10-1-2048x1365.jpg 2048w, https:\/\/marcali.plebania.hu\/wp-content\/uploads\/2021\/11\/10-1-405x270.jpg 405w\" sizes=\"auto, (max-width: 1024px) 100vw, 1024px\" \/><\/figure><\/li><li class=\"blocks-gallery-item\"><figure><img loading=\"lazy\" decoding=\"async\" width=\"1024\" height=\"683\" src=\"https:\/\/marcali.plebania.hu\/wp-content\/uploads\/2021\/11\/11-1024x683.jpg\" alt=\"\" data-id=\"3023\" data-link=\"https:\/\/marcali.plebania.hu\/?attachment_id=3023\" class=\"wp-image-3023\" srcset=\"https:\/\/marcali.plebania.hu\/wp-content\/uploads\/2021\/11\/11-1024x683.jpg 1024w, https:\/\/marcali.plebania.hu\/wp-content\/uploads\/2021\/11\/11-300x200.jpg 300w, https:\/\/marcali.plebania.hu\/wp-content\/uploads\/2021\/11\/11-768x512.jpg 768w, https:\/\/marcali.plebania.hu\/wp-content\/uploads\/2021\/11\/11-1536x1024.jpg 1536w, https:\/\/marcali.plebania.hu\/wp-content\/uploads\/2021\/11\/11-2048x1365.jpg 2048w, https:\/\/marcali.plebania.hu\/wp-content\/uploads\/2021\/11\/11-405x270.jpg 405w\" sizes=\"auto, (max-width: 1024px) 100vw, 1024px\" \/><\/figure><\/li><li class=\"blocks-gallery-item\"><figure><img loading=\"lazy\" decoding=\"async\" width=\"1024\" height=\"683\" src=\"https:\/\/marcali.plebania.hu\/wp-content\/uploads\/2021\/11\/14-1-1024x683.jpg\" alt=\"\" data-id=\"3024\" data-full-url=\"https:\/\/marcali.plebania.hu\/wp-content\/uploads\/2021\/11\/14-1-scaled.jpg\" data-link=\"https:\/\/marcali.plebania.hu\/?attachment_id=3024\" class=\"wp-image-3024\" srcset=\"https:\/\/marcali.plebania.hu\/wp-content\/uploads\/2021\/11\/14-1-1024x683.jpg 1024w, https:\/\/marcali.plebania.hu\/wp-content\/uploads\/2021\/11\/14-1-300x200.jpg 300w, https:\/\/marcali.plebania.hu\/wp-content\/uploads\/2021\/11\/14-1-768x512.jpg 768w, https:\/\/marcali.plebania.hu\/wp-content\/uploads\/2021\/11\/14-1-1536x1024.jpg 1536w, https:\/\/marcali.plebania.hu\/wp-content\/uploads\/2021\/11\/14-1-2048x1365.jpg 2048w, https:\/\/marcali.plebania.hu\/wp-content\/uploads\/2021\/11\/14-1-405x270.jpg 405w\" sizes=\"auto, (max-width: 1024px) 100vw, 1024px\" \/><\/figure><\/li><\/ul><\/figure>\n\n\n\n<p>Ezt k\u00f6vet\u0151en Iv\u00e1n atya megk\u00f6sz\u00f6nte a kicsik \u00e9s az \u00f3v\u00f3n\u0151k k\u00f6zrem\u0171k\u00f6d\u00e9s\u00e9t, majd felk\u00e9rte dr. S\u00fct\u0151 L\u00e1szl\u00f3 polg\u00e1rmestert, hogy gy\u00fajtsa meg az els\u0151, lila sz\u00edn\u0171 \u00e1dventi gyerty\u00e1t az egyh\u00e1zk\u00f6zs\u00e9g f\u00e9rfi tagjai \u00e1ltal elk\u00e9sz\u00edtett koszor\u00fan. Az egyh\u00e1zk\u00f6zs\u00e9g \u00e9s a v\u00e1ros k\u00f6z\u00f6s kar\u00e1csonyv\u00e1r\u00f3 \u00fcnneps\u00e9g\u00e9re ism\u00e9t sokan elj\u00f6ttek, hogy megn\u00e9zz\u00e9k a legkisebbek verses-zen\u00e9s programj\u00e1t.<\/p>\n\n\n\n<figure class=\"wp-block-gallery columns-3 is-cropped wp-block-gallery-3 is-layout-flex wp-block-gallery-is-layout-flex\"><ul class=\"blocks-gallery-grid\"><li class=\"blocks-gallery-item\"><figure><img loading=\"lazy\" decoding=\"async\" width=\"1024\" height=\"683\" src=\"https:\/\/marcali.plebania.hu\/wp-content\/uploads\/2021\/11\/18-1-1024x683.jpg\" alt=\"\" data-id=\"3025\" data-link=\"https:\/\/marcali.plebania.hu\/?attachment_id=3025\" class=\"wp-image-3025\" srcset=\"https:\/\/marcali.plebania.hu\/wp-content\/uploads\/2021\/11\/18-1-1024x683.jpg 1024w, https:\/\/marcali.plebania.hu\/wp-content\/uploads\/2021\/11\/18-1-300x200.jpg 300w, https:\/\/marcali.plebania.hu\/wp-content\/uploads\/2021\/11\/18-1-768x512.jpg 768w, https:\/\/marcali.plebania.hu\/wp-content\/uploads\/2021\/11\/18-1-1536x1024.jpg 1536w, https:\/\/marcali.plebania.hu\/wp-content\/uploads\/2021\/11\/18-1-2048x1365.jpg 2048w, https:\/\/marcali.plebania.hu\/wp-content\/uploads\/2021\/11\/18-1-405x270.jpg 405w\" sizes=\"auto, (max-width: 1024px) 100vw, 1024px\" \/><\/figure><\/li><li class=\"blocks-gallery-item\"><figure><img loading=\"lazy\" decoding=\"async\" width=\"1024\" height=\"683\" src=\"https:\/\/marcali.plebania.hu\/wp-content\/uploads\/2021\/11\/21-2-1024x683.jpg\" alt=\"\" data-id=\"3026\" data-link=\"https:\/\/marcali.plebania.hu\/?attachment_id=3026\" class=\"wp-image-3026\" srcset=\"https:\/\/marcali.plebania.hu\/wp-content\/uploads\/2021\/11\/21-2-1024x683.jpg 1024w, https:\/\/marcali.plebania.hu\/wp-content\/uploads\/2021\/11\/21-2-300x200.jpg 300w, https:\/\/marcali.plebania.hu\/wp-content\/uploads\/2021\/11\/21-2-768x512.jpg 768w, https:\/\/marcali.plebania.hu\/wp-content\/uploads\/2021\/11\/21-2-1536x1024.jpg 1536w, https:\/\/marcali.plebania.hu\/wp-content\/uploads\/2021\/11\/21-2-2048x1365.jpg 2048w, https:\/\/marcali.plebania.hu\/wp-content\/uploads\/2021\/11\/21-2-405x270.jpg 405w\" sizes=\"auto, (max-width: 1024px) 100vw, 1024px\" \/><\/figure><\/li><li class=\"blocks-gallery-item\"><figure><img loading=\"lazy\" decoding=\"async\" width=\"1024\" height=\"683\" src=\"https:\/\/marcali.plebania.hu\/wp-content\/uploads\/2021\/11\/22-1024x683.jpg\" alt=\"\" data-id=\"3028\" data-full-url=\"https:\/\/marcali.plebania.hu\/wp-content\/uploads\/2021\/11\/22-scaled.jpg\" data-link=\"https:\/\/marcali.plebania.hu\/?attachment_id=3028\" class=\"wp-image-3028\" srcset=\"https:\/\/marcali.plebania.hu\/wp-content\/uploads\/2021\/11\/22-1024x683.jpg 1024w, https:\/\/marcali.plebania.hu\/wp-content\/uploads\/2021\/11\/22-300x200.jpg 300w, https:\/\/marcali.plebania.hu\/wp-content\/uploads\/2021\/11\/22-768x512.jpg 768w, https:\/\/marcali.plebania.hu\/wp-content\/uploads\/2021\/11\/22-1536x1024.jpg 1536w, https:\/\/marcali.plebania.hu\/wp-content\/uploads\/2021\/11\/22-2048x1365.jpg 2048w, https:\/\/marcali.plebania.hu\/wp-content\/uploads\/2021\/11\/22-405x270.jpg 405w\" sizes=\"auto, (max-width: 1024px) 100vw, 1024px\" \/><\/figure><\/li><li class=\"blocks-gallery-item\"><figure><img loading=\"lazy\" decoding=\"async\" width=\"1024\" height=\"683\" src=\"https:\/\/marcali.plebania.hu\/wp-content\/uploads\/2021\/11\/23-2-1024x683.jpg\" alt=\"\" data-id=\"3029\" data-full-url=\"https:\/\/marcali.plebania.hu\/wp-content\/uploads\/2021\/11\/23-2-scaled.jpg\" data-link=\"https:\/\/marcali.plebania.hu\/?attachment_id=3029\" class=\"wp-image-3029\" srcset=\"https:\/\/marcali.plebania.hu\/wp-content\/uploads\/2021\/11\/23-2-1024x683.jpg 1024w, https:\/\/marcali.plebania.hu\/wp-content\/uploads\/2021\/11\/23-2-300x200.jpg 300w, https:\/\/marcali.plebania.hu\/wp-content\/uploads\/2021\/11\/23-2-768x512.jpg 768w, https:\/\/marcali.plebania.hu\/wp-content\/uploads\/2021\/11\/23-2-1536x1024.jpg 1536w, https:\/\/marcali.plebania.hu\/wp-content\/uploads\/2021\/11\/23-2-2048x1365.jpg 2048w, https:\/\/marcali.plebania.hu\/wp-content\/uploads\/2021\/11\/23-2-405x270.jpg 405w\" sizes=\"auto, (max-width: 1024px) 100vw, 1024px\" \/><\/figure><\/li><\/ul><\/figure>\n","protected":false},"excerpt":{"rendered":"<p>2021. november 27-\u00e9n, \u00e1dvent els\u0151 szombatj\u00e1n, 17 \u00f3rakor \u00fcnnepi m\u0171sor keret\u00e9ben gy\u00fajtott\u00e1k meg a k\u00fclt\u00e9ri \u00e1dventi koszor\u00fan az els\u0151 gyerty\u00e1t Marcaliban, a Gy\u00fcm\u00f6lcsolt\u00f3 Boldogasszony pl\u00e9b\u00e1niatemplom el\u0151tti t\u00e9ren. A megjelenteket Kiss Iv\u00e1n c. pr\u00e9post, pl\u00e9b\u00e1nos k\u00f6sz\u00f6nt\u00f6tte \u00e9s besz\u00e9lt r\u00f6viden \u00e1dvent jelent\u0151s\u00e9g\u00e9r\u0151l, majd a T\u00fcnd\u00e9rliget \u00d3voda Napsug\u00e1r Csoportj\u00e1nak gyermekei kar\u00e1csonyv\u00e1r\u00f3 m\u0171sort adtak el\u0151, melyet Horv\u00e1thn\u00e9 Zsinics Katalin \u00e9s B\u00f3dis Krisztina \u00f3v\u00f3n\u0151k tan\u00edtottak be. Ezt k\u00f6vet\u0151en Iv\u00e1n atya megk\u00f6sz\u00f6nte a kicsik \u00e9s az \u00f3v\u00f3n\u0151k k\u00f6zrem\u0171k\u00f6d\u00e9s\u00e9t, majd felk\u00e9rte dr. S\u00fct\u0151 L\u00e1szl\u00f3 polg\u00e1rmestert, hogy gy\u00fajtsa&#8230;<\/p>\n<p class=\"read-more\"><a class=\"btn btn-default\" href=\"https:\/\/marcali.plebania.hu\/?p=3016\"> Read More<span class=\"screen-reader-text\">  Read More<\/span><\/a><\/p>\n","protected":false},"author":2,"featured_media":0,"comment_status":"closed","ping_status":"open","sticky":false,"template":"","format":"standard","meta":{"footnotes":""},"categories":[1],"tags":[],"class_list":["post-3016","post","type-post","status-publish","format-standard","hentry","category-egyeb"],"_links":{"self":[{"href":"https:\/\/marcali.plebania.hu\/index.php?rest_route=\/wp\/v2\/posts\/3016","targetHints":{"allow":["GET"]}}],"collection":[{"href":"https:\/\/marcali.plebania.hu\/index.php?rest_route=\/wp\/v2\/posts"}],"about":[{"href":"https:\/\/marcali.plebania.hu\/index.php?rest_route=\/wp\/v2\/types\/post"}],"author":[{"embeddable":true,"href":"https:\/\/marcali.plebania.hu\/index.php?rest_route=\/wp\/v2\/users\/2"}],"replies":[{"embeddable":true,"href":"https:\/\/marcali.plebania.hu\/index.php?rest_route=%2Fwp%2Fv2%2Fcomments&post=3016"}],"version-history":[{"count":1,"href":"https:\/\/marcali.plebania.hu\/index.php?rest_route=\/wp\/v2\/posts\/3016\/revisions"}],"predecessor-version":[{"id":3030,"href":"https:\/\/marcali.plebania.hu\/index.php?rest_route=\/wp\/v2\/posts\/3016\/revisions\/3030"}],"wp:attachment":[{"href":"https:\/\/marcali.plebania.hu\/index.php?rest_route=%2Fwp%2Fv2%2Fmedia&parent=3016"}],"wp:term":[{"taxonomy":"category","embeddable":true,"href":"https:\/\/marcali.plebania.hu\/index.php?rest_route=%2Fwp%2Fv2%2Fcategories&post=3016"},{"taxonomy":"post_tag","embeddable":true,"href":"https:\/\/marcali.plebania.hu\/index.php?rest_route=%2Fwp%2Fv2%2Ftags&post=3016"}],"curies":[{"name":"wp","href":"https:\/\/api.w.org\/{rel}","templated":true}]}}