{"id":302,"date":"2018-07-27T06:49:16","date_gmt":"2018-07-27T06:49:16","guid":{"rendered":"https:\/\/marcali.plebania.hu\/?p=302"},"modified":"2018-07-27T06:49:16","modified_gmt":"2018-07-27T06:49:16","slug":"hirdetesek-2018-07-29","status":"publish","type":"post","link":"https:\/\/marcali.plebania.hu\/?p=302","title":{"rendered":"Hirdet\u00e9sek, 2018. 07. 29."},"content":{"rendered":"<ol>\n<li>Ma van az \u00e9vk\u00f6zi 17. vas\u00e1rnap. A 9 \u00f3r\u00e1s szentmise ut\u00e1n Szt. Krist\u00f3f napi j\u00e1rm\u0171\u00e1ld\u00e1s, majd keresztel\u00e9sek.<\/li>\n<li>A h\u00e9ten els\u0151 p\u00e9ntek, 18 \u00f3r\u00e1t\u00f3l gy\u00f3ntat\u00e1s, szents\u00e9gim\u00e1d\u00e1s, 19 \u00f3rakor szentmise.<\/li>\n<li>K\u00f6sz\u00f6net a hittanos t\u00e1bor szervez\u0151inek, adom\u00e1nyoz\u00f3inak.<\/li>\n<\/ol>\n","protected":false},"excerpt":{"rendered":"<p>Ma van az \u00e9vk\u00f6zi 17. vas\u00e1rnap. A 9 \u00f3r\u00e1s szentmise ut\u00e1n Szt. Krist\u00f3f napi j\u00e1rm\u0171\u00e1ld\u00e1s, majd keresztel\u00e9sek. A h\u00e9ten els\u0151 p\u00e9ntek, 18 \u00f3r\u00e1t\u00f3l gy\u00f3ntat\u00e1s, szents\u00e9gim\u00e1d\u00e1s, 19 \u00f3rakor szentmise. K\u00f6sz\u00f6net a hittanos t\u00e1bor szervez\u0151inek, adom\u00e1nyoz\u00f3inak.<\/p>\n","protected":false},"author":2,"featured_media":0,"comment_status":"closed","ping_status":"open","sticky":false,"template":"","format":"standard","meta":{"footnotes":""},"categories":[1],"tags":[],"class_list":["post-302","post","type-post","status-publish","format-standard","hentry","category-egyeb"],"_links":{"self":[{"href":"https:\/\/marcali.plebania.hu\/index.php?rest_route=\/wp\/v2\/posts\/302","targetHints":{"allow":["GET"]}}],"collection":[{"href":"https:\/\/marcali.plebania.hu\/index.php?rest_route=\/wp\/v2\/posts"}],"about":[{"href":"https:\/\/marcali.plebania.hu\/index.php?rest_route=\/wp\/v2\/types\/post"}],"author":[{"embeddable":true,"href":"https:\/\/marcali.plebania.hu\/index.php?rest_route=\/wp\/v2\/users\/2"}],"replies":[{"embeddable":true,"href":"https:\/\/marcali.plebania.hu\/index.php?rest_route=%2Fwp%2Fv2%2Fcomments&post=302"}],"version-history":[{"count":2,"href":"https:\/\/marcali.plebania.hu\/index.php?rest_route=\/wp\/v2\/posts\/302\/revisions"}],"predecessor-version":[{"id":304,"href":"https:\/\/marcali.plebania.hu\/index.php?rest_route=\/wp\/v2\/posts\/302\/revisions\/304"}],"wp:attachment":[{"href":"https:\/\/marcali.plebania.hu\/index.php?rest_route=%2Fwp%2Fv2%2Fmedia&parent=302"}],"wp:term":[{"taxonomy":"category","embeddable":true,"href":"https:\/\/marcali.plebania.hu\/index.php?rest_route=%2Fwp%2Fv2%2Fcategories&post=302"},{"taxonomy":"post_tag","embeddable":true,"href":"https:\/\/marcali.plebania.hu\/index.php?rest_route=%2Fwp%2Fv2%2Ftags&post=302"}],"curies":[{"name":"wp","href":"https:\/\/api.w.org\/{rel}","templated":true}]}}