{"id":3031,"date":"2021-12-03T08:19:57","date_gmt":"2021-12-03T08:19:57","guid":{"rendered":"https:\/\/marcali.plebania.hu\/?p=3031"},"modified":"2021-12-03T08:19:57","modified_gmt":"2021-12-03T08:19:57","slug":"hirdetesek-2021-12-05","status":"publish","type":"post","link":"https:\/\/marcali.plebania.hu\/?p=3031","title":{"rendered":"Hirdet\u00e9sek, 2021. 12. 05."},"content":{"rendered":"\n<ol class=\"wp-block-list\"><li>Ma\n\u00e1dvent 2. vas\u00e1rnapja.<\/li><li>A\nh\u00e9ten, szerd\u00e1n, december 8-\u00e1n, Szepl\u0151telen fogantat\u00e1s \u00fcnnepe, templomunk\nfogadott szents\u00e9gim\u00e1d\u00e1si napja. 11 \u00f3rakor szentmise, ut\u00e1na szents\u00e9gim\u00e1d\u00e1s a beosztott\nrend szerint. K\u00e9rj\u00fck, aki r\u00e9szt vesznek a szents\u00e9gim\u00e1d\u00e1son, a szentmise ut\u00e1n a\nbej\u00e1ratn\u00e1l iratkozzanak fel a megfelel\u0151 \u00f3r\u00e1kra. 17 \u00f3rakor szents\u00e9gelt\u00e9tel.<\/li><li>Szombaton\n17 \u00f3rakor \u00e1dventi gyertyagy\u00fajt\u00e1s a pl\u00e9b\u00e1niatemplom el\u0151tti k\u00fclt\u00e9ri \u00e1dventi\nkoszor\u00fan, melyen k\u00f6zrem\u0171k\u00f6dnek a Miksz\u00e1th utcai iskola tanul\u00f3i, ut\u00e1na\nszentmise.<\/li><li>Napt\u00e1rak,\nkalend\u00e1riumok kaphat\u00f3k a sekresty\u00e9ben.<\/li><li>A\nkar\u00e1csonyi vir\u00e1gp\u00e9nzt k\u00e9rj\u00fck a sekresty\u00e9snek leadni.<\/li><\/ol>\n","protected":false},"excerpt":{"rendered":"<p>Ma \u00e1dvent 2. vas\u00e1rnapja. A h\u00e9ten, szerd\u00e1n, december 8-\u00e1n, Szepl\u0151telen fogantat\u00e1s \u00fcnnepe, templomunk fogadott szents\u00e9gim\u00e1d\u00e1si napja. 11 \u00f3rakor szentmise, ut\u00e1na szents\u00e9gim\u00e1d\u00e1s a beosztott rend szerint. K\u00e9rj\u00fck, aki r\u00e9szt vesznek a szents\u00e9gim\u00e1d\u00e1son, a szentmise ut\u00e1n a bej\u00e1ratn\u00e1l iratkozzanak fel a megfelel\u0151 \u00f3r\u00e1kra. 17 \u00f3rakor szents\u00e9gelt\u00e9tel. Szombaton 17 \u00f3rakor \u00e1dventi gyertyagy\u00fajt\u00e1s a pl\u00e9b\u00e1niatemplom el\u0151tti k\u00fclt\u00e9ri \u00e1dventi koszor\u00fan, melyen k\u00f6zrem\u0171k\u00f6dnek a Miksz\u00e1th utcai iskola tanul\u00f3i, ut\u00e1na szentmise. Napt\u00e1rak, kalend\u00e1riumok kaphat\u00f3k a sekresty\u00e9ben. A kar\u00e1csonyi vir\u00e1gp\u00e9nzt k\u00e9rj\u00fck a sekresty\u00e9snek leadni.<\/p>\n","protected":false},"author":2,"featured_media":0,"comment_status":"closed","ping_status":"open","sticky":false,"template":"","format":"standard","meta":{"footnotes":""},"categories":[1],"tags":[],"class_list":["post-3031","post","type-post","status-publish","format-standard","hentry","category-egyeb"],"_links":{"self":[{"href":"https:\/\/marcali.plebania.hu\/index.php?rest_route=\/wp\/v2\/posts\/3031","targetHints":{"allow":["GET"]}}],"collection":[{"href":"https:\/\/marcali.plebania.hu\/index.php?rest_route=\/wp\/v2\/posts"}],"about":[{"href":"https:\/\/marcali.plebania.hu\/index.php?rest_route=\/wp\/v2\/types\/post"}],"author":[{"embeddable":true,"href":"https:\/\/marcali.plebania.hu\/index.php?rest_route=\/wp\/v2\/users\/2"}],"replies":[{"embeddable":true,"href":"https:\/\/marcali.plebania.hu\/index.php?rest_route=%2Fwp%2Fv2%2Fcomments&post=3031"}],"version-history":[{"count":1,"href":"https:\/\/marcali.plebania.hu\/index.php?rest_route=\/wp\/v2\/posts\/3031\/revisions"}],"predecessor-version":[{"id":3032,"href":"https:\/\/marcali.plebania.hu\/index.php?rest_route=\/wp\/v2\/posts\/3031\/revisions\/3032"}],"wp:attachment":[{"href":"https:\/\/marcali.plebania.hu\/index.php?rest_route=%2Fwp%2Fv2%2Fmedia&parent=3031"}],"wp:term":[{"taxonomy":"category","embeddable":true,"href":"https:\/\/marcali.plebania.hu\/index.php?rest_route=%2Fwp%2Fv2%2Fcategories&post=3031"},{"taxonomy":"post_tag","embeddable":true,"href":"https:\/\/marcali.plebania.hu\/index.php?rest_route=%2Fwp%2Fv2%2Ftags&post=3031"}],"curies":[{"name":"wp","href":"https:\/\/api.w.org\/{rel}","templated":true}]}}