{"id":3033,"date":"2021-12-07T16:11:26","date_gmt":"2021-12-07T16:11:26","guid":{"rendered":"https:\/\/marcali.plebania.hu\/?p=3033"},"modified":"2021-12-07T16:11:26","modified_gmt":"2021-12-07T16:11:26","slug":"meggyujtottak-a-masodik-adventi-gyertyat-marcaliban","status":"publish","type":"post","link":"https:\/\/marcali.plebania.hu\/?p=3033","title":{"rendered":"Meggy\u00fajtott\u00e1k a m\u00e1sodik \u00e1dventi gyerty\u00e1t Marcaliban"},"content":{"rendered":"\n<p>2021. december 4-\u00e9n, szombaton este 17 \u00f3rakor, a pl\u00e9b\u00e1niatemplom el\u0151tti Boldog II. J\u00e1nos P\u00e1l p\u00e1pa t\u00e9ren \u00e1ll\u00f3 k\u00fclt\u00e9ri \u00e1dventi koszor\u00fan felgyulladt a m\u00e1sodik gyertya f\u00e9nye is.<\/p>\n\n\n\n<figure class=\"wp-block-gallery columns-3 is-cropped wp-block-gallery-1 is-layout-flex wp-block-gallery-is-layout-flex\"><ul class=\"blocks-gallery-grid\"><li class=\"blocks-gallery-item\"><figure><img loading=\"lazy\" decoding=\"async\" width=\"1024\" height=\"683\" src=\"https:\/\/marcali.plebania.hu\/wp-content\/uploads\/2021\/12\/03-1024x683.jpg\" alt=\"\" data-id=\"3034\" data-link=\"https:\/\/marcali.plebania.hu\/?attachment_id=3034\" class=\"wp-image-3034\" srcset=\"https:\/\/marcali.plebania.hu\/wp-content\/uploads\/2021\/12\/03-1024x683.jpg 1024w, https:\/\/marcali.plebania.hu\/wp-content\/uploads\/2021\/12\/03-300x200.jpg 300w, https:\/\/marcali.plebania.hu\/wp-content\/uploads\/2021\/12\/03-768x512.jpg 768w, https:\/\/marcali.plebania.hu\/wp-content\/uploads\/2021\/12\/03-1536x1024.jpg 1536w, https:\/\/marcali.plebania.hu\/wp-content\/uploads\/2021\/12\/03-2048x1365.jpg 2048w, https:\/\/marcali.plebania.hu\/wp-content\/uploads\/2021\/12\/03-405x270.jpg 405w\" sizes=\"auto, (max-width: 1024px) 100vw, 1024px\" \/><\/figure><\/li><li class=\"blocks-gallery-item\"><figure><img loading=\"lazy\" decoding=\"async\" width=\"1024\" height=\"683\" src=\"https:\/\/marcali.plebania.hu\/wp-content\/uploads\/2021\/12\/09-1024x683.jpg\" alt=\"\" data-id=\"3035\" data-link=\"https:\/\/marcali.plebania.hu\/?attachment_id=3035\" class=\"wp-image-3035\" srcset=\"https:\/\/marcali.plebania.hu\/wp-content\/uploads\/2021\/12\/09-1024x683.jpg 1024w, https:\/\/marcali.plebania.hu\/wp-content\/uploads\/2021\/12\/09-300x200.jpg 300w, https:\/\/marcali.plebania.hu\/wp-content\/uploads\/2021\/12\/09-768x512.jpg 768w, https:\/\/marcali.plebania.hu\/wp-content\/uploads\/2021\/12\/09-1536x1024.jpg 1536w, https:\/\/marcali.plebania.hu\/wp-content\/uploads\/2021\/12\/09-2048x1365.jpg 2048w, https:\/\/marcali.plebania.hu\/wp-content\/uploads\/2021\/12\/09-405x270.jpg 405w\" sizes=\"auto, (max-width: 1024px) 100vw, 1024px\" \/><\/figure><\/li><li class=\"blocks-gallery-item\"><figure><img loading=\"lazy\" decoding=\"async\" width=\"1024\" height=\"683\" src=\"https:\/\/marcali.plebania.hu\/wp-content\/uploads\/2021\/12\/13-1024x683.jpg\" alt=\"\" data-id=\"3036\" data-link=\"https:\/\/marcali.plebania.hu\/?attachment_id=3036\" class=\"wp-image-3036\" srcset=\"https:\/\/marcali.plebania.hu\/wp-content\/uploads\/2021\/12\/13-1024x683.jpg 1024w, https:\/\/marcali.plebania.hu\/wp-content\/uploads\/2021\/12\/13-300x200.jpg 300w, https:\/\/marcali.plebania.hu\/wp-content\/uploads\/2021\/12\/13-768x512.jpg 768w, https:\/\/marcali.plebania.hu\/wp-content\/uploads\/2021\/12\/13-1536x1024.jpg 1536w, https:\/\/marcali.plebania.hu\/wp-content\/uploads\/2021\/12\/13-2048x1365.jpg 2048w, https:\/\/marcali.plebania.hu\/wp-content\/uploads\/2021\/12\/13-405x270.jpg 405w\" sizes=\"auto, (max-width: 1024px) 100vw, 1024px\" \/><\/figure><\/li><li class=\"blocks-gallery-item\"><figure><img loading=\"lazy\" decoding=\"async\" width=\"1024\" height=\"683\" src=\"https:\/\/marcali.plebania.hu\/wp-content\/uploads\/2021\/12\/10-1024x683.jpg\" alt=\"\" data-id=\"3037\" data-full-url=\"https:\/\/marcali.plebania.hu\/wp-content\/uploads\/2021\/12\/10-scaled.jpg\" data-link=\"https:\/\/marcali.plebania.hu\/?attachment_id=3037\" class=\"wp-image-3037\" srcset=\"https:\/\/marcali.plebania.hu\/wp-content\/uploads\/2021\/12\/10-1024x683.jpg 1024w, https:\/\/marcali.plebania.hu\/wp-content\/uploads\/2021\/12\/10-300x200.jpg 300w, https:\/\/marcali.plebania.hu\/wp-content\/uploads\/2021\/12\/10-768x512.jpg 768w, https:\/\/marcali.plebania.hu\/wp-content\/uploads\/2021\/12\/10-1536x1024.jpg 1536w, https:\/\/marcali.plebania.hu\/wp-content\/uploads\/2021\/12\/10-2048x1365.jpg 2048w, https:\/\/marcali.plebania.hu\/wp-content\/uploads\/2021\/12\/10-405x270.jpg 405w\" sizes=\"auto, (max-width: 1024px) 100vw, 1024px\" \/><\/figure><\/li><\/ul><\/figure>\n\n\n\n<p>Az ism\u00e9t nagy sz\u00e1mban megjelenteket Kiss Iv\u00e1n c. pr\u00e9post, pl\u00e9b\u00e1nos k\u00f6sz\u00f6nt\u00f6tte, majd bevezet\u0151 gondolatai ut\u00e1n a Berzsenyi D\u00e1niel Gimn\u00e1zium tanul\u00f3i adtak el\u0151 egy igen l\u00e1tv\u00e1nyos \u00e9s tartalmas pr\u00f3zai, zen\u00e9s \u00e9s t\u00e1ncos m\u0171sort, melyet Farkasn\u00e9 Bencze Andrea tan\u00e1rn\u0151 tan\u00edtott be a di\u00e1koknak.<\/p>\n\n\n\n<figure class=\"wp-block-gallery columns-3 is-cropped wp-block-gallery-2 is-layout-flex wp-block-gallery-is-layout-flex\"><ul class=\"blocks-gallery-grid\"><li class=\"blocks-gallery-item\"><figure><img loading=\"lazy\" decoding=\"async\" width=\"1024\" height=\"683\" src=\"https:\/\/marcali.plebania.hu\/wp-content\/uploads\/2021\/12\/11-1024x683.jpg\" alt=\"\" data-id=\"3038\" data-link=\"https:\/\/marcali.plebania.hu\/?attachment_id=3038\" class=\"wp-image-3038\" srcset=\"https:\/\/marcali.plebania.hu\/wp-content\/uploads\/2021\/12\/11-1024x683.jpg 1024w, https:\/\/marcali.plebania.hu\/wp-content\/uploads\/2021\/12\/11-300x200.jpg 300w, https:\/\/marcali.plebania.hu\/wp-content\/uploads\/2021\/12\/11-768x512.jpg 768w, https:\/\/marcali.plebania.hu\/wp-content\/uploads\/2021\/12\/11-1536x1024.jpg 1536w, https:\/\/marcali.plebania.hu\/wp-content\/uploads\/2021\/12\/11-2048x1365.jpg 2048w, https:\/\/marcali.plebania.hu\/wp-content\/uploads\/2021\/12\/11-405x270.jpg 405w\" sizes=\"auto, (max-width: 1024px) 100vw, 1024px\" \/><\/figure><\/li><li class=\"blocks-gallery-item\"><figure><img loading=\"lazy\" decoding=\"async\" width=\"1024\" height=\"683\" src=\"https:\/\/marcali.plebania.hu\/wp-content\/uploads\/2021\/12\/19-1024x683.jpg\" alt=\"\" data-id=\"3039\" data-link=\"https:\/\/marcali.plebania.hu\/?attachment_id=3039\" class=\"wp-image-3039\" srcset=\"https:\/\/marcali.plebania.hu\/wp-content\/uploads\/2021\/12\/19-1024x683.jpg 1024w, https:\/\/marcali.plebania.hu\/wp-content\/uploads\/2021\/12\/19-300x200.jpg 300w, https:\/\/marcali.plebania.hu\/wp-content\/uploads\/2021\/12\/19-768x512.jpg 768w, https:\/\/marcali.plebania.hu\/wp-content\/uploads\/2021\/12\/19-1536x1024.jpg 1536w, https:\/\/marcali.plebania.hu\/wp-content\/uploads\/2021\/12\/19-2048x1365.jpg 2048w, https:\/\/marcali.plebania.hu\/wp-content\/uploads\/2021\/12\/19-405x270.jpg 405w\" sizes=\"auto, (max-width: 1024px) 100vw, 1024px\" \/><\/figure><\/li><li class=\"blocks-gallery-item\"><figure><img loading=\"lazy\" decoding=\"async\" width=\"1024\" height=\"683\" src=\"https:\/\/marcali.plebania.hu\/wp-content\/uploads\/2021\/12\/27-1024x683.jpg\" alt=\"\" data-id=\"3040\" data-link=\"https:\/\/marcali.plebania.hu\/?attachment_id=3040\" class=\"wp-image-3040\" srcset=\"https:\/\/marcali.plebania.hu\/wp-content\/uploads\/2021\/12\/27-1024x683.jpg 1024w, https:\/\/marcali.plebania.hu\/wp-content\/uploads\/2021\/12\/27-300x200.jpg 300w, https:\/\/marcali.plebania.hu\/wp-content\/uploads\/2021\/12\/27-768x512.jpg 768w, https:\/\/marcali.plebania.hu\/wp-content\/uploads\/2021\/12\/27-1536x1024.jpg 1536w, https:\/\/marcali.plebania.hu\/wp-content\/uploads\/2021\/12\/27-2048x1365.jpg 2048w, https:\/\/marcali.plebania.hu\/wp-content\/uploads\/2021\/12\/27-405x270.jpg 405w\" sizes=\"auto, (max-width: 1024px) 100vw, 1024px\" \/><\/figure><\/li><li class=\"blocks-gallery-item\"><figure><img loading=\"lazy\" decoding=\"async\" width=\"1024\" height=\"683\" src=\"https:\/\/marcali.plebania.hu\/wp-content\/uploads\/2021\/12\/31-1024x683.jpg\" alt=\"\" data-id=\"3041\" data-full-url=\"https:\/\/marcali.plebania.hu\/wp-content\/uploads\/2021\/12\/31-scaled.jpg\" data-link=\"https:\/\/marcali.plebania.hu\/?attachment_id=3041\" class=\"wp-image-3041\" srcset=\"https:\/\/marcali.plebania.hu\/wp-content\/uploads\/2021\/12\/31-1024x683.jpg 1024w, https:\/\/marcali.plebania.hu\/wp-content\/uploads\/2021\/12\/31-300x200.jpg 300w, https:\/\/marcali.plebania.hu\/wp-content\/uploads\/2021\/12\/31-768x512.jpg 768w, https:\/\/marcali.plebania.hu\/wp-content\/uploads\/2021\/12\/31-1536x1024.jpg 1536w, https:\/\/marcali.plebania.hu\/wp-content\/uploads\/2021\/12\/31-2048x1365.jpg 2048w, https:\/\/marcali.plebania.hu\/wp-content\/uploads\/2021\/12\/31-405x270.jpg 405w\" sizes=\"auto, (max-width: 1024px) 100vw, 1024px\" \/><\/figure><\/li><\/ul><\/figure>\n\n\n\n<p>A kar\u00e1csonyra val\u00f3 felk\u00e9sz\u00fcl\u00e9s r\u00e9szek\u00e9nt a m\u00e1sodik \u00e1dventi gyerty\u00e1t \u2013 Iv\u00e1n atya \u00e9s K\u0151r\u00f6si Andr\u00e1s gimn\u00e1ziumi igazgat\u00f3 k\u00eds\u00e9ret\u00e9ben \u2013 az id\u00e9n is az iskola egyik di\u00e1kja, Horv\u00e1th Zente gy\u00fajtotta meg \u00e9s helyezte el a koszor\u00fan.<\/p>\n\n\n\n<figure class=\"wp-block-gallery columns-3 is-cropped wp-block-gallery-3 is-layout-flex wp-block-gallery-is-layout-flex\"><ul class=\"blocks-gallery-grid\"><li class=\"blocks-gallery-item\"><figure><img loading=\"lazy\" decoding=\"async\" width=\"1024\" height=\"683\" src=\"https:\/\/marcali.plebania.hu\/wp-content\/uploads\/2021\/12\/34-1024x683.jpg\" alt=\"\" data-id=\"3042\" data-link=\"https:\/\/marcali.plebania.hu\/?attachment_id=3042\" class=\"wp-image-3042\" srcset=\"https:\/\/marcali.plebania.hu\/wp-content\/uploads\/2021\/12\/34-1024x683.jpg 1024w, https:\/\/marcali.plebania.hu\/wp-content\/uploads\/2021\/12\/34-300x200.jpg 300w, https:\/\/marcali.plebania.hu\/wp-content\/uploads\/2021\/12\/34-768x512.jpg 768w, https:\/\/marcali.plebania.hu\/wp-content\/uploads\/2021\/12\/34-1536x1024.jpg 1536w, https:\/\/marcali.plebania.hu\/wp-content\/uploads\/2021\/12\/34-2048x1365.jpg 2048w, https:\/\/marcali.plebania.hu\/wp-content\/uploads\/2021\/12\/34-405x270.jpg 405w\" sizes=\"auto, (max-width: 1024px) 100vw, 1024px\" \/><\/figure><\/li><li class=\"blocks-gallery-item\"><figure><img loading=\"lazy\" decoding=\"async\" width=\"1024\" height=\"683\" src=\"https:\/\/marcali.plebania.hu\/wp-content\/uploads\/2021\/12\/36-1-1024x683.jpg\" alt=\"\" data-id=\"3046\" data-link=\"https:\/\/marcali.plebania.hu\/?attachment_id=3046\" class=\"wp-image-3046\" srcset=\"https:\/\/marcali.plebania.hu\/wp-content\/uploads\/2021\/12\/36-1-1024x683.jpg 1024w, https:\/\/marcali.plebania.hu\/wp-content\/uploads\/2021\/12\/36-1-300x200.jpg 300w, https:\/\/marcali.plebania.hu\/wp-content\/uploads\/2021\/12\/36-1-768x512.jpg 768w, https:\/\/marcali.plebania.hu\/wp-content\/uploads\/2021\/12\/36-1-1536x1024.jpg 1536w, https:\/\/marcali.plebania.hu\/wp-content\/uploads\/2021\/12\/36-1-2048x1365.jpg 2048w, https:\/\/marcali.plebania.hu\/wp-content\/uploads\/2021\/12\/36-1-405x270.jpg 405w\" sizes=\"auto, (max-width: 1024px) 100vw, 1024px\" \/><\/figure><\/li><li class=\"blocks-gallery-item\"><figure><img loading=\"lazy\" decoding=\"async\" width=\"1024\" height=\"683\" src=\"https:\/\/marcali.plebania.hu\/wp-content\/uploads\/2021\/12\/38-1-1024x683.jpg\" alt=\"\" data-id=\"3047\" data-link=\"https:\/\/marcali.plebania.hu\/?attachment_id=3047\" class=\"wp-image-3047\" srcset=\"https:\/\/marcali.plebania.hu\/wp-content\/uploads\/2021\/12\/38-1-1024x683.jpg 1024w, https:\/\/marcali.plebania.hu\/wp-content\/uploads\/2021\/12\/38-1-300x200.jpg 300w, https:\/\/marcali.plebania.hu\/wp-content\/uploads\/2021\/12\/38-1-768x512.jpg 768w, https:\/\/marcali.plebania.hu\/wp-content\/uploads\/2021\/12\/38-1-1536x1024.jpg 1536w, https:\/\/marcali.plebania.hu\/wp-content\/uploads\/2021\/12\/38-1-2048x1365.jpg 2048w, https:\/\/marcali.plebania.hu\/wp-content\/uploads\/2021\/12\/38-1-405x270.jpg 405w\" sizes=\"auto, (max-width: 1024px) 100vw, 1024px\" \/><\/figure><\/li><li class=\"blocks-gallery-item\"><figure><img loading=\"lazy\" decoding=\"async\" width=\"1024\" height=\"683\" src=\"https:\/\/marcali.plebania.hu\/wp-content\/uploads\/2021\/12\/40-1-1024x683.jpg\" alt=\"\" data-id=\"3048\" data-full-url=\"https:\/\/marcali.plebania.hu\/wp-content\/uploads\/2021\/12\/40-1-scaled.jpg\" data-link=\"https:\/\/marcali.plebania.hu\/?attachment_id=3048\" class=\"wp-image-3048\" srcset=\"https:\/\/marcali.plebania.hu\/wp-content\/uploads\/2021\/12\/40-1-1024x683.jpg 1024w, https:\/\/marcali.plebania.hu\/wp-content\/uploads\/2021\/12\/40-1-300x200.jpg 300w, https:\/\/marcali.plebania.hu\/wp-content\/uploads\/2021\/12\/40-1-768x512.jpg 768w, https:\/\/marcali.plebania.hu\/wp-content\/uploads\/2021\/12\/40-1-1536x1024.jpg 1536w, https:\/\/marcali.plebania.hu\/wp-content\/uploads\/2021\/12\/40-1-2048x1365.jpg 2048w, https:\/\/marcali.plebania.hu\/wp-content\/uploads\/2021\/12\/40-1-405x270.jpg 405w\" sizes=\"auto, (max-width: 1024px) 100vw, 1024px\" \/><\/figure><\/li><\/ul><\/figure>\n","protected":false},"excerpt":{"rendered":"<p>2021. december 4-\u00e9n, szombaton este 17 \u00f3rakor, a pl\u00e9b\u00e1niatemplom el\u0151tti Boldog II. J\u00e1nos P\u00e1l p\u00e1pa t\u00e9ren \u00e1ll\u00f3 k\u00fclt\u00e9ri \u00e1dventi koszor\u00fan felgyulladt a m\u00e1sodik gyertya f\u00e9nye is. Az ism\u00e9t nagy sz\u00e1mban megjelenteket Kiss Iv\u00e1n c. pr\u00e9post, pl\u00e9b\u00e1nos k\u00f6sz\u00f6nt\u00f6tte, majd bevezet\u0151 gondolatai ut\u00e1n a Berzsenyi D\u00e1niel Gimn\u00e1zium tanul\u00f3i adtak el\u0151 egy igen l\u00e1tv\u00e1nyos \u00e9s tartalmas pr\u00f3zai, zen\u00e9s \u00e9s t\u00e1ncos m\u0171sort, melyet Farkasn\u00e9 Bencze Andrea tan\u00e1rn\u0151 tan\u00edtott be a di\u00e1koknak. A kar\u00e1csonyra val\u00f3 felk\u00e9sz\u00fcl\u00e9s r\u00e9szek\u00e9nt a m\u00e1sodik \u00e1dventi gyerty\u00e1t \u2013 Iv\u00e1n atya \u00e9s&#8230;<\/p>\n<p class=\"read-more\"><a class=\"btn btn-default\" href=\"https:\/\/marcali.plebania.hu\/?p=3033\"> Read More<span class=\"screen-reader-text\">  Read More<\/span><\/a><\/p>\n","protected":false},"author":2,"featured_media":0,"comment_status":"closed","ping_status":"open","sticky":false,"template":"","format":"standard","meta":{"footnotes":""},"categories":[1],"tags":[],"class_list":["post-3033","post","type-post","status-publish","format-standard","hentry","category-egyeb"],"_links":{"self":[{"href":"https:\/\/marcali.plebania.hu\/index.php?rest_route=\/wp\/v2\/posts\/3033","targetHints":{"allow":["GET"]}}],"collection":[{"href":"https:\/\/marcali.plebania.hu\/index.php?rest_route=\/wp\/v2\/posts"}],"about":[{"href":"https:\/\/marcali.plebania.hu\/index.php?rest_route=\/wp\/v2\/types\/post"}],"author":[{"embeddable":true,"href":"https:\/\/marcali.plebania.hu\/index.php?rest_route=\/wp\/v2\/users\/2"}],"replies":[{"embeddable":true,"href":"https:\/\/marcali.plebania.hu\/index.php?rest_route=%2Fwp%2Fv2%2Fcomments&post=3033"}],"version-history":[{"count":1,"href":"https:\/\/marcali.plebania.hu\/index.php?rest_route=\/wp\/v2\/posts\/3033\/revisions"}],"predecessor-version":[{"id":3049,"href":"https:\/\/marcali.plebania.hu\/index.php?rest_route=\/wp\/v2\/posts\/3033\/revisions\/3049"}],"wp:attachment":[{"href":"https:\/\/marcali.plebania.hu\/index.php?rest_route=%2Fwp%2Fv2%2Fmedia&parent=3033"}],"wp:term":[{"taxonomy":"category","embeddable":true,"href":"https:\/\/marcali.plebania.hu\/index.php?rest_route=%2Fwp%2Fv2%2Fcategories&post=3033"},{"taxonomy":"post_tag","embeddable":true,"href":"https:\/\/marcali.plebania.hu\/index.php?rest_route=%2Fwp%2Fv2%2Ftags&post=3033"}],"curies":[{"name":"wp","href":"https:\/\/api.w.org\/{rel}","templated":true}]}}