{"id":3053,"date":"2021-12-10T08:30:49","date_gmt":"2021-12-10T08:30:49","guid":{"rendered":"https:\/\/marcali.plebania.hu\/?p=3053"},"modified":"2021-12-14T16:15:35","modified_gmt":"2021-12-14T16:15:35","slug":"hirdetesek-2021-12-12","status":"publish","type":"post","link":"https:\/\/marcali.plebania.hu\/?p=3053","title":{"rendered":"Hirdet\u00e9sek, 2021. 12. 12."},"content":{"rendered":"\n<ol class=\"wp-block-list\"><li>Ma van \u00e1dvent 3. vas\u00e1rnapja.<\/li><li>Kedden 16 \u00f3rakor tartjuk meg a fatimai \u00e1jtatoss\u00e1got, ut\u00e1na 17 \u00f3rakor szentmise.<\/li><li> P\u00e9nteken 16.15-kor a lelki adopt\u00e1l\u00f3k im\u00e1ja lesz a pl\u00e9b\u00e1niatemplomban. <\/li><li>Szombaton 17 \u00f3rakor meggy\u00fajtjuk a 4. gyerty\u00e1t a k\u00fclt\u00e9ri \u00e1dventi koszor\u00fankon. K\u00f6zrem\u0171k\u00f6dnek a Marcali hittanos gyermekek.<\/li><li>J\u00f6v\u0151 vas\u00e1rnap, december 19-\u00e9n 14 \u00f3r\u00e1t\u00f3l egyh\u00e1zi k\u00f6nny\u0171zenei koncert lesz a Marcali Kiss L\u00e1szl\u00f3 Sportcsarnokban. K\u00f6zrem\u0171k\u00f6dnek az egyh\u00e1zmegye zenekarai, k\u00f6zt\u00fck a Marcali F\u00e9ny Gyermekei Katolikus Zenekar. A koncertet megl\u00e1togatja Varga L\u00e1szl\u00f3 megy\u00e9sp\u00fcsp\u00f6k is.<\/li><li>Napt\u00e1rak, kalend\u00e1riumok kaphat\u00f3k a sekresty\u00e9ben.<\/li><li>A kar\u00e1csonyi vir\u00e1gp\u00e9nzt k\u00e9rj\u00fck a sekresty\u00e9snek leadni.<\/li><\/ol>\n","protected":false},"excerpt":{"rendered":"<p>Ma van \u00e1dvent 3. vas\u00e1rnapja. Kedden 16 \u00f3rakor tartjuk meg a fatimai \u00e1jtatoss\u00e1got, ut\u00e1na 17 \u00f3rakor szentmise. P\u00e9nteken 16.15-kor a lelki adopt\u00e1l\u00f3k im\u00e1ja lesz a pl\u00e9b\u00e1niatemplomban. Szombaton 17 \u00f3rakor meggy\u00fajtjuk a 4. gyerty\u00e1t a k\u00fclt\u00e9ri \u00e1dventi koszor\u00fankon. K\u00f6zrem\u0171k\u00f6dnek a Marcali hittanos gyermekek. J\u00f6v\u0151 vas\u00e1rnap, december 19-\u00e9n 14 \u00f3r\u00e1t\u00f3l egyh\u00e1zi k\u00f6nny\u0171zenei koncert lesz a Marcali Kiss L\u00e1szl\u00f3 Sportcsarnokban. K\u00f6zrem\u0171k\u00f6dnek az egyh\u00e1zmegye zenekarai, k\u00f6zt\u00fck a Marcali F\u00e9ny Gyermekei Katolikus Zenekar. A koncertet megl\u00e1togatja Varga L\u00e1szl\u00f3 megy\u00e9sp\u00fcsp\u00f6k is. Napt\u00e1rak, kalend\u00e1riumok kaphat\u00f3k a sekresty\u00e9ben&#8230;.<\/p>\n<p class=\"read-more\"><a class=\"btn btn-default\" href=\"https:\/\/marcali.plebania.hu\/?p=3053\"> Read More<span class=\"screen-reader-text\">  Read More<\/span><\/a><\/p>\n","protected":false},"author":2,"featured_media":0,"comment_status":"closed","ping_status":"open","sticky":false,"template":"","format":"standard","meta":{"footnotes":""},"categories":[1],"tags":[],"class_list":["post-3053","post","type-post","status-publish","format-standard","hentry","category-egyeb"],"_links":{"self":[{"href":"https:\/\/marcali.plebania.hu\/index.php?rest_route=\/wp\/v2\/posts\/3053","targetHints":{"allow":["GET"]}}],"collection":[{"href":"https:\/\/marcali.plebania.hu\/index.php?rest_route=\/wp\/v2\/posts"}],"about":[{"href":"https:\/\/marcali.plebania.hu\/index.php?rest_route=\/wp\/v2\/types\/post"}],"author":[{"embeddable":true,"href":"https:\/\/marcali.plebania.hu\/index.php?rest_route=\/wp\/v2\/users\/2"}],"replies":[{"embeddable":true,"href":"https:\/\/marcali.plebania.hu\/index.php?rest_route=%2Fwp%2Fv2%2Fcomments&post=3053"}],"version-history":[{"count":2,"href":"https:\/\/marcali.plebania.hu\/index.php?rest_route=\/wp\/v2\/posts\/3053\/revisions"}],"predecessor-version":[{"id":3091,"href":"https:\/\/marcali.plebania.hu\/index.php?rest_route=\/wp\/v2\/posts\/3053\/revisions\/3091"}],"wp:attachment":[{"href":"https:\/\/marcali.plebania.hu\/index.php?rest_route=%2Fwp%2Fv2%2Fmedia&parent=3053"}],"wp:term":[{"taxonomy":"category","embeddable":true,"href":"https:\/\/marcali.plebania.hu\/index.php?rest_route=%2Fwp%2Fv2%2Fcategories&post=3053"},{"taxonomy":"post_tag","embeddable":true,"href":"https:\/\/marcali.plebania.hu\/index.php?rest_route=%2Fwp%2Fv2%2Ftags&post=3053"}],"curies":[{"name":"wp","href":"https:\/\/api.w.org\/{rel}","templated":true}]}}