{"id":306,"date":"2018-08-07T13:41:03","date_gmt":"2018-08-07T13:41:03","guid":{"rendered":"https:\/\/marcali.plebania.hu\/?p=306"},"modified":"2018-08-07T13:41:03","modified_gmt":"2018-08-07T13:41:03","slug":"szent-kristof-napi-jarmu-es-gepjarmuszenteles-marcaliban","status":"publish","type":"post","link":"https:\/\/marcali.plebania.hu\/?p=306","title":{"rendered":"Szent Krist\u00f3f napi j\u00e1rm\u0171- \u00e9s g\u00e9pj\u00e1rm\u0171szentel\u00e9s Marcaliban"},"content":{"rendered":"<p>J\u00falius 29-\u00e9n, vas\u00e1rnap zs\u00fafol\u00e1sig megteltek a pl\u00e9b\u00e1niatemplom k\u00f6rny\u00e9ki park\u00edroz\u00f3k \u00e9s a Templom utca eleje j\u00e1rm\u0171vekkel \u00e9s g\u00e9pj\u00e1rm\u0171vekkel, hogy szent Krist\u00f3f ut\u00e1ni vas\u00e1rnapon meg\u00e1ldj\u00e1k \u0151ket \u00e9s vezet\u0151iket.<\/p>\n<p><img loading=\"lazy\" decoding=\"async\" class=\"aligncenter wp-image-307 size-large\" src=\"https:\/\/marcali.plebania.hu\/wp-content\/uploads\/2018\/08\/Krist\u00f3f-hittant18-043-1024x678.jpg\" alt=\"\" width=\"640\" height=\"424\" srcset=\"https:\/\/marcali.plebania.hu\/wp-content\/uploads\/2018\/08\/Krist\u00f3f-hittant18-043.jpg 1024w, https:\/\/marcali.plebania.hu\/wp-content\/uploads\/2018\/08\/Krist\u00f3f-hittant18-043-300x199.jpg 300w, https:\/\/marcali.plebania.hu\/wp-content\/uploads\/2018\/08\/Krist\u00f3f-hittant18-043-768x509.jpg 768w, https:\/\/marcali.plebania.hu\/wp-content\/uploads\/2018\/08\/Krist\u00f3f-hittant18-043-408x270.jpg 408w\" sizes=\"auto, (max-width: 640px) 100vw, 640px\" \/><\/p>\n<p>Szent Krist\u00f3f \u00fcnnep\u00e9t j\u00falius 25-\u00e9n tartja a katolikus hagyom\u00e1ny. Az utasok, v\u00e1ndorok, haj\u00f3sok v\u00e9d\u0151szentje, a tizenn\u00e9gy seg\u00edt\u0151 szent egyike, a n\u00e9pies vall\u00e1soss\u00e1g tal\u00e1n legn\u00e9pszer\u0171bb alakja, akinek k\u00e9p\u00e9t ma is sok aut\u00f3s \u00e9s motoros mag\u00e1val hordja. A Magyar Aut\u00f3klub Szent Krist\u00f3fr\u00f3l nevezte el azt a d\u00edjat, amelynek bronz, ez\u00fcst \u00e9s arany fokozat\u00e1val jutalmazza azokat, akik legt\u00f6bbet tettek a biztons\u00e1gos k\u00f6zleked\u00e9s\u00e9rt.<\/p>\n<p><img loading=\"lazy\" decoding=\"async\" class=\"aligncenter wp-image-308 size-large\" src=\"https:\/\/marcali.plebania.hu\/wp-content\/uploads\/2018\/08\/Krist\u00f3f-hittant18-054-1024x678.jpg\" alt=\"\" width=\"640\" height=\"424\" srcset=\"https:\/\/marcali.plebania.hu\/wp-content\/uploads\/2018\/08\/Krist\u00f3f-hittant18-054.jpg 1024w, https:\/\/marcali.plebania.hu\/wp-content\/uploads\/2018\/08\/Krist\u00f3f-hittant18-054-300x199.jpg 300w, https:\/\/marcali.plebania.hu\/wp-content\/uploads\/2018\/08\/Krist\u00f3f-hittant18-054-768x509.jpg 768w, https:\/\/marcali.plebania.hu\/wp-content\/uploads\/2018\/08\/Krist\u00f3f-hittant18-054-408x270.jpg 408w\" sizes=\"auto, (max-width: 640px) 100vw, 640px\" \/><\/p>\n<p>A mai vas\u00e1rnapi reggeli szentmis\u00e9n im\u00e1dkoztak a h\u00edvek az \u00faton l\u00e9v\u0151k\u00e9rt, a g\u00e9pj\u00e1rm\u0171vek vezet\u0151i\u00e9rt, a k\u00f6zleked\u00e9si mor\u00e1l javul\u00e1s\u00e1\u00e9rt \u00e9s a szerencs\u00e9s meg\u00e9rkez\u00e9s\u00e9rt. A templomban jelk\u00e9pesen behoztak egy ker\u00e9kp\u00e1rt \u00e9s az egyik kisl\u00e1ny m\u00e9g a g\u00f6rkorcsoly\u00e1j\u00e1t is meg\u00e1ldatta.<\/p>\n<p><img loading=\"lazy\" decoding=\"async\" class=\"aligncenter wp-image-309 size-large\" src=\"https:\/\/marcali.plebania.hu\/wp-content\/uploads\/2018\/08\/Krist\u00f3f-hittant18-037-1024x678.jpg\" alt=\"\" width=\"640\" height=\"424\" srcset=\"https:\/\/marcali.plebania.hu\/wp-content\/uploads\/2018\/08\/Krist\u00f3f-hittant18-037.jpg 1024w, https:\/\/marcali.plebania.hu\/wp-content\/uploads\/2018\/08\/Krist\u00f3f-hittant18-037-300x199.jpg 300w, https:\/\/marcali.plebania.hu\/wp-content\/uploads\/2018\/08\/Krist\u00f3f-hittant18-037-768x509.jpg 768w, https:\/\/marcali.plebania.hu\/wp-content\/uploads\/2018\/08\/Krist\u00f3f-hittant18-037-408x270.jpg 408w\" sizes=\"auto, (max-width: 640px) 100vw, 640px\" \/><\/p>\n","protected":false},"excerpt":{"rendered":"<p>J\u00falius 29-\u00e9n, vas\u00e1rnap zs\u00fafol\u00e1sig megteltek a pl\u00e9b\u00e1niatemplom k\u00f6rny\u00e9ki park\u00edroz\u00f3k \u00e9s a Templom utca eleje j\u00e1rm\u0171vekkel \u00e9s g\u00e9pj\u00e1rm\u0171vekkel, hogy szent Krist\u00f3f ut\u00e1ni vas\u00e1rnapon meg\u00e1ldj\u00e1k \u0151ket \u00e9s vezet\u0151iket. Szent Krist\u00f3f \u00fcnnep\u00e9t j\u00falius 25-\u00e9n tartja a katolikus hagyom\u00e1ny. Az utasok, v\u00e1ndorok, haj\u00f3sok v\u00e9d\u0151szentje, a tizenn\u00e9gy seg\u00edt\u0151 szent egyike, a n\u00e9pies vall\u00e1soss\u00e1g tal\u00e1n legn\u00e9pszer\u0171bb alakja, akinek k\u00e9p\u00e9t ma is sok aut\u00f3s \u00e9s motoros mag\u00e1val hordja. A Magyar Aut\u00f3klub Szent Krist\u00f3fr\u00f3l nevezte el azt a d\u00edjat, amelynek bronz, ez\u00fcst \u00e9s arany fokozat\u00e1val jutalmazza azokat, akik&#8230;<\/p>\n<p class=\"read-more\"><a class=\"btn btn-default\" href=\"https:\/\/marcali.plebania.hu\/?p=306\"> Read More<span class=\"screen-reader-text\">  Read More<\/span><\/a><\/p>\n","protected":false},"author":2,"featured_media":0,"comment_status":"closed","ping_status":"open","sticky":false,"template":"","format":"standard","meta":{"footnotes":""},"categories":[1],"tags":[],"class_list":["post-306","post","type-post","status-publish","format-standard","hentry","category-egyeb"],"_links":{"self":[{"href":"https:\/\/marcali.plebania.hu\/index.php?rest_route=\/wp\/v2\/posts\/306","targetHints":{"allow":["GET"]}}],"collection":[{"href":"https:\/\/marcali.plebania.hu\/index.php?rest_route=\/wp\/v2\/posts"}],"about":[{"href":"https:\/\/marcali.plebania.hu\/index.php?rest_route=\/wp\/v2\/types\/post"}],"author":[{"embeddable":true,"href":"https:\/\/marcali.plebania.hu\/index.php?rest_route=\/wp\/v2\/users\/2"}],"replies":[{"embeddable":true,"href":"https:\/\/marcali.plebania.hu\/index.php?rest_route=%2Fwp%2Fv2%2Fcomments&post=306"}],"version-history":[{"count":1,"href":"https:\/\/marcali.plebania.hu\/index.php?rest_route=\/wp\/v2\/posts\/306\/revisions"}],"predecessor-version":[{"id":310,"href":"https:\/\/marcali.plebania.hu\/index.php?rest_route=\/wp\/v2\/posts\/306\/revisions\/310"}],"wp:attachment":[{"href":"https:\/\/marcali.plebania.hu\/index.php?rest_route=%2Fwp%2Fv2%2Fmedia&parent=306"}],"wp:term":[{"taxonomy":"category","embeddable":true,"href":"https:\/\/marcali.plebania.hu\/index.php?rest_route=%2Fwp%2Fv2%2Fcategories&post=306"},{"taxonomy":"post_tag","embeddable":true,"href":"https:\/\/marcali.plebania.hu\/index.php?rest_route=%2Fwp%2Fv2%2Ftags&post=306"}],"curies":[{"name":"wp","href":"https:\/\/api.w.org\/{rel}","templated":true}]}}