{"id":3069,"date":"2021-12-13T16:20:06","date_gmt":"2021-12-13T16:20:06","guid":{"rendered":"https:\/\/marcali.plebania.hu\/?p=3069"},"modified":"2021-12-13T16:20:06","modified_gmt":"2021-12-13T16:20:06","slug":"zenes-ahitat-szentmise-babtancoltato-betlehemes-jatek-a-vorsi-betlehemnel-advent-3-vasarnapjan","status":"publish","type":"post","link":"https:\/\/marcali.plebania.hu\/?p=3069","title":{"rendered":"Zen\u00e9s \u00e1h\u00edtat, szentmise, b\u00e1bt\u00e1ncoltat\u00f3 betlehemes j\u00e1t\u00e9k a v\u00f6rsi betlehemn\u00e9l \u00e1dvent 3. vas\u00e1rnapj\u00e1n"},"content":{"rendered":"\n<p>2021. december 12-\u00e9n, 14 \u00f3rakor, \u00e1dvent 3. vas\u00e1rnapj\u00e1n, a v\u00f6rsi templomban kezd\u0151d\u00f6tt az \u00fcnnepi szentmise, melyet Kiss Iv\u00e1n c. pr\u00e9post, Marcali pl\u00e9b\u00e1nos celebr\u00e1lt.<\/p>\n\n\n\n<figure class=\"wp-block-gallery columns-3 is-cropped wp-block-gallery-1 is-layout-flex wp-block-gallery-is-layout-flex\"><ul class=\"blocks-gallery-grid\"><li class=\"blocks-gallery-item\"><figure><img loading=\"lazy\" decoding=\"async\" width=\"1024\" height=\"683\" src=\"https:\/\/marcali.plebania.hu\/wp-content\/uploads\/2021\/12\/01-1024x683.jpg\" alt=\"\" data-id=\"3070\" data-link=\"https:\/\/marcali.plebania.hu\/?attachment_id=3070\" class=\"wp-image-3070\" srcset=\"https:\/\/marcali.plebania.hu\/wp-content\/uploads\/2021\/12\/01-1024x683.jpg 1024w, https:\/\/marcali.plebania.hu\/wp-content\/uploads\/2021\/12\/01-300x200.jpg 300w, https:\/\/marcali.plebania.hu\/wp-content\/uploads\/2021\/12\/01-768x512.jpg 768w, https:\/\/marcali.plebania.hu\/wp-content\/uploads\/2021\/12\/01-1536x1024.jpg 1536w, https:\/\/marcali.plebania.hu\/wp-content\/uploads\/2021\/12\/01-2048x1365.jpg 2048w, https:\/\/marcali.plebania.hu\/wp-content\/uploads\/2021\/12\/01-405x270.jpg 405w\" sizes=\"auto, (max-width: 1024px) 100vw, 1024px\" \/><\/figure><\/li><li class=\"blocks-gallery-item\"><figure><img loading=\"lazy\" decoding=\"async\" width=\"1024\" height=\"683\" src=\"https:\/\/marcali.plebania.hu\/wp-content\/uploads\/2021\/12\/07-1-1024x683.jpg\" alt=\"\" data-id=\"3071\" data-link=\"https:\/\/marcali.plebania.hu\/?attachment_id=3071\" class=\"wp-image-3071\" srcset=\"https:\/\/marcali.plebania.hu\/wp-content\/uploads\/2021\/12\/07-1-1024x683.jpg 1024w, https:\/\/marcali.plebania.hu\/wp-content\/uploads\/2021\/12\/07-1-300x200.jpg 300w, https:\/\/marcali.plebania.hu\/wp-content\/uploads\/2021\/12\/07-1-768x512.jpg 768w, https:\/\/marcali.plebania.hu\/wp-content\/uploads\/2021\/12\/07-1-1536x1024.jpg 1536w, https:\/\/marcali.plebania.hu\/wp-content\/uploads\/2021\/12\/07-1-2048x1365.jpg 2048w, https:\/\/marcali.plebania.hu\/wp-content\/uploads\/2021\/12\/07-1-405x270.jpg 405w\" sizes=\"auto, (max-width: 1024px) 100vw, 1024px\" \/><\/figure><\/li><li class=\"blocks-gallery-item\"><figure><img loading=\"lazy\" decoding=\"async\" width=\"1024\" height=\"683\" src=\"https:\/\/marcali.plebania.hu\/wp-content\/uploads\/2021\/12\/30-1024x683.jpg\" alt=\"\" data-id=\"3072\" data-link=\"https:\/\/marcali.plebania.hu\/?attachment_id=3072\" class=\"wp-image-3072\" srcset=\"https:\/\/marcali.plebania.hu\/wp-content\/uploads\/2021\/12\/30-1024x683.jpg 1024w, https:\/\/marcali.plebania.hu\/wp-content\/uploads\/2021\/12\/30-300x200.jpg 300w, https:\/\/marcali.plebania.hu\/wp-content\/uploads\/2021\/12\/30-768x512.jpg 768w, https:\/\/marcali.plebania.hu\/wp-content\/uploads\/2021\/12\/30-1536x1024.jpg 1536w, https:\/\/marcali.plebania.hu\/wp-content\/uploads\/2021\/12\/30-2048x1365.jpg 2048w, https:\/\/marcali.plebania.hu\/wp-content\/uploads\/2021\/12\/30-405x270.jpg 405w\" sizes=\"auto, (max-width: 1024px) 100vw, 1024px\" \/><\/figure><\/li><li class=\"blocks-gallery-item\"><figure><img loading=\"lazy\" decoding=\"async\" width=\"1024\" height=\"683\" src=\"https:\/\/marcali.plebania.hu\/wp-content\/uploads\/2021\/12\/24-1024x683.jpg\" alt=\"\" data-id=\"3073\" data-full-url=\"https:\/\/marcali.plebania.hu\/wp-content\/uploads\/2021\/12\/24-scaled.jpg\" data-link=\"https:\/\/marcali.plebania.hu\/?attachment_id=3073\" class=\"wp-image-3073\" srcset=\"https:\/\/marcali.plebania.hu\/wp-content\/uploads\/2021\/12\/24-1024x683.jpg 1024w, https:\/\/marcali.plebania.hu\/wp-content\/uploads\/2021\/12\/24-300x200.jpg 300w, https:\/\/marcali.plebania.hu\/wp-content\/uploads\/2021\/12\/24-768x512.jpg 768w, https:\/\/marcali.plebania.hu\/wp-content\/uploads\/2021\/12\/24-1536x1024.jpg 1536w, https:\/\/marcali.plebania.hu\/wp-content\/uploads\/2021\/12\/24-2048x1365.jpg 2048w, https:\/\/marcali.plebania.hu\/wp-content\/uploads\/2021\/12\/24-405x270.jpg 405w\" sizes=\"auto, (max-width: 1024px) 100vw, 1024px\" \/><\/figure><\/li><\/ul><\/figure>\n\n\n\n<p>A d\u00e9lut\u00e1ni program r\u00e9szek\u00e9nt el\u0151sz\u00f6r 13.15 \u00f3r\u00e1t\u00f3l a Marcali F\u00e9ny Gyermekei Katolikus Zenekar \u2013 Balogh B\u00e1lint k\u00e1ntorral kieg\u00e9sz\u00fclve \u2013 tartott zen\u00e9s \u00e1h\u00edtatot a kar\u00e1csonyra val\u00f3 r\u00e1hangol\u00f3d\u00e1s r\u00e9szek\u00e9nt, mik\u00f6zben sokan megtekintett\u00e9k \u00e9s k\u00fcl\u00f6nf\u00e9le felv\u00e9teleket k\u00e9sz\u00edtettek Magyarorsz\u00e1g legnagyobb belt\u00e9ri betlehem\u00e9r\u0151l.<\/p>\n\n\n\n<figure class=\"wp-block-gallery columns-3 is-cropped wp-block-gallery-2 is-layout-flex wp-block-gallery-is-layout-flex\"><ul class=\"blocks-gallery-grid\"><li class=\"blocks-gallery-item\"><figure><img loading=\"lazy\" decoding=\"async\" width=\"1024\" height=\"683\" src=\"https:\/\/marcali.plebania.hu\/wp-content\/uploads\/2021\/12\/29-1024x683.jpg\" alt=\"\" data-id=\"3074\" data-link=\"https:\/\/marcali.plebania.hu\/?attachment_id=3074\" class=\"wp-image-3074\" srcset=\"https:\/\/marcali.plebania.hu\/wp-content\/uploads\/2021\/12\/29-1024x683.jpg 1024w, https:\/\/marcali.plebania.hu\/wp-content\/uploads\/2021\/12\/29-300x200.jpg 300w, https:\/\/marcali.plebania.hu\/wp-content\/uploads\/2021\/12\/29-768x512.jpg 768w, https:\/\/marcali.plebania.hu\/wp-content\/uploads\/2021\/12\/29-1536x1024.jpg 1536w, https:\/\/marcali.plebania.hu\/wp-content\/uploads\/2021\/12\/29-2048x1365.jpg 2048w, https:\/\/marcali.plebania.hu\/wp-content\/uploads\/2021\/12\/29-405x270.jpg 405w\" sizes=\"auto, (max-width: 1024px) 100vw, 1024px\" \/><\/figure><\/li><li class=\"blocks-gallery-item\"><figure><img loading=\"lazy\" decoding=\"async\" width=\"1024\" height=\"683\" src=\"https:\/\/marcali.plebania.hu\/wp-content\/uploads\/2021\/12\/31-2-1024x683.jpg\" alt=\"\" data-id=\"3075\" data-link=\"https:\/\/marcali.plebania.hu\/?attachment_id=3075\" class=\"wp-image-3075\" srcset=\"https:\/\/marcali.plebania.hu\/wp-content\/uploads\/2021\/12\/31-2-1024x683.jpg 1024w, https:\/\/marcali.plebania.hu\/wp-content\/uploads\/2021\/12\/31-2-300x200.jpg 300w, https:\/\/marcali.plebania.hu\/wp-content\/uploads\/2021\/12\/31-2-768x512.jpg 768w, https:\/\/marcali.plebania.hu\/wp-content\/uploads\/2021\/12\/31-2-1536x1024.jpg 1536w, https:\/\/marcali.plebania.hu\/wp-content\/uploads\/2021\/12\/31-2-2048x1365.jpg 2048w, https:\/\/marcali.plebania.hu\/wp-content\/uploads\/2021\/12\/31-2-405x270.jpg 405w\" sizes=\"auto, (max-width: 1024px) 100vw, 1024px\" \/><\/figure><\/li><li class=\"blocks-gallery-item\"><figure><img loading=\"lazy\" decoding=\"async\" width=\"1024\" height=\"683\" src=\"https:\/\/marcali.plebania.hu\/wp-content\/uploads\/2021\/12\/44-1024x683.jpg\" alt=\"\" data-id=\"3076\" data-link=\"https:\/\/marcali.plebania.hu\/?attachment_id=3076\" class=\"wp-image-3076\" srcset=\"https:\/\/marcali.plebania.hu\/wp-content\/uploads\/2021\/12\/44-1024x683.jpg 1024w, https:\/\/marcali.plebania.hu\/wp-content\/uploads\/2021\/12\/44-300x200.jpg 300w, https:\/\/marcali.plebania.hu\/wp-content\/uploads\/2021\/12\/44-768x512.jpg 768w, https:\/\/marcali.plebania.hu\/wp-content\/uploads\/2021\/12\/44-1536x1024.jpg 1536w, https:\/\/marcali.plebania.hu\/wp-content\/uploads\/2021\/12\/44-2048x1365.jpg 2048w, https:\/\/marcali.plebania.hu\/wp-content\/uploads\/2021\/12\/44-405x270.jpg 405w\" sizes=\"auto, (max-width: 1024px) 100vw, 1024px\" \/><\/figure><\/li><li class=\"blocks-gallery-item\"><figure><img loading=\"lazy\" decoding=\"async\" width=\"1024\" height=\"683\" src=\"https:\/\/marcali.plebania.hu\/wp-content\/uploads\/2021\/12\/46-1024x683.jpg\" alt=\"\" data-id=\"3077\" data-full-url=\"https:\/\/marcali.plebania.hu\/wp-content\/uploads\/2021\/12\/46-scaled.jpg\" data-link=\"https:\/\/marcali.plebania.hu\/?attachment_id=3077\" class=\"wp-image-3077\" srcset=\"https:\/\/marcali.plebania.hu\/wp-content\/uploads\/2021\/12\/46-1024x683.jpg 1024w, https:\/\/marcali.plebania.hu\/wp-content\/uploads\/2021\/12\/46-300x200.jpg 300w, https:\/\/marcali.plebania.hu\/wp-content\/uploads\/2021\/12\/46-768x512.jpg 768w, https:\/\/marcali.plebania.hu\/wp-content\/uploads\/2021\/12\/46-1536x1024.jpg 1536w, https:\/\/marcali.plebania.hu\/wp-content\/uploads\/2021\/12\/46-2048x1365.jpg 2048w, https:\/\/marcali.plebania.hu\/wp-content\/uploads\/2021\/12\/46-405x270.jpg 405w\" sizes=\"auto, (max-width: 1024px) 100vw, 1024px\" \/><\/figure><\/li><\/ul><\/figure>\n\n\n\n<p>Majd az istentiszteleten Ungv\u00e1rszki Imre balatonszentgy\u00f6rgyi pl\u00e9b\u00e1nos \u00e9s N\u00e9meth Endre cs\u00e1k\u00e1nyi diak\u00f3nus mis\u00e9zett egy\u00fctt Iv\u00e1n aty\u00e1val, aki szentbesz\u00e9d\u00e9ben az \u00e1dventi harmadik \u00fcnnep jelent\u0151s\u00e9g\u00e9t hangs\u00falyozta. A rendezv\u00e9ny alatt Galambos Ferenc mesztegny\u0151i pl\u00e9b\u00e1nos gy\u00f3ntatta a zar\u00e1ndokokat, akik szent\u00e1ldoz\u00e1shoz is j\u00e1rulhattak.<\/p>\n\n\n\n<figure class=\"wp-block-gallery columns-3 is-cropped wp-block-gallery-3 is-layout-flex wp-block-gallery-is-layout-flex\"><ul class=\"blocks-gallery-grid\"><li class=\"blocks-gallery-item\"><figure><img loading=\"lazy\" decoding=\"async\" width=\"1024\" height=\"683\" src=\"https:\/\/marcali.plebania.hu\/wp-content\/uploads\/2021\/12\/38-2-1024x683.jpg\" alt=\"\" data-id=\"3078\" data-link=\"https:\/\/marcali.plebania.hu\/?attachment_id=3078\" class=\"wp-image-3078\" srcset=\"https:\/\/marcali.plebania.hu\/wp-content\/uploads\/2021\/12\/38-2-1024x683.jpg 1024w, https:\/\/marcali.plebania.hu\/wp-content\/uploads\/2021\/12\/38-2-300x200.jpg 300w, https:\/\/marcali.plebania.hu\/wp-content\/uploads\/2021\/12\/38-2-768x512.jpg 768w, https:\/\/marcali.plebania.hu\/wp-content\/uploads\/2021\/12\/38-2-1536x1024.jpg 1536w, https:\/\/marcali.plebania.hu\/wp-content\/uploads\/2021\/12\/38-2-2048x1365.jpg 2048w, https:\/\/marcali.plebania.hu\/wp-content\/uploads\/2021\/12\/38-2-405x270.jpg 405w\" sizes=\"auto, (max-width: 1024px) 100vw, 1024px\" \/><\/figure><\/li><li class=\"blocks-gallery-item\"><figure><img loading=\"lazy\" decoding=\"async\" width=\"1024\" height=\"683\" src=\"https:\/\/marcali.plebania.hu\/wp-content\/uploads\/2021\/12\/48-1024x683.jpg\" alt=\"\" data-id=\"3079\" data-link=\"https:\/\/marcali.plebania.hu\/?attachment_id=3079\" class=\"wp-image-3079\" srcset=\"https:\/\/marcali.plebania.hu\/wp-content\/uploads\/2021\/12\/48-1024x683.jpg 1024w, https:\/\/marcali.plebania.hu\/wp-content\/uploads\/2021\/12\/48-300x200.jpg 300w, https:\/\/marcali.plebania.hu\/wp-content\/uploads\/2021\/12\/48-768x512.jpg 768w, https:\/\/marcali.plebania.hu\/wp-content\/uploads\/2021\/12\/48-1536x1024.jpg 1536w, https:\/\/marcali.plebania.hu\/wp-content\/uploads\/2021\/12\/48-2048x1365.jpg 2048w, https:\/\/marcali.plebania.hu\/wp-content\/uploads\/2021\/12\/48-405x270.jpg 405w\" sizes=\"auto, (max-width: 1024px) 100vw, 1024px\" \/><\/figure><\/li><li class=\"blocks-gallery-item\"><figure><img loading=\"lazy\" decoding=\"async\" width=\"1024\" height=\"683\" src=\"https:\/\/marcali.plebania.hu\/wp-content\/uploads\/2021\/12\/49-1024x683.jpg\" alt=\"\" data-id=\"3080\" data-link=\"https:\/\/marcali.plebania.hu\/?attachment_id=3080\" class=\"wp-image-3080\" srcset=\"https:\/\/marcali.plebania.hu\/wp-content\/uploads\/2021\/12\/49-1024x683.jpg 1024w, https:\/\/marcali.plebania.hu\/wp-content\/uploads\/2021\/12\/49-300x200.jpg 300w, https:\/\/marcali.plebania.hu\/wp-content\/uploads\/2021\/12\/49-768x512.jpg 768w, https:\/\/marcali.plebania.hu\/wp-content\/uploads\/2021\/12\/49-1536x1024.jpg 1536w, https:\/\/marcali.plebania.hu\/wp-content\/uploads\/2021\/12\/49-2048x1365.jpg 2048w, https:\/\/marcali.plebania.hu\/wp-content\/uploads\/2021\/12\/49-405x270.jpg 405w\" sizes=\"auto, (max-width: 1024px) 100vw, 1024px\" \/><\/figure><\/li><li class=\"blocks-gallery-item\"><figure><img loading=\"lazy\" decoding=\"async\" width=\"1024\" height=\"683\" src=\"https:\/\/marcali.plebania.hu\/wp-content\/uploads\/2021\/12\/52-1024x683.jpg\" alt=\"\" data-id=\"3081\" data-full-url=\"https:\/\/marcali.plebania.hu\/wp-content\/uploads\/2021\/12\/52-scaled.jpg\" data-link=\"https:\/\/marcali.plebania.hu\/?attachment_id=3081\" class=\"wp-image-3081\" srcset=\"https:\/\/marcali.plebania.hu\/wp-content\/uploads\/2021\/12\/52-1024x683.jpg 1024w, https:\/\/marcali.plebania.hu\/wp-content\/uploads\/2021\/12\/52-300x200.jpg 300w, https:\/\/marcali.plebania.hu\/wp-content\/uploads\/2021\/12\/52-768x512.jpg 768w, https:\/\/marcali.plebania.hu\/wp-content\/uploads\/2021\/12\/52-1536x1024.jpg 1536w, https:\/\/marcali.plebania.hu\/wp-content\/uploads\/2021\/12\/52-2048x1365.jpg 2048w, https:\/\/marcali.plebania.hu\/wp-content\/uploads\/2021\/12\/52-405x270.jpg 405w\" sizes=\"auto, (max-width: 1024px) 100vw, 1024px\" \/><\/figure><\/li><\/ul><\/figure>\n\n\n\n<p>A szentmis\u00e9n T\u00f3th Eszter \u00c1gnes egy verssel, a marcali zenekar pedig git\u00e1ros \u00e9nekekkel m\u0171k\u00f6d\u00f6tt k\u00f6zre. V\u00e9g\u00fcl a v\u00f6rsi f\u00e9rfiak hagyom\u00e1nyos b\u00e1bt\u00e1ncoltat\u00f3 betlehemes j\u00e1t\u00e9ka z\u00e1rta a sz\u00e9p d\u00e9lut\u00e1nt. Az id\u00e9n \u2013 a sz\u00e9p naps\u00fct\u00e9ses id\u0151 miatt \u2013 sokan elj\u00f6ttek a t\u00e1volabbi \u00e9s a k\u00f6rnyez\u0151 telep\u00fcl\u00e9sekr\u0151l, valamint Marcalib\u00f3l is.<\/p>\n\n\n\n<figure class=\"wp-block-gallery columns-3 is-cropped wp-block-gallery-4 is-layout-flex wp-block-gallery-is-layout-flex\"><ul class=\"blocks-gallery-grid\"><li class=\"blocks-gallery-item\"><figure><img loading=\"lazy\" decoding=\"async\" width=\"1024\" height=\"683\" src=\"https:\/\/marcali.plebania.hu\/wp-content\/uploads\/2021\/12\/55-1024x683.jpg\" alt=\"\" data-id=\"3082\" data-link=\"https:\/\/marcali.plebania.hu\/?attachment_id=3082\" class=\"wp-image-3082\" srcset=\"https:\/\/marcali.plebania.hu\/wp-content\/uploads\/2021\/12\/55-1024x683.jpg 1024w, https:\/\/marcali.plebania.hu\/wp-content\/uploads\/2021\/12\/55-300x200.jpg 300w, https:\/\/marcali.plebania.hu\/wp-content\/uploads\/2021\/12\/55-768x512.jpg 768w, https:\/\/marcali.plebania.hu\/wp-content\/uploads\/2021\/12\/55-1536x1024.jpg 1536w, https:\/\/marcali.plebania.hu\/wp-content\/uploads\/2021\/12\/55-2048x1365.jpg 2048w, https:\/\/marcali.plebania.hu\/wp-content\/uploads\/2021\/12\/55-405x270.jpg 405w\" sizes=\"auto, (max-width: 1024px) 100vw, 1024px\" \/><\/figure><\/li><li class=\"blocks-gallery-item\"><figure><img loading=\"lazy\" decoding=\"async\" width=\"1024\" height=\"683\" src=\"https:\/\/marcali.plebania.hu\/wp-content\/uploads\/2021\/12\/59-1024x683.jpg\" alt=\"\" data-id=\"3083\" data-link=\"https:\/\/marcali.plebania.hu\/?attachment_id=3083\" class=\"wp-image-3083\" srcset=\"https:\/\/marcali.plebania.hu\/wp-content\/uploads\/2021\/12\/59-1024x683.jpg 1024w, https:\/\/marcali.plebania.hu\/wp-content\/uploads\/2021\/12\/59-300x200.jpg 300w, https:\/\/marcali.plebania.hu\/wp-content\/uploads\/2021\/12\/59-768x512.jpg 768w, https:\/\/marcali.plebania.hu\/wp-content\/uploads\/2021\/12\/59-1536x1024.jpg 1536w, https:\/\/marcali.plebania.hu\/wp-content\/uploads\/2021\/12\/59-2048x1365.jpg 2048w, https:\/\/marcali.plebania.hu\/wp-content\/uploads\/2021\/12\/59-405x270.jpg 405w\" sizes=\"auto, (max-width: 1024px) 100vw, 1024px\" \/><\/figure><\/li><li class=\"blocks-gallery-item\"><figure><img loading=\"lazy\" decoding=\"async\" width=\"1024\" height=\"683\" src=\"https:\/\/marcali.plebania.hu\/wp-content\/uploads\/2021\/12\/62-1024x683.jpg\" alt=\"\" data-id=\"3084\" data-link=\"https:\/\/marcali.plebania.hu\/?attachment_id=3084\" class=\"wp-image-3084\" srcset=\"https:\/\/marcali.plebania.hu\/wp-content\/uploads\/2021\/12\/62-1024x683.jpg 1024w, https:\/\/marcali.plebania.hu\/wp-content\/uploads\/2021\/12\/62-300x200.jpg 300w, https:\/\/marcali.plebania.hu\/wp-content\/uploads\/2021\/12\/62-768x512.jpg 768w, https:\/\/marcali.plebania.hu\/wp-content\/uploads\/2021\/12\/62-1536x1024.jpg 1536w, https:\/\/marcali.plebania.hu\/wp-content\/uploads\/2021\/12\/62-2048x1365.jpg 2048w, https:\/\/marcali.plebania.hu\/wp-content\/uploads\/2021\/12\/62-405x270.jpg 405w\" sizes=\"auto, (max-width: 1024px) 100vw, 1024px\" \/><\/figure><\/li><li class=\"blocks-gallery-item\"><figure><img loading=\"lazy\" decoding=\"async\" width=\"1024\" height=\"683\" src=\"https:\/\/marcali.plebania.hu\/wp-content\/uploads\/2021\/12\/66-1024x683.jpg\" alt=\"\" data-id=\"3085\" data-full-url=\"https:\/\/marcali.plebania.hu\/wp-content\/uploads\/2021\/12\/66-scaled.jpg\" data-link=\"https:\/\/marcali.plebania.hu\/?attachment_id=3085\" class=\"wp-image-3085\" srcset=\"https:\/\/marcali.plebania.hu\/wp-content\/uploads\/2021\/12\/66-1024x683.jpg 1024w, https:\/\/marcali.plebania.hu\/wp-content\/uploads\/2021\/12\/66-300x200.jpg 300w, https:\/\/marcali.plebania.hu\/wp-content\/uploads\/2021\/12\/66-768x512.jpg 768w, https:\/\/marcali.plebania.hu\/wp-content\/uploads\/2021\/12\/66-1536x1024.jpg 1536w, https:\/\/marcali.plebania.hu\/wp-content\/uploads\/2021\/12\/66-2048x1365.jpg 2048w, https:\/\/marcali.plebania.hu\/wp-content\/uploads\/2021\/12\/66-405x270.jpg 405w\" sizes=\"auto, (max-width: 1024px) 100vw, 1024px\" \/><\/figure><\/li><\/ul><\/figure>\n\n\n\n<p>A fell\u00e9p\u0151 F\u00e9ny Gyermekei Zenekar tagjai: S\u00e1gv\u00e1ri R\u00f3bert (git\u00e1r) vezet\u0151n k\u00edv\u00fcl, J\u00e1ki Zolt\u00e1n (heged\u0171), Szab\u00f3 Andrea (git\u00e1r), T\u00f3th Eszter \u00c1gnes (\u00e9nek) \u00e9s Balogh B\u00e1lint (orgona-szintetiz\u00e1tor) marcali k\u00e1ntor voltak.<\/p>\n\n\n\n<figure class=\"wp-block-gallery columns-3 is-cropped wp-block-gallery-5 is-layout-flex wp-block-gallery-is-layout-flex\"><ul class=\"blocks-gallery-grid\"><li class=\"blocks-gallery-item\"><figure><img loading=\"lazy\" decoding=\"async\" width=\"1024\" height=\"683\" src=\"https:\/\/marcali.plebania.hu\/wp-content\/uploads\/2021\/12\/10-1-1024x683.jpg\" alt=\"\" data-id=\"3086\" data-link=\"https:\/\/marcali.plebania.hu\/?attachment_id=3086\" class=\"wp-image-3086\" srcset=\"https:\/\/marcali.plebania.hu\/wp-content\/uploads\/2021\/12\/10-1-1024x683.jpg 1024w, https:\/\/marcali.plebania.hu\/wp-content\/uploads\/2021\/12\/10-1-300x200.jpg 300w, https:\/\/marcali.plebania.hu\/wp-content\/uploads\/2021\/12\/10-1-768x512.jpg 768w, https:\/\/marcali.plebania.hu\/wp-content\/uploads\/2021\/12\/10-1-1536x1024.jpg 1536w, https:\/\/marcali.plebania.hu\/wp-content\/uploads\/2021\/12\/10-1-2048x1365.jpg 2048w, https:\/\/marcali.plebania.hu\/wp-content\/uploads\/2021\/12\/10-1-405x270.jpg 405w\" sizes=\"auto, (max-width: 1024px) 100vw, 1024px\" \/><\/figure><\/li><li class=\"blocks-gallery-item\"><figure><img loading=\"lazy\" decoding=\"async\" width=\"1024\" height=\"683\" src=\"https:\/\/marcali.plebania.hu\/wp-content\/uploads\/2021\/12\/69-1024x683.jpg\" alt=\"\" data-id=\"3087\" data-link=\"https:\/\/marcali.plebania.hu\/?attachment_id=3087\" class=\"wp-image-3087\" srcset=\"https:\/\/marcali.plebania.hu\/wp-content\/uploads\/2021\/12\/69-1024x683.jpg 1024w, https:\/\/marcali.plebania.hu\/wp-content\/uploads\/2021\/12\/69-300x200.jpg 300w, https:\/\/marcali.plebania.hu\/wp-content\/uploads\/2021\/12\/69-768x512.jpg 768w, https:\/\/marcali.plebania.hu\/wp-content\/uploads\/2021\/12\/69-1536x1024.jpg 1536w, https:\/\/marcali.plebania.hu\/wp-content\/uploads\/2021\/12\/69-2048x1365.jpg 2048w, https:\/\/marcali.plebania.hu\/wp-content\/uploads\/2021\/12\/69-405x270.jpg 405w\" sizes=\"auto, (max-width: 1024px) 100vw, 1024px\" \/><\/figure><\/li><li class=\"blocks-gallery-item\"><figure><img loading=\"lazy\" decoding=\"async\" width=\"1024\" height=\"683\" src=\"https:\/\/marcali.plebania.hu\/wp-content\/uploads\/2021\/12\/47-1024x683.jpg\" alt=\"\" data-id=\"3088\" data-link=\"https:\/\/marcali.plebania.hu\/?attachment_id=3088\" class=\"wp-image-3088\" srcset=\"https:\/\/marcali.plebania.hu\/wp-content\/uploads\/2021\/12\/47-1024x683.jpg 1024w, https:\/\/marcali.plebania.hu\/wp-content\/uploads\/2021\/12\/47-300x200.jpg 300w, https:\/\/marcali.plebania.hu\/wp-content\/uploads\/2021\/12\/47-768x512.jpg 768w, https:\/\/marcali.plebania.hu\/wp-content\/uploads\/2021\/12\/47-1536x1024.jpg 1536w, https:\/\/marcali.plebania.hu\/wp-content\/uploads\/2021\/12\/47-2048x1365.jpg 2048w, https:\/\/marcali.plebania.hu\/wp-content\/uploads\/2021\/12\/47-405x270.jpg 405w\" sizes=\"auto, (max-width: 1024px) 100vw, 1024px\" \/><\/figure><\/li><li class=\"blocks-gallery-item\"><figure><img loading=\"lazy\" decoding=\"async\" width=\"1024\" height=\"683\" src=\"https:\/\/marcali.plebania.hu\/wp-content\/uploads\/2021\/12\/15-1024x683.jpg\" alt=\"\" data-id=\"3089\" data-full-url=\"https:\/\/marcali.plebania.hu\/wp-content\/uploads\/2021\/12\/15-scaled.jpg\" data-link=\"https:\/\/marcali.plebania.hu\/?attachment_id=3089\" class=\"wp-image-3089\" srcset=\"https:\/\/marcali.plebania.hu\/wp-content\/uploads\/2021\/12\/15-1024x683.jpg 1024w, https:\/\/marcali.plebania.hu\/wp-content\/uploads\/2021\/12\/15-300x200.jpg 300w, https:\/\/marcali.plebania.hu\/wp-content\/uploads\/2021\/12\/15-768x512.jpg 768w, https:\/\/marcali.plebania.hu\/wp-content\/uploads\/2021\/12\/15-1536x1024.jpg 1536w, https:\/\/marcali.plebania.hu\/wp-content\/uploads\/2021\/12\/15-2048x1365.jpg 2048w, https:\/\/marcali.plebania.hu\/wp-content\/uploads\/2021\/12\/15-405x270.jpg 405w\" sizes=\"auto, (max-width: 1024px) 100vw, 1024px\" \/><\/figure><\/li><\/ul><\/figure>\n","protected":false},"excerpt":{"rendered":"<p>2021. december 12-\u00e9n, 14 \u00f3rakor, \u00e1dvent 3. vas\u00e1rnapj\u00e1n, a v\u00f6rsi templomban kezd\u0151d\u00f6tt az \u00fcnnepi szentmise, melyet Kiss Iv\u00e1n c. pr\u00e9post, Marcali pl\u00e9b\u00e1nos celebr\u00e1lt. A d\u00e9lut\u00e1ni program r\u00e9szek\u00e9nt el\u0151sz\u00f6r 13.15 \u00f3r\u00e1t\u00f3l a Marcali F\u00e9ny Gyermekei Katolikus Zenekar \u2013 Balogh B\u00e1lint k\u00e1ntorral kieg\u00e9sz\u00fclve \u2013 tartott zen\u00e9s \u00e1h\u00edtatot a kar\u00e1csonyra val\u00f3 r\u00e1hangol\u00f3d\u00e1s r\u00e9szek\u00e9nt, mik\u00f6zben sokan megtekintett\u00e9k \u00e9s k\u00fcl\u00f6nf\u00e9le felv\u00e9teleket k\u00e9sz\u00edtettek Magyarorsz\u00e1g legnagyobb belt\u00e9ri betlehem\u00e9r\u0151l. Majd az istentiszteleten Ungv\u00e1rszki Imre balatonszentgy\u00f6rgyi pl\u00e9b\u00e1nos \u00e9s N\u00e9meth Endre cs\u00e1k\u00e1nyi diak\u00f3nus mis\u00e9zett egy\u00fctt Iv\u00e1n aty\u00e1val, aki szentbesz\u00e9d\u00e9ben az&#8230;<\/p>\n<p class=\"read-more\"><a class=\"btn btn-default\" href=\"https:\/\/marcali.plebania.hu\/?p=3069\"> Read More<span class=\"screen-reader-text\">  Read More<\/span><\/a><\/p>\n","protected":false},"author":2,"featured_media":0,"comment_status":"closed","ping_status":"open","sticky":false,"template":"","format":"standard","meta":{"footnotes":""},"categories":[1],"tags":[],"class_list":["post-3069","post","type-post","status-publish","format-standard","hentry","category-egyeb"],"_links":{"self":[{"href":"https:\/\/marcali.plebania.hu\/index.php?rest_route=\/wp\/v2\/posts\/3069","targetHints":{"allow":["GET"]}}],"collection":[{"href":"https:\/\/marcali.plebania.hu\/index.php?rest_route=\/wp\/v2\/posts"}],"about":[{"href":"https:\/\/marcali.plebania.hu\/index.php?rest_route=\/wp\/v2\/types\/post"}],"author":[{"embeddable":true,"href":"https:\/\/marcali.plebania.hu\/index.php?rest_route=\/wp\/v2\/users\/2"}],"replies":[{"embeddable":true,"href":"https:\/\/marcali.plebania.hu\/index.php?rest_route=%2Fwp%2Fv2%2Fcomments&post=3069"}],"version-history":[{"count":1,"href":"https:\/\/marcali.plebania.hu\/index.php?rest_route=\/wp\/v2\/posts\/3069\/revisions"}],"predecessor-version":[{"id":3090,"href":"https:\/\/marcali.plebania.hu\/index.php?rest_route=\/wp\/v2\/posts\/3069\/revisions\/3090"}],"wp:attachment":[{"href":"https:\/\/marcali.plebania.hu\/index.php?rest_route=%2Fwp%2Fv2%2Fmedia&parent=3069"}],"wp:term":[{"taxonomy":"category","embeddable":true,"href":"https:\/\/marcali.plebania.hu\/index.php?rest_route=%2Fwp%2Fv2%2Fcategories&post=3069"},{"taxonomy":"post_tag","embeddable":true,"href":"https:\/\/marcali.plebania.hu\/index.php?rest_route=%2Fwp%2Fv2%2Ftags&post=3069"}],"curies":[{"name":"wp","href":"https:\/\/api.w.org\/{rel}","templated":true}]}}