{"id":3098,"date":"2021-12-17T08:56:36","date_gmt":"2021-12-17T08:56:36","guid":{"rendered":"https:\/\/marcali.plebania.hu\/?p=3098"},"modified":"2021-12-17T09:45:23","modified_gmt":"2021-12-17T09:45:23","slug":"hirdetesek-2021-12-19","status":"publish","type":"post","link":"https:\/\/marcali.plebania.hu\/?p=3098","title":{"rendered":"Hirdet\u00e9sek, 2021. 12. 19."},"content":{"rendered":"\n<ol class=\"wp-block-list\"><li>Ma van \u00e1dvent 4. vas\u00e1rnapja. 14 \u00f3r\u00e1t\u00f3l egyh\u00e1zi k\u00f6nny\u0171zenei koncert lesz a Marcali Kiss L\u00e1szl\u00f3 Sportcsarnokban. K\u00f6zrem\u0171k\u00f6dnek az egyh\u00e1zmegye zenekarai, k\u00f6zt\u00fck fell\u00e9p a Marcali F\u00e9ny Gyermekei Katolikus Zenekar. A koncertet megl\u00e1togatja Varga L\u00e1szl\u00f3 megy\u00e9sp\u00fcsp\u00f6k is.  A rendezv\u00e9nyen kegyt\u00e1rgy\u00e1rus\u00edt\u00e1s is lesz, egy zalaegerszegi keresked\u0151 j\u00f3volt\u00e1b\u00f3l.  A szervez\u0151k mindenkit szeretettel h\u00edvnak \u00e9s v\u00e1rnak!<\/li><li>A h\u00e9ten, szerd\u00e1n 9 \u00f3r\u00e1t\u00f3l \u00e1ll\u00edtjuk fel a k\u00fclt\u00e9ri betlehemet \u00e9s a pl\u00e9b\u00e1niatemplom kar\u00e1csonyf\u00e1it. Tetter\u0151s f\u00e9rfiakat v\u00e1runk a munk\u00e1ra.<\/li><li>Kar\u00e1csonyi miserend: szenteste (p\u00e9ntek) 22 \u00f3rakor a B. Gizella templomban \u00e9jjeli szentmise, 23.30-kor a pl\u00e9b\u00e1niatemplomban p\u00e1sztorj\u00e1t\u00e9k, majd 24 \u00f3rakor \u00e9jf\u00e9li \u00fcnnepi szentmise. kar\u00e1csony napj\u00e1n (szombaton) 9 \u00f3rakor a pl\u00e9b\u00e1niatemplomban szentmise, 11 \u00f3rakor Gomb\u00e1n igeliturgia, 17 \u00f3rakor a B. Gizella templomban szentmise. Kar\u00e1csony m\u00e1snapj\u00e1n (vas\u00e1rnap) 9 \u00f3rakor a pl\u00e9b\u00e1niatemplomban szentmise borszentel\u00e9ssel. Ut\u00e1na keresztel\u0151k.<\/li><li>A szok\u00e1sos borszentel\u00e9sre a sz\u0151l\u0151sgazd\u00e1kt\u00f3l k\u00e9rj\u00fck, hogy hozzanak magukkal egy-egy \u00fcveg bort, melyet az olt\u00e1r el\u00e9 helyez\u00fcnk, meg\u00e1ldunk \u00e9s hazavissz\u00fck a pinc\u00e9inkbe, sz\u00e9tosztva a hord\u00f3ikba a meg\u00e1ldott bort.<\/li><li>Megk\u00f6sz\u00f6nj\u00fck a h\u00edvek adom\u00e1nyait a Karit\u00e1sz gy\u0171jt\u00e9shez, melyb\u0151l a mai d\u00e9lel\u0151tti szentmise a ut\u00e1n a pl\u00e9b\u00e1niatemplomban, a megh\u00edvott r\u00e1szorul\u00f3knak fogunk kiosztani \u00e9lelmiszer csomagokat.<\/li><li>Napt\u00e1rak, kalend\u00e1riumok kaphat\u00f3k a sekresty\u00e9ben.<\/li><li>A kar\u00e1csonyi vir\u00e1gp\u00e9nzt k\u00e9rj\u00fck a sekresty\u00e9snek leadni.<\/li><\/ol>\n","protected":false},"excerpt":{"rendered":"<p>Ma van \u00e1dvent 4. vas\u00e1rnapja. 14 \u00f3r\u00e1t\u00f3l egyh\u00e1zi k\u00f6nny\u0171zenei koncert lesz a Marcali Kiss L\u00e1szl\u00f3 Sportcsarnokban. K\u00f6zrem\u0171k\u00f6dnek az egyh\u00e1zmegye zenekarai, k\u00f6zt\u00fck fell\u00e9p a Marcali F\u00e9ny Gyermekei Katolikus Zenekar. A koncertet megl\u00e1togatja Varga L\u00e1szl\u00f3 megy\u00e9sp\u00fcsp\u00f6k is. A rendezv\u00e9nyen kegyt\u00e1rgy\u00e1rus\u00edt\u00e1s is lesz, egy zalaegerszegi keresked\u0151 j\u00f3volt\u00e1b\u00f3l. A szervez\u0151k mindenkit szeretettel h\u00edvnak \u00e9s v\u00e1rnak! A h\u00e9ten, szerd\u00e1n 9 \u00f3r\u00e1t\u00f3l \u00e1ll\u00edtjuk fel a k\u00fclt\u00e9ri betlehemet \u00e9s a pl\u00e9b\u00e1niatemplom kar\u00e1csonyf\u00e1it. Tetter\u0151s f\u00e9rfiakat v\u00e1runk a munk\u00e1ra. Kar\u00e1csonyi miserend: szenteste (p\u00e9ntek) 22 \u00f3rakor a B. Gizella templomban&#8230;<\/p>\n<p class=\"read-more\"><a class=\"btn btn-default\" href=\"https:\/\/marcali.plebania.hu\/?p=3098\"> Read More<span class=\"screen-reader-text\">  Read More<\/span><\/a><\/p>\n","protected":false},"author":2,"featured_media":0,"comment_status":"closed","ping_status":"open","sticky":false,"template":"","format":"standard","meta":{"footnotes":""},"categories":[1],"tags":[],"class_list":["post-3098","post","type-post","status-publish","format-standard","hentry","category-egyeb"],"_links":{"self":[{"href":"https:\/\/marcali.plebania.hu\/index.php?rest_route=\/wp\/v2\/posts\/3098","targetHints":{"allow":["GET"]}}],"collection":[{"href":"https:\/\/marcali.plebania.hu\/index.php?rest_route=\/wp\/v2\/posts"}],"about":[{"href":"https:\/\/marcali.plebania.hu\/index.php?rest_route=\/wp\/v2\/types\/post"}],"author":[{"embeddable":true,"href":"https:\/\/marcali.plebania.hu\/index.php?rest_route=\/wp\/v2\/users\/2"}],"replies":[{"embeddable":true,"href":"https:\/\/marcali.plebania.hu\/index.php?rest_route=%2Fwp%2Fv2%2Fcomments&post=3098"}],"version-history":[{"count":2,"href":"https:\/\/marcali.plebania.hu\/index.php?rest_route=\/wp\/v2\/posts\/3098\/revisions"}],"predecessor-version":[{"id":3100,"href":"https:\/\/marcali.plebania.hu\/index.php?rest_route=\/wp\/v2\/posts\/3098\/revisions\/3100"}],"wp:attachment":[{"href":"https:\/\/marcali.plebania.hu\/index.php?rest_route=%2Fwp%2Fv2%2Fmedia&parent=3098"}],"wp:term":[{"taxonomy":"category","embeddable":true,"href":"https:\/\/marcali.plebania.hu\/index.php?rest_route=%2Fwp%2Fv2%2Fcategories&post=3098"},{"taxonomy":"post_tag","embeddable":true,"href":"https:\/\/marcali.plebania.hu\/index.php?rest_route=%2Fwp%2Fv2%2Ftags&post=3098"}],"curies":[{"name":"wp","href":"https:\/\/api.w.org\/{rel}","templated":true}]}}