{"id":3101,"date":"2021-12-20T16:30:30","date_gmt":"2021-12-20T16:30:30","guid":{"rendered":"https:\/\/marcali.plebania.hu\/?p=3101"},"modified":"2021-12-20T16:30:30","modified_gmt":"2021-12-20T16:30:30","slug":"meggyujtottak-a-negyedik-adventi-gyertyat-is-marcaliban","status":"publish","type":"post","link":"https:\/\/marcali.plebania.hu\/?p=3101","title":{"rendered":"Meggy\u00fajtott\u00e1k a negyedik \u00e1dventi gyerty\u00e1t is Marcaliban"},"content":{"rendered":"\n<p>2021. december 18-\u00e1n, szombaton este 17 \u00f3rakor a Gy\u00fcm\u00f6lcsolt\u00f3 Boldogasszony pl\u00e9b\u00e1niatemplom el\u0151tti t\u00e9ren l\u00e9v\u0151 k\u00fclt\u00e9ri \u00e1dventi koszor\u00fan meggy\u00fajtott\u00e1k a negyedik gyerty\u00e1t.<\/p>\n\n\n\n<figure class=\"wp-block-gallery columns-3 is-cropped wp-block-gallery-1 is-layout-flex wp-block-gallery-is-layout-flex\"><ul class=\"blocks-gallery-grid\"><li class=\"blocks-gallery-item\"><figure><img loading=\"lazy\" decoding=\"async\" width=\"1024\" height=\"683\" src=\"https:\/\/marcali.plebania.hu\/wp-content\/uploads\/2021\/12\/02-1024x683.jpg\" alt=\"\" data-id=\"3102\" data-link=\"https:\/\/marcali.plebania.hu\/?attachment_id=3102\" class=\"wp-image-3102\" srcset=\"https:\/\/marcali.plebania.hu\/wp-content\/uploads\/2021\/12\/02-1024x683.jpg 1024w, https:\/\/marcali.plebania.hu\/wp-content\/uploads\/2021\/12\/02-300x200.jpg 300w, https:\/\/marcali.plebania.hu\/wp-content\/uploads\/2021\/12\/02-768x512.jpg 768w, https:\/\/marcali.plebania.hu\/wp-content\/uploads\/2021\/12\/02-1536x1024.jpg 1536w, https:\/\/marcali.plebania.hu\/wp-content\/uploads\/2021\/12\/02-2048x1365.jpg 2048w, https:\/\/marcali.plebania.hu\/wp-content\/uploads\/2021\/12\/02-405x270.jpg 405w\" sizes=\"auto, (max-width: 1024px) 100vw, 1024px\" \/><\/figure><\/li><li class=\"blocks-gallery-item\"><figure><img loading=\"lazy\" decoding=\"async\" width=\"1024\" height=\"683\" src=\"https:\/\/marcali.plebania.hu\/wp-content\/uploads\/2021\/12\/04-1-1024x683.jpg\" alt=\"\" data-id=\"3104\" data-link=\"https:\/\/marcali.plebania.hu\/?attachment_id=3104\" class=\"wp-image-3104\" srcset=\"https:\/\/marcali.plebania.hu\/wp-content\/uploads\/2021\/12\/04-1-1024x683.jpg 1024w, https:\/\/marcali.plebania.hu\/wp-content\/uploads\/2021\/12\/04-1-300x200.jpg 300w, https:\/\/marcali.plebania.hu\/wp-content\/uploads\/2021\/12\/04-1-768x512.jpg 768w, https:\/\/marcali.plebania.hu\/wp-content\/uploads\/2021\/12\/04-1-1536x1024.jpg 1536w, https:\/\/marcali.plebania.hu\/wp-content\/uploads\/2021\/12\/04-1-2048x1365.jpg 2048w, https:\/\/marcali.plebania.hu\/wp-content\/uploads\/2021\/12\/04-1-405x270.jpg 405w\" sizes=\"auto, (max-width: 1024px) 100vw, 1024px\" \/><\/figure><\/li><li class=\"blocks-gallery-item\"><figure><img loading=\"lazy\" decoding=\"async\" width=\"1024\" height=\"683\" src=\"https:\/\/marcali.plebania.hu\/wp-content\/uploads\/2021\/12\/05-1-1024x683.jpg\" alt=\"\" data-id=\"3105\" data-link=\"https:\/\/marcali.plebania.hu\/?attachment_id=3105\" class=\"wp-image-3105\" srcset=\"https:\/\/marcali.plebania.hu\/wp-content\/uploads\/2021\/12\/05-1-1024x683.jpg 1024w, https:\/\/marcali.plebania.hu\/wp-content\/uploads\/2021\/12\/05-1-300x200.jpg 300w, https:\/\/marcali.plebania.hu\/wp-content\/uploads\/2021\/12\/05-1-768x512.jpg 768w, https:\/\/marcali.plebania.hu\/wp-content\/uploads\/2021\/12\/05-1-1536x1024.jpg 1536w, https:\/\/marcali.plebania.hu\/wp-content\/uploads\/2021\/12\/05-1-2048x1365.jpg 2048w, https:\/\/marcali.plebania.hu\/wp-content\/uploads\/2021\/12\/05-1-405x270.jpg 405w\" sizes=\"auto, (max-width: 1024px) 100vw, 1024px\" \/><\/figure><\/li><li class=\"blocks-gallery-item\"><figure><img loading=\"lazy\" decoding=\"async\" width=\"1024\" height=\"683\" src=\"https:\/\/marcali.plebania.hu\/wp-content\/uploads\/2021\/12\/01-1-1024x683.jpg\" alt=\"\" data-id=\"3106\" data-full-url=\"https:\/\/marcali.plebania.hu\/wp-content\/uploads\/2021\/12\/01-1-scaled.jpg\" data-link=\"https:\/\/marcali.plebania.hu\/?attachment_id=3106\" class=\"wp-image-3106\" srcset=\"https:\/\/marcali.plebania.hu\/wp-content\/uploads\/2021\/12\/01-1-1024x683.jpg 1024w, https:\/\/marcali.plebania.hu\/wp-content\/uploads\/2021\/12\/01-1-300x200.jpg 300w, https:\/\/marcali.plebania.hu\/wp-content\/uploads\/2021\/12\/01-1-768x512.jpg 768w, https:\/\/marcali.plebania.hu\/wp-content\/uploads\/2021\/12\/01-1-1536x1024.jpg 1536w, https:\/\/marcali.plebania.hu\/wp-content\/uploads\/2021\/12\/01-1-2048x1365.jpg 2048w, https:\/\/marcali.plebania.hu\/wp-content\/uploads\/2021\/12\/01-1-405x270.jpg 405w\" sizes=\"auto, (max-width: 1024px) 100vw, 1024px\" \/><\/figure><\/li><\/ul><\/figure>\n\n\n\n<p>A megjelenteket Kiss Iv\u00e1n c. pr\u00e9post, pl\u00e9b\u00e1nos k\u00f6sz\u00f6nt\u00f6tte, majd bevezet\u0151 gondolatai ut\u00e1n a marcali hittanos di\u00e1kok \u00fcnnepi pr\u00f3zai-t\u00e1ncos \u00f6ssze\u00e1ll\u00edt\u00e1sa k\u00f6vetkezett. A 20 f\u0151s gyermekcsoport a Noszlopy G\u00e1sp\u00e1r \u00c1ltal\u00e1nos \u00e9s Alapfok\u00fa M\u0171v\u00e9szeti Iskola Hidas Frigyes Alapfok\u00fa M\u0171v\u00e9szeti Iskol\u00e1j\u00e1t k\u00e9pviselte. A m\u0171sor narr\u00e1tora Kir\u00e1ly J\u00falia volt. A t\u00e1ncot Tak\u00e1cs G\u00e1bor \u00e9s Tak\u00e1cs G\u00e1born\u00e9 tan\u00edtott\u00e1k be. A Noszlopy iskol\u00e1t Patk\u00f3 Imre igazgat\u00f3, a m\u0171v\u00e9szeti iskol\u00e1t pedig Weinhardt-Kozma Zs\u00f3fia k\u00e9pviselte.<\/p>\n\n\n\n<figure class=\"wp-block-gallery columns-3 is-cropped wp-block-gallery-2 is-layout-flex wp-block-gallery-is-layout-flex\"><ul class=\"blocks-gallery-grid\"><li class=\"blocks-gallery-item\"><figure><img loading=\"lazy\" decoding=\"async\" width=\"1024\" height=\"683\" src=\"https:\/\/marcali.plebania.hu\/wp-content\/uploads\/2021\/12\/07-2-1024x683.jpg\" alt=\"\" data-id=\"3107\" data-full-url=\"https:\/\/marcali.plebania.hu\/wp-content\/uploads\/2021\/12\/07-2-scaled.jpg\" data-link=\"https:\/\/marcali.plebania.hu\/?attachment_id=3107\" class=\"wp-image-3107\" srcset=\"https:\/\/marcali.plebania.hu\/wp-content\/uploads\/2021\/12\/07-2-1024x683.jpg 1024w, https:\/\/marcali.plebania.hu\/wp-content\/uploads\/2021\/12\/07-2-300x200.jpg 300w, https:\/\/marcali.plebania.hu\/wp-content\/uploads\/2021\/12\/07-2-768x512.jpg 768w, https:\/\/marcali.plebania.hu\/wp-content\/uploads\/2021\/12\/07-2-1536x1024.jpg 1536w, https:\/\/marcali.plebania.hu\/wp-content\/uploads\/2021\/12\/07-2-2048x1365.jpg 2048w, https:\/\/marcali.plebania.hu\/wp-content\/uploads\/2021\/12\/07-2-405x270.jpg 405w\" sizes=\"auto, (max-width: 1024px) 100vw, 1024px\" \/><\/figure><\/li><li class=\"blocks-gallery-item\"><figure><img loading=\"lazy\" decoding=\"async\" width=\"1024\" height=\"683\" src=\"https:\/\/marcali.plebania.hu\/wp-content\/uploads\/2021\/12\/08-1-1024x683.jpg\" alt=\"\" data-id=\"3108\" data-full-url=\"https:\/\/marcali.plebania.hu\/wp-content\/uploads\/2021\/12\/08-1-scaled.jpg\" data-link=\"https:\/\/marcali.plebania.hu\/?attachment_id=3108\" class=\"wp-image-3108\" srcset=\"https:\/\/marcali.plebania.hu\/wp-content\/uploads\/2021\/12\/08-1-1024x683.jpg 1024w, https:\/\/marcali.plebania.hu\/wp-content\/uploads\/2021\/12\/08-1-300x200.jpg 300w, https:\/\/marcali.plebania.hu\/wp-content\/uploads\/2021\/12\/08-1-768x512.jpg 768w, https:\/\/marcali.plebania.hu\/wp-content\/uploads\/2021\/12\/08-1-1536x1024.jpg 1536w, https:\/\/marcali.plebania.hu\/wp-content\/uploads\/2021\/12\/08-1-2048x1365.jpg 2048w, https:\/\/marcali.plebania.hu\/wp-content\/uploads\/2021\/12\/08-1-405x270.jpg 405w\" sizes=\"auto, (max-width: 1024px) 100vw, 1024px\" \/><\/figure><\/li><li class=\"blocks-gallery-item\"><figure><img loading=\"lazy\" decoding=\"async\" width=\"1024\" height=\"683\" src=\"https:\/\/marcali.plebania.hu\/wp-content\/uploads\/2021\/12\/09-1-1024x683.jpg\" alt=\"\" data-id=\"3109\" data-full-url=\"https:\/\/marcali.plebania.hu\/wp-content\/uploads\/2021\/12\/09-1-scaled.jpg\" data-link=\"https:\/\/marcali.plebania.hu\/?attachment_id=3109\" class=\"wp-image-3109\" srcset=\"https:\/\/marcali.plebania.hu\/wp-content\/uploads\/2021\/12\/09-1-1024x683.jpg 1024w, https:\/\/marcali.plebania.hu\/wp-content\/uploads\/2021\/12\/09-1-300x200.jpg 300w, https:\/\/marcali.plebania.hu\/wp-content\/uploads\/2021\/12\/09-1-768x512.jpg 768w, https:\/\/marcali.plebania.hu\/wp-content\/uploads\/2021\/12\/09-1-1536x1024.jpg 1536w, https:\/\/marcali.plebania.hu\/wp-content\/uploads\/2021\/12\/09-1-2048x1365.jpg 2048w, https:\/\/marcali.plebania.hu\/wp-content\/uploads\/2021\/12\/09-1-405x270.jpg 405w\" sizes=\"auto, (max-width: 1024px) 100vw, 1024px\" \/><\/figure><\/li><li class=\"blocks-gallery-item\"><figure><img loading=\"lazy\" decoding=\"async\" width=\"1024\" height=\"683\" src=\"https:\/\/marcali.plebania.hu\/wp-content\/uploads\/2021\/12\/10-2-1024x683.jpg\" alt=\"\" data-id=\"3110\" data-full-url=\"https:\/\/marcali.plebania.hu\/wp-content\/uploads\/2021\/12\/10-2-scaled.jpg\" data-link=\"https:\/\/marcali.plebania.hu\/?attachment_id=3110\" class=\"wp-image-3110\" srcset=\"https:\/\/marcali.plebania.hu\/wp-content\/uploads\/2021\/12\/10-2-1024x683.jpg 1024w, https:\/\/marcali.plebania.hu\/wp-content\/uploads\/2021\/12\/10-2-300x200.jpg 300w, https:\/\/marcali.plebania.hu\/wp-content\/uploads\/2021\/12\/10-2-768x512.jpg 768w, https:\/\/marcali.plebania.hu\/wp-content\/uploads\/2021\/12\/10-2-1536x1024.jpg 1536w, https:\/\/marcali.plebania.hu\/wp-content\/uploads\/2021\/12\/10-2-2048x1365.jpg 2048w, https:\/\/marcali.plebania.hu\/wp-content\/uploads\/2021\/12\/10-2-405x270.jpg 405w\" sizes=\"auto, (max-width: 1024px) 100vw, 1024px\" \/><\/figure><\/li><\/ul><\/figure>\n\n\n\n<p>V\u00e9g\u00fcl az utols\u00f3, a negyedik lila sz\u00edn\u0171 gyerty\u00e1t Iv\u00e1n atya \u00e9s Patk\u00f3 Imre igazgat\u00f3 k\u00eds\u00e9ret\u00e9ben Boh\u00e1r Zs\u00f3fia, az iskola egyik tanul\u00f3ja gy\u00fajtotta meg \u00e9s helyezte el a koszor\u00fan.<\/p>\n\n\n\n<figure class=\"wp-block-gallery columns-3 is-cropped wp-block-gallery-3 is-layout-flex wp-block-gallery-is-layout-flex\"><ul class=\"blocks-gallery-grid\"><li class=\"blocks-gallery-item\"><figure><img loading=\"lazy\" decoding=\"async\" width=\"1024\" height=\"683\" src=\"https:\/\/marcali.plebania.hu\/wp-content\/uploads\/2021\/12\/26-1024x683.jpg\" alt=\"\" data-id=\"3111\" data-link=\"https:\/\/marcali.plebania.hu\/?attachment_id=3111\" class=\"wp-image-3111\" srcset=\"https:\/\/marcali.plebania.hu\/wp-content\/uploads\/2021\/12\/26-1024x683.jpg 1024w, https:\/\/marcali.plebania.hu\/wp-content\/uploads\/2021\/12\/26-300x200.jpg 300w, https:\/\/marcali.plebania.hu\/wp-content\/uploads\/2021\/12\/26-768x512.jpg 768w, https:\/\/marcali.plebania.hu\/wp-content\/uploads\/2021\/12\/26-1536x1024.jpg 1536w, https:\/\/marcali.plebania.hu\/wp-content\/uploads\/2021\/12\/26-2048x1365.jpg 2048w, https:\/\/marcali.plebania.hu\/wp-content\/uploads\/2021\/12\/26-405x270.jpg 405w\" sizes=\"auto, (max-width: 1024px) 100vw, 1024px\" \/><\/figure><\/li><li class=\"blocks-gallery-item\"><figure><img loading=\"lazy\" decoding=\"async\" width=\"1024\" height=\"683\" src=\"https:\/\/marcali.plebania.hu\/wp-content\/uploads\/2021\/12\/14-1024x683.jpg\" alt=\"\" data-id=\"3112\" data-link=\"https:\/\/marcali.plebania.hu\/?attachment_id=3112\" class=\"wp-image-3112\" srcset=\"https:\/\/marcali.plebania.hu\/wp-content\/uploads\/2021\/12\/14-1024x683.jpg 1024w, https:\/\/marcali.plebania.hu\/wp-content\/uploads\/2021\/12\/14-300x200.jpg 300w, https:\/\/marcali.plebania.hu\/wp-content\/uploads\/2021\/12\/14-768x512.jpg 768w, https:\/\/marcali.plebania.hu\/wp-content\/uploads\/2021\/12\/14-1536x1024.jpg 1536w, https:\/\/marcali.plebania.hu\/wp-content\/uploads\/2021\/12\/14-2048x1365.jpg 2048w, https:\/\/marcali.plebania.hu\/wp-content\/uploads\/2021\/12\/14-405x270.jpg 405w\" sizes=\"auto, (max-width: 1024px) 100vw, 1024px\" \/><\/figure><\/li><li class=\"blocks-gallery-item\"><figure><img loading=\"lazy\" decoding=\"async\" width=\"1024\" height=\"683\" src=\"https:\/\/marcali.plebania.hu\/wp-content\/uploads\/2021\/12\/20-1024x683.jpg\" alt=\"\" data-id=\"3113\" data-link=\"https:\/\/marcali.plebania.hu\/?attachment_id=3113\" class=\"wp-image-3113\" srcset=\"https:\/\/marcali.plebania.hu\/wp-content\/uploads\/2021\/12\/20-1024x683.jpg 1024w, https:\/\/marcali.plebania.hu\/wp-content\/uploads\/2021\/12\/20-300x200.jpg 300w, https:\/\/marcali.plebania.hu\/wp-content\/uploads\/2021\/12\/20-768x512.jpg 768w, https:\/\/marcali.plebania.hu\/wp-content\/uploads\/2021\/12\/20-1536x1024.jpg 1536w, https:\/\/marcali.plebania.hu\/wp-content\/uploads\/2021\/12\/20-2048x1365.jpg 2048w, https:\/\/marcali.plebania.hu\/wp-content\/uploads\/2021\/12\/20-405x270.jpg 405w\" sizes=\"auto, (max-width: 1024px) 100vw, 1024px\" \/><\/figure><\/li><li class=\"blocks-gallery-item\"><figure><img loading=\"lazy\" decoding=\"async\" width=\"1024\" height=\"683\" src=\"https:\/\/marcali.plebania.hu\/wp-content\/uploads\/2021\/12\/22-1024x683.jpg\" alt=\"\" data-id=\"3114\" data-full-url=\"https:\/\/marcali.plebania.hu\/wp-content\/uploads\/2021\/12\/22-scaled.jpg\" data-link=\"https:\/\/marcali.plebania.hu\/?attachment_id=3114\" class=\"wp-image-3114\" srcset=\"https:\/\/marcali.plebania.hu\/wp-content\/uploads\/2021\/12\/22-1024x683.jpg 1024w, https:\/\/marcali.plebania.hu\/wp-content\/uploads\/2021\/12\/22-300x200.jpg 300w, https:\/\/marcali.plebania.hu\/wp-content\/uploads\/2021\/12\/22-768x512.jpg 768w, https:\/\/marcali.plebania.hu\/wp-content\/uploads\/2021\/12\/22-1536x1024.jpg 1536w, https:\/\/marcali.plebania.hu\/wp-content\/uploads\/2021\/12\/22-2048x1365.jpg 2048w, https:\/\/marcali.plebania.hu\/wp-content\/uploads\/2021\/12\/22-405x270.jpg 405w\" sizes=\"auto, (max-width: 1024px) 100vw, 1024px\" \/><\/figure><\/li><\/ul><\/figure>\n\n\n\n<p>Ezzel a m\u0171sorral befejez\u0151dtek az \u00e1dventi gyertyagy\u00fajt\u00e1sok Marcaliban, jelezve, hogy a kar\u00e1csony m\u00e1r igen k\u00f6zel van.<\/p>\n\n\n\n<figure class=\"wp-block-gallery columns-3 is-cropped wp-block-gallery-4 is-layout-flex wp-block-gallery-is-layout-flex\"><ul class=\"blocks-gallery-grid\"><li class=\"blocks-gallery-item\"><figure><img loading=\"lazy\" decoding=\"async\" width=\"1024\" height=\"683\" src=\"https:\/\/marcali.plebania.hu\/wp-content\/uploads\/2021\/12\/28-1024x683.jpg\" alt=\"\" data-id=\"3115\" data-link=\"https:\/\/marcali.plebania.hu\/?attachment_id=3115\" class=\"wp-image-3115\" srcset=\"https:\/\/marcali.plebania.hu\/wp-content\/uploads\/2021\/12\/28-1024x683.jpg 1024w, https:\/\/marcali.plebania.hu\/wp-content\/uploads\/2021\/12\/28-300x200.jpg 300w, https:\/\/marcali.plebania.hu\/wp-content\/uploads\/2021\/12\/28-768x512.jpg 768w, https:\/\/marcali.plebania.hu\/wp-content\/uploads\/2021\/12\/28-1536x1024.jpg 1536w, https:\/\/marcali.plebania.hu\/wp-content\/uploads\/2021\/12\/28-2048x1365.jpg 2048w, https:\/\/marcali.plebania.hu\/wp-content\/uploads\/2021\/12\/28-405x270.jpg 405w\" sizes=\"auto, (max-width: 1024px) 100vw, 1024px\" \/><\/figure><\/li><li class=\"blocks-gallery-item\"><figure><img loading=\"lazy\" decoding=\"async\" width=\"1024\" height=\"683\" src=\"https:\/\/marcali.plebania.hu\/wp-content\/uploads\/2021\/12\/32-1024x683.jpg\" alt=\"\" data-id=\"3116\" data-full-url=\"https:\/\/marcali.plebania.hu\/wp-content\/uploads\/2021\/12\/32-scaled.jpg\" data-link=\"https:\/\/marcali.plebania.hu\/?attachment_id=3116\" class=\"wp-image-3116\" srcset=\"https:\/\/marcali.plebania.hu\/wp-content\/uploads\/2021\/12\/32-1024x683.jpg 1024w, https:\/\/marcali.plebania.hu\/wp-content\/uploads\/2021\/12\/32-300x200.jpg 300w, https:\/\/marcali.plebania.hu\/wp-content\/uploads\/2021\/12\/32-768x512.jpg 768w, https:\/\/marcali.plebania.hu\/wp-content\/uploads\/2021\/12\/32-1536x1024.jpg 1536w, https:\/\/marcali.plebania.hu\/wp-content\/uploads\/2021\/12\/32-2048x1365.jpg 2048w, https:\/\/marcali.plebania.hu\/wp-content\/uploads\/2021\/12\/32-405x270.jpg 405w\" sizes=\"auto, (max-width: 1024px) 100vw, 1024px\" \/><\/figure><\/li><li class=\"blocks-gallery-item\"><figure><img loading=\"lazy\" decoding=\"async\" width=\"1024\" height=\"683\" src=\"https:\/\/marcali.plebania.hu\/wp-content\/uploads\/2021\/12\/33-1024x683.jpg\" alt=\"\" data-id=\"3117\" data-full-url=\"https:\/\/marcali.plebania.hu\/wp-content\/uploads\/2021\/12\/33-scaled.jpg\" data-link=\"https:\/\/marcali.plebania.hu\/?attachment_id=3117\" class=\"wp-image-3117\" srcset=\"https:\/\/marcali.plebania.hu\/wp-content\/uploads\/2021\/12\/33-1024x683.jpg 1024w, https:\/\/marcali.plebania.hu\/wp-content\/uploads\/2021\/12\/33-300x200.jpg 300w, https:\/\/marcali.plebania.hu\/wp-content\/uploads\/2021\/12\/33-768x512.jpg 768w, https:\/\/marcali.plebania.hu\/wp-content\/uploads\/2021\/12\/33-1536x1024.jpg 1536w, https:\/\/marcali.plebania.hu\/wp-content\/uploads\/2021\/12\/33-2048x1365.jpg 2048w, https:\/\/marcali.plebania.hu\/wp-content\/uploads\/2021\/12\/33-405x270.jpg 405w\" sizes=\"auto, (max-width: 1024px) 100vw, 1024px\" \/><\/figure><\/li><li class=\"blocks-gallery-item\"><figure><img loading=\"lazy\" decoding=\"async\" width=\"1024\" height=\"683\" src=\"https:\/\/marcali.plebania.hu\/wp-content\/uploads\/2021\/12\/34-2-1024x683.jpg\" alt=\"\" data-id=\"3118\" data-full-url=\"https:\/\/marcali.plebania.hu\/wp-content\/uploads\/2021\/12\/34-2-scaled.jpg\" data-link=\"https:\/\/marcali.plebania.hu\/?attachment_id=3118\" class=\"wp-image-3118\" srcset=\"https:\/\/marcali.plebania.hu\/wp-content\/uploads\/2021\/12\/34-2-1024x683.jpg 1024w, https:\/\/marcali.plebania.hu\/wp-content\/uploads\/2021\/12\/34-2-300x200.jpg 300w, https:\/\/marcali.plebania.hu\/wp-content\/uploads\/2021\/12\/34-2-768x512.jpg 768w, https:\/\/marcali.plebania.hu\/wp-content\/uploads\/2021\/12\/34-2-1536x1024.jpg 1536w, https:\/\/marcali.plebania.hu\/wp-content\/uploads\/2021\/12\/34-2-2048x1365.jpg 2048w, https:\/\/marcali.plebania.hu\/wp-content\/uploads\/2021\/12\/34-2-405x270.jpg 405w\" sizes=\"auto, (max-width: 1024px) 100vw, 1024px\" \/><\/figure><\/li><\/ul><\/figure>\n\n\n\n<p>A szervez\u0151k k\u00f6sz\u00f6netet mondanak\nS\u00e1gv\u00e1ri R\u00f3bertnek a hangos\u00edt\u00e1s\u00e9rt, aki m\u00e1r \u00e9vek \u00f3ta k\u00f6zrem\u0171k\u00f6dik az \u00e1dventi\ngyertyagy\u00fajt\u00e1sok sikeres lebonyol\u00edt\u00e1s\u00e1ban.<\/p>\n","protected":false},"excerpt":{"rendered":"<p>2021. december 18-\u00e1n, szombaton este 17 \u00f3rakor a Gy\u00fcm\u00f6lcsolt\u00f3 Boldogasszony pl\u00e9b\u00e1niatemplom el\u0151tti t\u00e9ren l\u00e9v\u0151 k\u00fclt\u00e9ri \u00e1dventi koszor\u00fan meggy\u00fajtott\u00e1k a negyedik gyerty\u00e1t. A megjelenteket Kiss Iv\u00e1n c. pr\u00e9post, pl\u00e9b\u00e1nos k\u00f6sz\u00f6nt\u00f6tte, majd bevezet\u0151 gondolatai ut\u00e1n a marcali hittanos di\u00e1kok \u00fcnnepi pr\u00f3zai-t\u00e1ncos \u00f6ssze\u00e1ll\u00edt\u00e1sa k\u00f6vetkezett. A 20 f\u0151s gyermekcsoport a Noszlopy G\u00e1sp\u00e1r \u00c1ltal\u00e1nos \u00e9s Alapfok\u00fa M\u0171v\u00e9szeti Iskola Hidas Frigyes Alapfok\u00fa M\u0171v\u00e9szeti Iskol\u00e1j\u00e1t k\u00e9pviselte. A m\u0171sor narr\u00e1tora Kir\u00e1ly J\u00falia volt. A t\u00e1ncot Tak\u00e1cs G\u00e1bor \u00e9s Tak\u00e1cs G\u00e1born\u00e9 tan\u00edtott\u00e1k be. A Noszlopy iskol\u00e1t Patk\u00f3 Imre igazgat\u00f3,&#8230;<\/p>\n<p class=\"read-more\"><a class=\"btn btn-default\" href=\"https:\/\/marcali.plebania.hu\/?p=3101\"> Read More<span class=\"screen-reader-text\">  Read More<\/span><\/a><\/p>\n","protected":false},"author":2,"featured_media":0,"comment_status":"closed","ping_status":"open","sticky":false,"template":"","format":"standard","meta":{"footnotes":""},"categories":[1],"tags":[],"class_list":["post-3101","post","type-post","status-publish","format-standard","hentry","category-egyeb"],"_links":{"self":[{"href":"https:\/\/marcali.plebania.hu\/index.php?rest_route=\/wp\/v2\/posts\/3101","targetHints":{"allow":["GET"]}}],"collection":[{"href":"https:\/\/marcali.plebania.hu\/index.php?rest_route=\/wp\/v2\/posts"}],"about":[{"href":"https:\/\/marcali.plebania.hu\/index.php?rest_route=\/wp\/v2\/types\/post"}],"author":[{"embeddable":true,"href":"https:\/\/marcali.plebania.hu\/index.php?rest_route=\/wp\/v2\/users\/2"}],"replies":[{"embeddable":true,"href":"https:\/\/marcali.plebania.hu\/index.php?rest_route=%2Fwp%2Fv2%2Fcomments&post=3101"}],"version-history":[{"count":1,"href":"https:\/\/marcali.plebania.hu\/index.php?rest_route=\/wp\/v2\/posts\/3101\/revisions"}],"predecessor-version":[{"id":3119,"href":"https:\/\/marcali.plebania.hu\/index.php?rest_route=\/wp\/v2\/posts\/3101\/revisions\/3119"}],"wp:attachment":[{"href":"https:\/\/marcali.plebania.hu\/index.php?rest_route=%2Fwp%2Fv2%2Fmedia&parent=3101"}],"wp:term":[{"taxonomy":"category","embeddable":true,"href":"https:\/\/marcali.plebania.hu\/index.php?rest_route=%2Fwp%2Fv2%2Fcategories&post=3101"},{"taxonomy":"post_tag","embeddable":true,"href":"https:\/\/marcali.plebania.hu\/index.php?rest_route=%2Fwp%2Fv2%2Ftags&post=3101"}],"curies":[{"name":"wp","href":"https:\/\/api.w.org\/{rel}","templated":true}]}}