{"id":311,"date":"2018-08-10T07:40:52","date_gmt":"2018-08-10T07:40:52","guid":{"rendered":"https:\/\/marcali.plebania.hu\/?p=311"},"modified":"2018-08-10T07:40:52","modified_gmt":"2018-08-10T07:40:52","slug":"hirdetesek-2018-08-12","status":"publish","type":"post","link":"https:\/\/marcali.plebania.hu\/?p=311","title":{"rendered":"Hirdet\u00e9sek, 2018. 08. 12."},"content":{"rendered":"<ol>\n<li>Ma van az \u00e9vk\u00f6zi 19. vas\u00e1rnap.<\/li>\n<li>A fatimai engesztel\u0151 ima\u00f3ra, kedden 18 \u00f3rakor a pl\u00e9b\u00e1niatemplomban, majd Nagyboldogasszony el\u0151esti szentmise.<\/li>\n<li>Szerd\u00e1n Nagyboldogasszony parancsolt \u00fcnnepe. Szentmis\u00e9k: 9 \u00f3ra pl\u00e9b\u00e1niatemplomban, 19 \u00f3rakor a B. Gizella templomban. A szentmis\u00e9n val\u00f3 r\u00e9szv\u00e9tel k\u00f6telez\u0151, mert ez olyan \u00fcnnep, mint a vas\u00e1rnap.<\/li>\n<li>Augusztus 20-\u00e1n, Szent Istv\u00e1n \u00fcnnep\u00e9n 9 \u00f3rakor a pl\u00e9b\u00e1niatemplomban \u00fcnnepi szentmise, majd az \u00faj keny\u00e9r meg\u00e1ld\u00e1sa, megszeg\u00e9se \u00e9s kioszt\u00e1sa.<\/li>\n<\/ol>\n","protected":false},"excerpt":{"rendered":"<p>Ma van az \u00e9vk\u00f6zi 19. vas\u00e1rnap. A fatimai engesztel\u0151 ima\u00f3ra, kedden 18 \u00f3rakor a pl\u00e9b\u00e1niatemplomban, majd Nagyboldogasszony el\u0151esti szentmise. Szerd\u00e1n Nagyboldogasszony parancsolt \u00fcnnepe. Szentmis\u00e9k: 9 \u00f3ra pl\u00e9b\u00e1niatemplomban, 19 \u00f3rakor a B. Gizella templomban. A szentmis\u00e9n val\u00f3 r\u00e9szv\u00e9tel k\u00f6telez\u0151, mert ez olyan \u00fcnnep, mint a vas\u00e1rnap. Augusztus 20-\u00e1n, Szent Istv\u00e1n \u00fcnnep\u00e9n 9 \u00f3rakor a pl\u00e9b\u00e1niatemplomban \u00fcnnepi szentmise, majd az \u00faj keny\u00e9r meg\u00e1ld\u00e1sa, megszeg\u00e9se \u00e9s kioszt\u00e1sa.<\/p>\n","protected":false},"author":2,"featured_media":0,"comment_status":"closed","ping_status":"open","sticky":false,"template":"","format":"standard","meta":{"footnotes":""},"categories":[1],"tags":[],"class_list":["post-311","post","type-post","status-publish","format-standard","hentry","category-egyeb"],"_links":{"self":[{"href":"https:\/\/marcali.plebania.hu\/index.php?rest_route=\/wp\/v2\/posts\/311","targetHints":{"allow":["GET"]}}],"collection":[{"href":"https:\/\/marcali.plebania.hu\/index.php?rest_route=\/wp\/v2\/posts"}],"about":[{"href":"https:\/\/marcali.plebania.hu\/index.php?rest_route=\/wp\/v2\/types\/post"}],"author":[{"embeddable":true,"href":"https:\/\/marcali.plebania.hu\/index.php?rest_route=\/wp\/v2\/users\/2"}],"replies":[{"embeddable":true,"href":"https:\/\/marcali.plebania.hu\/index.php?rest_route=%2Fwp%2Fv2%2Fcomments&post=311"}],"version-history":[{"count":1,"href":"https:\/\/marcali.plebania.hu\/index.php?rest_route=\/wp\/v2\/posts\/311\/revisions"}],"predecessor-version":[{"id":312,"href":"https:\/\/marcali.plebania.hu\/index.php?rest_route=\/wp\/v2\/posts\/311\/revisions\/312"}],"wp:attachment":[{"href":"https:\/\/marcali.plebania.hu\/index.php?rest_route=%2Fwp%2Fv2%2Fmedia&parent=311"}],"wp:term":[{"taxonomy":"category","embeddable":true,"href":"https:\/\/marcali.plebania.hu\/index.php?rest_route=%2Fwp%2Fv2%2Fcategories&post=311"},{"taxonomy":"post_tag","embeddable":true,"href":"https:\/\/marcali.plebania.hu\/index.php?rest_route=%2Fwp%2Fv2%2Ftags&post=311"}],"curies":[{"name":"wp","href":"https:\/\/api.w.org\/{rel}","templated":true}]}}