{"id":3120,"date":"2021-12-21T16:27:18","date_gmt":"2021-12-21T16:27:18","guid":{"rendered":"https:\/\/marcali.plebania.hu\/?p=3120"},"modified":"2021-12-21T16:27:18","modified_gmt":"2021-12-21T16:27:18","slug":"az-iden-is-karacsonyi-adomanyokkal-segitette-a-karitasz-a-marcali-raszorulokat","status":"publish","type":"post","link":"https:\/\/marcali.plebania.hu\/?p=3120","title":{"rendered":"Az id\u00e9n is kar\u00e1csonyi adom\u00e1nyokkal seg\u00edtette a Karit\u00e1sz a marcali r\u00e1szorul\u00f3kat"},"content":{"rendered":"\n<p>2021. december 19-\u00e9n, vas\u00e1rnap a 9 \u00f3r\u00e1s szentmise ut\u00e1n a Marcali Karit\u00e1sz Csoport a Gy\u00fcm\u00f6lcsolt\u00f3 Boldogasszony pl\u00e9b\u00e1niatemplomban \u2013 az \u00e9rv\u00e9nyben l\u00e9v\u0151 j\u00e1rv\u00e1ny\u00fcgyi int\u00e9zked\u00e9sek betart\u00e1s\u00e1val \u2013 osztotta ki a r\u00e1szorul\u00f3knak azokat a tart\u00f3s \u00e9lelmiszereket tartalmaz\u00f3 csomagokat, melyeket a Katolikus Karit\u00e1sz, valamint a Kaposv\u00e1ri Egyh\u00e1zmegyei Karit\u00e1sz k\u00f6zrem\u0171k\u00f6d\u00e9s\u00e9vel juttattak el Marcaliba.<\/p>\n\n\n\n<figure class=\"wp-block-gallery columns-3 is-cropped wp-block-gallery-1 is-layout-flex wp-block-gallery-is-layout-flex\"><ul class=\"blocks-gallery-grid\"><li class=\"blocks-gallery-item\"><figure><img loading=\"lazy\" decoding=\"async\" width=\"1024\" height=\"683\" src=\"https:\/\/marcali.plebania.hu\/wp-content\/uploads\/2021\/12\/02-1-1024x683.jpg\" alt=\"\" data-id=\"3121\" data-full-url=\"https:\/\/marcali.plebania.hu\/wp-content\/uploads\/2021\/12\/02-1-scaled.jpg\" data-link=\"https:\/\/marcali.plebania.hu\/?attachment_id=3121\" class=\"wp-image-3121\" srcset=\"https:\/\/marcali.plebania.hu\/wp-content\/uploads\/2021\/12\/02-1-1024x683.jpg 1024w, https:\/\/marcali.plebania.hu\/wp-content\/uploads\/2021\/12\/02-1-300x200.jpg 300w, https:\/\/marcali.plebania.hu\/wp-content\/uploads\/2021\/12\/02-1-768x512.jpg 768w, https:\/\/marcali.plebania.hu\/wp-content\/uploads\/2021\/12\/02-1-1536x1024.jpg 1536w, https:\/\/marcali.plebania.hu\/wp-content\/uploads\/2021\/12\/02-1-2048x1365.jpg 2048w, https:\/\/marcali.plebania.hu\/wp-content\/uploads\/2021\/12\/02-1-405x270.jpg 405w\" sizes=\"auto, (max-width: 1024px) 100vw, 1024px\" \/><\/figure><\/li><li class=\"blocks-gallery-item\"><figure><img loading=\"lazy\" decoding=\"async\" width=\"1024\" height=\"683\" src=\"https:\/\/marcali.plebania.hu\/wp-content\/uploads\/2021\/12\/03-2-1024x683.jpg\" alt=\"\" data-id=\"3122\" data-full-url=\"https:\/\/marcali.plebania.hu\/wp-content\/uploads\/2021\/12\/03-2-scaled.jpg\" data-link=\"https:\/\/marcali.plebania.hu\/?attachment_id=3122\" class=\"wp-image-3122\" srcset=\"https:\/\/marcali.plebania.hu\/wp-content\/uploads\/2021\/12\/03-2-1024x683.jpg 1024w, https:\/\/marcali.plebania.hu\/wp-content\/uploads\/2021\/12\/03-2-300x200.jpg 300w, https:\/\/marcali.plebania.hu\/wp-content\/uploads\/2021\/12\/03-2-768x512.jpg 768w, https:\/\/marcali.plebania.hu\/wp-content\/uploads\/2021\/12\/03-2-1536x1024.jpg 1536w, https:\/\/marcali.plebania.hu\/wp-content\/uploads\/2021\/12\/03-2-2048x1365.jpg 2048w, https:\/\/marcali.plebania.hu\/wp-content\/uploads\/2021\/12\/03-2-405x270.jpg 405w\" sizes=\"auto, (max-width: 1024px) 100vw, 1024px\" \/><\/figure><\/li><li class=\"blocks-gallery-item\"><figure><img loading=\"lazy\" decoding=\"async\" width=\"1024\" height=\"683\" src=\"https:\/\/marcali.plebania.hu\/wp-content\/uploads\/2021\/12\/04-2-1024x683.jpg\" alt=\"\" data-id=\"3123\" data-full-url=\"https:\/\/marcali.plebania.hu\/wp-content\/uploads\/2021\/12\/04-2-scaled.jpg\" data-link=\"https:\/\/marcali.plebania.hu\/?attachment_id=3123\" class=\"wp-image-3123\" srcset=\"https:\/\/marcali.plebania.hu\/wp-content\/uploads\/2021\/12\/04-2-1024x683.jpg 1024w, https:\/\/marcali.plebania.hu\/wp-content\/uploads\/2021\/12\/04-2-300x200.jpg 300w, https:\/\/marcali.plebania.hu\/wp-content\/uploads\/2021\/12\/04-2-768x512.jpg 768w, https:\/\/marcali.plebania.hu\/wp-content\/uploads\/2021\/12\/04-2-1536x1024.jpg 1536w, https:\/\/marcali.plebania.hu\/wp-content\/uploads\/2021\/12\/04-2-2048x1365.jpg 2048w, https:\/\/marcali.plebania.hu\/wp-content\/uploads\/2021\/12\/04-2-405x270.jpg 405w\" sizes=\"auto, (max-width: 1024px) 100vw, 1024px\" \/><\/figure><\/li><li class=\"blocks-gallery-item\"><figure><img loading=\"lazy\" decoding=\"async\" width=\"1024\" height=\"683\" src=\"https:\/\/marcali.plebania.hu\/wp-content\/uploads\/2021\/12\/05-2-1024x683.jpg\" alt=\"\" data-id=\"3124\" data-full-url=\"https:\/\/marcali.plebania.hu\/wp-content\/uploads\/2021\/12\/05-2-scaled.jpg\" data-link=\"https:\/\/marcali.plebania.hu\/?attachment_id=3124\" class=\"wp-image-3124\" srcset=\"https:\/\/marcali.plebania.hu\/wp-content\/uploads\/2021\/12\/05-2-1024x683.jpg 1024w, https:\/\/marcali.plebania.hu\/wp-content\/uploads\/2021\/12\/05-2-300x200.jpg 300w, https:\/\/marcali.plebania.hu\/wp-content\/uploads\/2021\/12\/05-2-768x512.jpg 768w, https:\/\/marcali.plebania.hu\/wp-content\/uploads\/2021\/12\/05-2-1536x1024.jpg 1536w, https:\/\/marcali.plebania.hu\/wp-content\/uploads\/2021\/12\/05-2-2048x1365.jpg 2048w, https:\/\/marcali.plebania.hu\/wp-content\/uploads\/2021\/12\/05-2-405x270.jpg 405w\" sizes=\"auto, (max-width: 1024px) 100vw, 1024px\" \/><\/figure><\/li><\/ul><\/figure>\n\n\n\n<p>Ezen k\u00edv\u00fcl a helyi \u00f6nk\u00e9ntes seg\u00e9lyszervezet tov\u00e1bbi 20 db \u00e9lelmiszercsomagot is \u00f6ssze\u00e1ll\u00edtott, melyet a Szent Erzs\u00e9bet-napi templomi adom\u00e1nygy\u0171jt\u00e9s, valamint az \u201eEgymilli\u00f3 csillag a szeg\u00e9nyek\u00e9rt\u201d akci\u00f3 tett lehet\u0151v\u00e9 a h\u00edvek \u00e9s a j\u00f3akarat\u00fa emberek j\u00f3volt\u00e1b\u00f3l. S\u00e1voly Andrea, a Marcali Karit\u00e1sz Csoport vezet\u0151je elmondta, ezek a csomagok az id\u00e9n is a helybeli id\u0151s, beteg, illetve neh\u00e9zsors\u00fa csal\u00e1dok t\u00e1mogat\u00e1s\u00e1t szolg\u00e1lj\u00e1k. A c\u00e9l az volt, hogy a k\u00f6zelg\u0151 \u00fcnnepek alkalm\u00e1val enyh\u00edts\u00e9k kicsit ezeknek az embereknek a kiad\u00e1sait, \u00e9s seg\u00edts\u00e9k a kar\u00e1csonyuk meghittebb\u00e9 t\u00e9tel\u00e9t, egy\u00fattal eljuttass\u00e1k J\u00e9zus sz\u00fclet\u00e9s\u00e9nek \u00f6r\u00f6mh\u00edr\u00e9t, \u00fczenet\u00e9t is. A szentmis\u00e9n Kiss Iv\u00e1n c. pr\u00e9post, pl\u00e9b\u00e1nos megk\u00f6sz\u00f6nte mindazok t\u00e1mogat\u00e1s\u00e1t, akik hozz\u00e1j\u00e1rul\u00e1sukkal lehet\u0151v\u00e9 tett\u00e9k az adom\u00e1nyok elk\u00e9sz\u00edt\u00e9s\u00e9t.<\/p>\n\n\n\n<figure class=\"wp-block-gallery columns-3 is-cropped wp-block-gallery-2 is-layout-flex wp-block-gallery-is-layout-flex\"><ul class=\"blocks-gallery-grid\"><li class=\"blocks-gallery-item\"><figure><img loading=\"lazy\" decoding=\"async\" width=\"1024\" height=\"683\" src=\"https:\/\/marcali.plebania.hu\/wp-content\/uploads\/2021\/12\/06-1024x683.jpg\" alt=\"\" data-id=\"3125\" data-full-url=\"https:\/\/marcali.plebania.hu\/wp-content\/uploads\/2021\/12\/06-scaled.jpg\" data-link=\"https:\/\/marcali.plebania.hu\/?attachment_id=3125\" class=\"wp-image-3125\" srcset=\"https:\/\/marcali.plebania.hu\/wp-content\/uploads\/2021\/12\/06-1024x683.jpg 1024w, https:\/\/marcali.plebania.hu\/wp-content\/uploads\/2021\/12\/06-300x200.jpg 300w, https:\/\/marcali.plebania.hu\/wp-content\/uploads\/2021\/12\/06-768x512.jpg 768w, https:\/\/marcali.plebania.hu\/wp-content\/uploads\/2021\/12\/06-1536x1024.jpg 1536w, https:\/\/marcali.plebania.hu\/wp-content\/uploads\/2021\/12\/06-2048x1365.jpg 2048w, https:\/\/marcali.plebania.hu\/wp-content\/uploads\/2021\/12\/06-405x270.jpg 405w\" sizes=\"auto, (max-width: 1024px) 100vw, 1024px\" \/><\/figure><\/li><li class=\"blocks-gallery-item\"><figure><img loading=\"lazy\" decoding=\"async\" width=\"1024\" height=\"683\" src=\"https:\/\/marcali.plebania.hu\/wp-content\/uploads\/2021\/12\/07-3-1024x683.jpg\" alt=\"\" data-id=\"3126\" data-full-url=\"https:\/\/marcali.plebania.hu\/wp-content\/uploads\/2021\/12\/07-3-scaled.jpg\" data-link=\"https:\/\/marcali.plebania.hu\/?attachment_id=3126\" class=\"wp-image-3126\" srcset=\"https:\/\/marcali.plebania.hu\/wp-content\/uploads\/2021\/12\/07-3-1024x683.jpg 1024w, https:\/\/marcali.plebania.hu\/wp-content\/uploads\/2021\/12\/07-3-300x200.jpg 300w, https:\/\/marcali.plebania.hu\/wp-content\/uploads\/2021\/12\/07-3-768x512.jpg 768w, https:\/\/marcali.plebania.hu\/wp-content\/uploads\/2021\/12\/07-3-1536x1024.jpg 1536w, https:\/\/marcali.plebania.hu\/wp-content\/uploads\/2021\/12\/07-3-2048x1365.jpg 2048w, https:\/\/marcali.plebania.hu\/wp-content\/uploads\/2021\/12\/07-3-405x270.jpg 405w\" sizes=\"auto, (max-width: 1024px) 100vw, 1024px\" \/><\/figure><\/li><li class=\"blocks-gallery-item\"><figure><img loading=\"lazy\" decoding=\"async\" width=\"1024\" height=\"683\" src=\"https:\/\/marcali.plebania.hu\/wp-content\/uploads\/2021\/12\/08-2-1024x683.jpg\" alt=\"\" data-id=\"3127\" data-full-url=\"https:\/\/marcali.plebania.hu\/wp-content\/uploads\/2021\/12\/08-2-scaled.jpg\" data-link=\"https:\/\/marcali.plebania.hu\/?attachment_id=3127\" class=\"wp-image-3127\" srcset=\"https:\/\/marcali.plebania.hu\/wp-content\/uploads\/2021\/12\/08-2-1024x683.jpg 1024w, https:\/\/marcali.plebania.hu\/wp-content\/uploads\/2021\/12\/08-2-300x200.jpg 300w, https:\/\/marcali.plebania.hu\/wp-content\/uploads\/2021\/12\/08-2-768x512.jpg 768w, https:\/\/marcali.plebania.hu\/wp-content\/uploads\/2021\/12\/08-2-1536x1024.jpg 1536w, https:\/\/marcali.plebania.hu\/wp-content\/uploads\/2021\/12\/08-2-2048x1365.jpg 2048w, https:\/\/marcali.plebania.hu\/wp-content\/uploads\/2021\/12\/08-2-405x270.jpg 405w\" sizes=\"auto, (max-width: 1024px) 100vw, 1024px\" \/><\/figure><\/li><li class=\"blocks-gallery-item\"><figure><img loading=\"lazy\" decoding=\"async\" width=\"1024\" height=\"683\" src=\"https:\/\/marcali.plebania.hu\/wp-content\/uploads\/2021\/12\/09-2-1024x683.jpg\" alt=\"\" data-id=\"3128\" data-full-url=\"https:\/\/marcali.plebania.hu\/wp-content\/uploads\/2021\/12\/09-2-scaled.jpg\" data-link=\"https:\/\/marcali.plebania.hu\/?attachment_id=3128\" class=\"wp-image-3128\" srcset=\"https:\/\/marcali.plebania.hu\/wp-content\/uploads\/2021\/12\/09-2-1024x683.jpg 1024w, https:\/\/marcali.plebania.hu\/wp-content\/uploads\/2021\/12\/09-2-300x200.jpg 300w, https:\/\/marcali.plebania.hu\/wp-content\/uploads\/2021\/12\/09-2-768x512.jpg 768w, https:\/\/marcali.plebania.hu\/wp-content\/uploads\/2021\/12\/09-2-1536x1024.jpg 1536w, https:\/\/marcali.plebania.hu\/wp-content\/uploads\/2021\/12\/09-2-2048x1365.jpg 2048w, https:\/\/marcali.plebania.hu\/wp-content\/uploads\/2021\/12\/09-2-405x270.jpg 405w\" sizes=\"auto, (max-width: 1024px) 100vw, 1024px\" \/><\/figure><\/li><\/ul><\/figure>\n\n\n\n<p>A mozg\u00e1sukban korl\u00e1tozott\nszem\u00e9lyeknek a csomagokat az \u00f6nk\u00e9ntes karit\u00e1sz aktivist\u00e1k\nszem\u00e9lyesen vitt\u00e9k ki m\u00e9g a d\u00e9lel\u0151tt folyam\u00e1n.<\/p>\n\n\n\n<p>A r\u00e1szorul\u00f3k az id\u00e9n is mindannyian\nh\u00e1l\u00e1sak voltak az adom\u00e1nyok\u00e9rt, \u00e9s \u00f6r\u00f6mmel k\u00f6sz\u00f6nt\u00e9k meg a seg\u00edts\u00e9get, melyek\negyt\u0151l egyig hasznosak leszek a csal\u00e1dok, vagy egyed\u00fcl\u00e1ll\u00f3k kar\u00e1csonyi\nasztal\u00e1n\u00e1l.<\/p>\n","protected":false},"excerpt":{"rendered":"<p>2021. december 19-\u00e9n, vas\u00e1rnap a 9 \u00f3r\u00e1s szentmise ut\u00e1n a Marcali Karit\u00e1sz Csoport a Gy\u00fcm\u00f6lcsolt\u00f3 Boldogasszony pl\u00e9b\u00e1niatemplomban \u2013 az \u00e9rv\u00e9nyben l\u00e9v\u0151 j\u00e1rv\u00e1ny\u00fcgyi int\u00e9zked\u00e9sek betart\u00e1s\u00e1val \u2013 osztotta ki a r\u00e1szorul\u00f3knak azokat a tart\u00f3s \u00e9lelmiszereket tartalmaz\u00f3 csomagokat, melyeket a Katolikus Karit\u00e1sz, valamint a Kaposv\u00e1ri Egyh\u00e1zmegyei Karit\u00e1sz k\u00f6zrem\u0171k\u00f6d\u00e9s\u00e9vel juttattak el Marcaliba. Ezen k\u00edv\u00fcl a helyi \u00f6nk\u00e9ntes seg\u00e9lyszervezet tov\u00e1bbi 20 db \u00e9lelmiszercsomagot is \u00f6ssze\u00e1ll\u00edtott, melyet a Szent Erzs\u00e9bet-napi templomi adom\u00e1nygy\u0171jt\u00e9s, valamint az \u201eEgymilli\u00f3 csillag a szeg\u00e9nyek\u00e9rt\u201d akci\u00f3 tett lehet\u0151v\u00e9 a h\u00edvek \u00e9s a j\u00f3akarat\u00fa&#8230;<\/p>\n<p class=\"read-more\"><a class=\"btn btn-default\" href=\"https:\/\/marcali.plebania.hu\/?p=3120\"> Read More<span class=\"screen-reader-text\">  Read More<\/span><\/a><\/p>\n","protected":false},"author":2,"featured_media":0,"comment_status":"closed","ping_status":"open","sticky":false,"template":"","format":"standard","meta":{"footnotes":""},"categories":[1],"tags":[],"class_list":["post-3120","post","type-post","status-publish","format-standard","hentry","category-egyeb"],"_links":{"self":[{"href":"https:\/\/marcali.plebania.hu\/index.php?rest_route=\/wp\/v2\/posts\/3120","targetHints":{"allow":["GET"]}}],"collection":[{"href":"https:\/\/marcali.plebania.hu\/index.php?rest_route=\/wp\/v2\/posts"}],"about":[{"href":"https:\/\/marcali.plebania.hu\/index.php?rest_route=\/wp\/v2\/types\/post"}],"author":[{"embeddable":true,"href":"https:\/\/marcali.plebania.hu\/index.php?rest_route=\/wp\/v2\/users\/2"}],"replies":[{"embeddable":true,"href":"https:\/\/marcali.plebania.hu\/index.php?rest_route=%2Fwp%2Fv2%2Fcomments&post=3120"}],"version-history":[{"count":1,"href":"https:\/\/marcali.plebania.hu\/index.php?rest_route=\/wp\/v2\/posts\/3120\/revisions"}],"predecessor-version":[{"id":3129,"href":"https:\/\/marcali.plebania.hu\/index.php?rest_route=\/wp\/v2\/posts\/3120\/revisions\/3129"}],"wp:attachment":[{"href":"https:\/\/marcali.plebania.hu\/index.php?rest_route=%2Fwp%2Fv2%2Fmedia&parent=3120"}],"wp:term":[{"taxonomy":"category","embeddable":true,"href":"https:\/\/marcali.plebania.hu\/index.php?rest_route=%2Fwp%2Fv2%2Fcategories&post=3120"},{"taxonomy":"post_tag","embeddable":true,"href":"https:\/\/marcali.plebania.hu\/index.php?rest_route=%2Fwp%2Fv2%2Ftags&post=3120"}],"curies":[{"name":"wp","href":"https:\/\/api.w.org\/{rel}","templated":true}]}}