{"id":3130,"date":"2021-12-21T16:35:29","date_gmt":"2021-12-21T16:35:29","guid":{"rendered":"https:\/\/marcali.plebania.hu\/?p=3130"},"modified":"2021-12-21T16:35:29","modified_gmt":"2021-12-21T16:35:29","slug":"egyhazi-konnyuzenei-nap-marcaliban","status":"publish","type":"post","link":"https:\/\/marcali.plebania.hu\/?p=3130","title":{"rendered":"Egyh\u00e1zi k\u00f6nny\u0171zenei nap Marcaliban"},"content":{"rendered":"\n<p>2021. december 19-\u00e9n, vas\u00e1rnap\nd\u00e9lut\u00e1n \u201eEgyh\u00e1zi k\u00f6nny\u0171zenei napot\u201d tartottak az \u00e9rv\u00e9nyben l\u00e9v\u0151 j\u00e1rv\u00e1ny\u00fcgyi\nszab\u00e1lyok betart\u00e1s\u00e1val a Kiss L\u00e1szl\u00f3 V\u00e1rosi Sportcsarnokban.<\/p>\n\n\n\n<p>A rendezv\u00e9nyt Szaka Zsolt, a Marcali \u00e9s K\u00f6rny\u00e9ke Hagyom\u00e1ny\u0151rz\u0151 Ipartest\u00fclet eln\u00f6ke nyitotta meg, illetve k\u00f6sz\u00f6nt\u00f6tte a megjelent vend\u00e9geket. Majd a programokat dr. Gyulain\u00e9 Domj\u00e1n Zsuzsanna hitoktat\u00f3n\u0151 ismertette. V\u00e9g\u00fcl T\u00f6lgyesi D\u00e1vid somogys\u00e1msoni pl\u00e9b\u00e1niai korm\u00e1nyz\u00f3 gondolataival z\u00e1rult a megnyit\u00f3.<\/p>\n\n\n\n<figure class=\"wp-block-gallery columns-3 is-cropped wp-block-gallery-1 is-layout-flex wp-block-gallery-is-layout-flex\"><ul class=\"blocks-gallery-grid\"><li class=\"blocks-gallery-item\"><figure><img loading=\"lazy\" decoding=\"async\" width=\"1024\" height=\"683\" src=\"https:\/\/marcali.plebania.hu\/wp-content\/uploads\/2021\/12\/03-3-1024x683.jpg\" alt=\"\" data-id=\"3131\" data-link=\"https:\/\/marcali.plebania.hu\/?attachment_id=3131\" class=\"wp-image-3131\" srcset=\"https:\/\/marcali.plebania.hu\/wp-content\/uploads\/2021\/12\/03-3-1024x683.jpg 1024w, https:\/\/marcali.plebania.hu\/wp-content\/uploads\/2021\/12\/03-3-300x200.jpg 300w, https:\/\/marcali.plebania.hu\/wp-content\/uploads\/2021\/12\/03-3-768x512.jpg 768w, https:\/\/marcali.plebania.hu\/wp-content\/uploads\/2021\/12\/03-3-1536x1024.jpg 1536w, https:\/\/marcali.plebania.hu\/wp-content\/uploads\/2021\/12\/03-3-2048x1365.jpg 2048w, https:\/\/marcali.plebania.hu\/wp-content\/uploads\/2021\/12\/03-3-405x270.jpg 405w\" sizes=\"auto, (max-width: 1024px) 100vw, 1024px\" \/><\/figure><\/li><li class=\"blocks-gallery-item\"><figure><img loading=\"lazy\" decoding=\"async\" width=\"1024\" height=\"683\" src=\"https:\/\/marcali.plebania.hu\/wp-content\/uploads\/2021\/12\/05-3-1024x683.jpg\" alt=\"\" data-id=\"3132\" data-link=\"https:\/\/marcali.plebania.hu\/?attachment_id=3132\" class=\"wp-image-3132\" srcset=\"https:\/\/marcali.plebania.hu\/wp-content\/uploads\/2021\/12\/05-3-1024x683.jpg 1024w, https:\/\/marcali.plebania.hu\/wp-content\/uploads\/2021\/12\/05-3-300x200.jpg 300w, https:\/\/marcali.plebania.hu\/wp-content\/uploads\/2021\/12\/05-3-768x512.jpg 768w, https:\/\/marcali.plebania.hu\/wp-content\/uploads\/2021\/12\/05-3-1536x1024.jpg 1536w, https:\/\/marcali.plebania.hu\/wp-content\/uploads\/2021\/12\/05-3-2048x1365.jpg 2048w, https:\/\/marcali.plebania.hu\/wp-content\/uploads\/2021\/12\/05-3-405x270.jpg 405w\" sizes=\"auto, (max-width: 1024px) 100vw, 1024px\" \/><\/figure><\/li><li class=\"blocks-gallery-item\"><figure><img loading=\"lazy\" decoding=\"async\" width=\"1024\" height=\"683\" src=\"https:\/\/marcali.plebania.hu\/wp-content\/uploads\/2021\/12\/07-4-1024x683.jpg\" alt=\"\" data-id=\"3133\" data-link=\"https:\/\/marcali.plebania.hu\/?attachment_id=3133\" class=\"wp-image-3133\" srcset=\"https:\/\/marcali.plebania.hu\/wp-content\/uploads\/2021\/12\/07-4-1024x683.jpg 1024w, https:\/\/marcali.plebania.hu\/wp-content\/uploads\/2021\/12\/07-4-300x200.jpg 300w, https:\/\/marcali.plebania.hu\/wp-content\/uploads\/2021\/12\/07-4-768x512.jpg 768w, https:\/\/marcali.plebania.hu\/wp-content\/uploads\/2021\/12\/07-4-1536x1024.jpg 1536w, https:\/\/marcali.plebania.hu\/wp-content\/uploads\/2021\/12\/07-4-2048x1365.jpg 2048w, https:\/\/marcali.plebania.hu\/wp-content\/uploads\/2021\/12\/07-4-405x270.jpg 405w\" sizes=\"auto, (max-width: 1024px) 100vw, 1024px\" \/><\/figure><\/li><li class=\"blocks-gallery-item\"><figure><img loading=\"lazy\" decoding=\"async\" width=\"1024\" height=\"683\" src=\"https:\/\/marcali.plebania.hu\/wp-content\/uploads\/2021\/12\/10-3-1024x683.jpg\" alt=\"\" data-id=\"3135\" data-full-url=\"https:\/\/marcali.plebania.hu\/wp-content\/uploads\/2021\/12\/10-3-scaled.jpg\" data-link=\"https:\/\/marcali.plebania.hu\/?attachment_id=3135\" class=\"wp-image-3135\" srcset=\"https:\/\/marcali.plebania.hu\/wp-content\/uploads\/2021\/12\/10-3-1024x683.jpg 1024w, https:\/\/marcali.plebania.hu\/wp-content\/uploads\/2021\/12\/10-3-300x200.jpg 300w, https:\/\/marcali.plebania.hu\/wp-content\/uploads\/2021\/12\/10-3-768x512.jpg 768w, https:\/\/marcali.plebania.hu\/wp-content\/uploads\/2021\/12\/10-3-1536x1024.jpg 1536w, https:\/\/marcali.plebania.hu\/wp-content\/uploads\/2021\/12\/10-3-2048x1365.jpg 2048w, https:\/\/marcali.plebania.hu\/wp-content\/uploads\/2021\/12\/10-3-405x270.jpg 405w\" sizes=\"auto, (max-width: 1024px) 100vw, 1024px\" \/><\/figure><\/li><\/ul><\/figure>\n\n\n\n<p>Ezt k\u00f6vet\u0151en a zenekarok m\u0171sor-blokkja k\u00f6vetkezett. Els\u0151k\u00e9nt a Marcali F\u00e9ny Gyermekei Katolikus Zenekar mutatkozott be dics\u0151\u00edt\u0151 dalokkal S\u00e1gv\u00e1ri R\u00f3bert (git\u00e1r, \u00e9nek) vezet\u00e9s\u00e9vel. A hazai csapatot Balogh B\u00e1lint (szintetiz\u00e1tor, \u00e9nek) J\u00e1ki Zolt\u00e1n (heged\u0171, \u00e9nek), Szab\u00f3 Andrea (git\u00e1r, furulya, \u00e9nek), \u00e9s T\u00f3th Eszter \u00c1gnes (\u00e9nek) k\u00e9pviselt\u00e9k.<\/p>\n\n\n\n<figure class=\"wp-block-gallery columns-3 is-cropped wp-block-gallery-2 is-layout-flex wp-block-gallery-is-layout-flex\"><ul class=\"blocks-gallery-grid\"><li class=\"blocks-gallery-item\"><figure><img loading=\"lazy\" decoding=\"async\" width=\"1024\" height=\"683\" src=\"https:\/\/marcali.plebania.hu\/wp-content\/uploads\/2021\/12\/31-3-1024x683.jpg\" alt=\"\" data-id=\"3136\" data-link=\"https:\/\/marcali.plebania.hu\/?attachment_id=3136\" class=\"wp-image-3136\" srcset=\"https:\/\/marcali.plebania.hu\/wp-content\/uploads\/2021\/12\/31-3-1024x683.jpg 1024w, https:\/\/marcali.plebania.hu\/wp-content\/uploads\/2021\/12\/31-3-300x200.jpg 300w, https:\/\/marcali.plebania.hu\/wp-content\/uploads\/2021\/12\/31-3-768x512.jpg 768w, https:\/\/marcali.plebania.hu\/wp-content\/uploads\/2021\/12\/31-3-1536x1024.jpg 1536w, https:\/\/marcali.plebania.hu\/wp-content\/uploads\/2021\/12\/31-3-2048x1365.jpg 2048w, https:\/\/marcali.plebania.hu\/wp-content\/uploads\/2021\/12\/31-3-405x270.jpg 405w\" sizes=\"auto, (max-width: 1024px) 100vw, 1024px\" \/><\/figure><\/li><li class=\"blocks-gallery-item\"><figure><img loading=\"lazy\" decoding=\"async\" width=\"1024\" height=\"683\" src=\"https:\/\/marcali.plebania.hu\/wp-content\/uploads\/2021\/12\/32-1-1024x683.jpg\" alt=\"\" data-id=\"3137\" data-link=\"https:\/\/marcali.plebania.hu\/?attachment_id=3137\" class=\"wp-image-3137\" srcset=\"https:\/\/marcali.plebania.hu\/wp-content\/uploads\/2021\/12\/32-1-1024x683.jpg 1024w, https:\/\/marcali.plebania.hu\/wp-content\/uploads\/2021\/12\/32-1-300x200.jpg 300w, https:\/\/marcali.plebania.hu\/wp-content\/uploads\/2021\/12\/32-1-768x512.jpg 768w, https:\/\/marcali.plebania.hu\/wp-content\/uploads\/2021\/12\/32-1-1536x1024.jpg 1536w, https:\/\/marcali.plebania.hu\/wp-content\/uploads\/2021\/12\/32-1-2048x1365.jpg 2048w, https:\/\/marcali.plebania.hu\/wp-content\/uploads\/2021\/12\/32-1-405x270.jpg 405w\" sizes=\"auto, (max-width: 1024px) 100vw, 1024px\" \/><\/figure><\/li><li class=\"blocks-gallery-item\"><figure><img loading=\"lazy\" decoding=\"async\" width=\"1024\" height=\"683\" src=\"https:\/\/marcali.plebania.hu\/wp-content\/uploads\/2021\/12\/42-1024x683.jpg\" alt=\"\" data-id=\"3138\" data-link=\"https:\/\/marcali.plebania.hu\/?attachment_id=3138\" class=\"wp-image-3138\" srcset=\"https:\/\/marcali.plebania.hu\/wp-content\/uploads\/2021\/12\/42-1024x683.jpg 1024w, https:\/\/marcali.plebania.hu\/wp-content\/uploads\/2021\/12\/42-300x200.jpg 300w, https:\/\/marcali.plebania.hu\/wp-content\/uploads\/2021\/12\/42-768x512.jpg 768w, https:\/\/marcali.plebania.hu\/wp-content\/uploads\/2021\/12\/42-1536x1024.jpg 1536w, https:\/\/marcali.plebania.hu\/wp-content\/uploads\/2021\/12\/42-2048x1365.jpg 2048w, https:\/\/marcali.plebania.hu\/wp-content\/uploads\/2021\/12\/42-405x270.jpg 405w\" sizes=\"auto, (max-width: 1024px) 100vw, 1024px\" \/><\/figure><\/li><li class=\"blocks-gallery-item\"><figure><img loading=\"lazy\" decoding=\"async\" width=\"1024\" height=\"683\" src=\"https:\/\/marcali.plebania.hu\/wp-content\/uploads\/2021\/12\/60-1024x683.jpg\" alt=\"\" data-id=\"3139\" data-full-url=\"https:\/\/marcali.plebania.hu\/wp-content\/uploads\/2021\/12\/60-scaled.jpg\" data-link=\"https:\/\/marcali.plebania.hu\/?attachment_id=3139\" class=\"wp-image-3139\" srcset=\"https:\/\/marcali.plebania.hu\/wp-content\/uploads\/2021\/12\/60-1024x683.jpg 1024w, https:\/\/marcali.plebania.hu\/wp-content\/uploads\/2021\/12\/60-300x200.jpg 300w, https:\/\/marcali.plebania.hu\/wp-content\/uploads\/2021\/12\/60-768x512.jpg 768w, https:\/\/marcali.plebania.hu\/wp-content\/uploads\/2021\/12\/60-1536x1024.jpg 1536w, https:\/\/marcali.plebania.hu\/wp-content\/uploads\/2021\/12\/60-2048x1365.jpg 2048w, https:\/\/marcali.plebania.hu\/wp-content\/uploads\/2021\/12\/60-405x270.jpg 405w\" sizes=\"auto, (max-width: 1024px) 100vw, 1024px\" \/><\/figure><\/li><\/ul><\/figure>\n\n\n\n<p>Az el\u0151ad\u00e1sukat k\u00f6vet\u0151en \u2013 am\u00edg a\ntechnikusok \u00e1trendezt\u00e9k a sz\u00ednpadot \u2013 dr. Gyulain\u00e9 Domj\u00e1n Zsuzsanna hitoktat\u00f3n\u0151\nvezetett egy \u00e1dventi kv\u00edzj\u00e1t\u00e9kot \u00e9s a t\u00e9m\u00e1hoz kapcsol\u00f3d\u00f3 k\u00e9rd\u00e9sekre a helyes\nv\u00e1laszad\u00f3k kis aj\u00e1nd\u00e9kokat nyerhettek. Ezut\u00e1n T\u00f6lgyesi D\u00e1vid somogys\u00e1msoni\npl\u00e9b\u00e1niai korm\u00e1nyz\u00f3 mutatkozott be r\u00f6viden, illetve ny\u00edltan lehetett t\u0151le\nk\u00e9rdezni ak\u00e1r a papi munk\u00e1j\u00e1r\u00f3l, ak\u00e1r az \u00e9let\u00e9r\u0151l, vagy \u00e9ppen a hobbijair\u00f3l. A\nk\u00f6z\u00f6ns\u00e9g megtudhatta, hogy nagy Forma-1 rajong\u00f3, ezen k\u00edv\u00fcl szeret focizni \u00e9s\nmotorozni is.<\/p>\n\n\n\n<p>A zenei m\u0171sor m\u00e1sodik r\u00e9sz\u00e9ben a Nagykanizs\u00e1r\u00f3l \u00e9rkezett Magvet\u0151 K\u00f6z\u00f6ss\u00e9g n\u00e9pes csapata l\u00e9pett fel a sz\u00ednpadon egyh\u00e1zi dalokkal, \u00e9nekekkel. K\u00f6zben V\u00f6rsr\u0151l meg\u00e9rkezett Varga L\u00e1szl\u00f3 kaposv\u00e1ri megy\u00e9sp\u00fcsp\u00f6k \u00far is, aki a lel\u00e1t\u00f3n helyet foglalva lelkesen kapcsol\u00f3dott be a koncertbe. A vend\u00e9g el\u0151ad\u00f3k olyan j\u00f3 hangulatot teremtettek, hogy a k\u00f6z\u00f6ns\u00e9get is bevont\u00e1k az \u00e9nekl\u00e9sbe, s\u0151t a v\u00e9g\u00e9n m\u00e9g a sz\u00ednpad el\u00e9 is h\u00edvt\u00e1k \u00e9s megmozgatt\u00e1k \u0151ket. A rendezv\u00e9ny v\u00e9g\u00e9n Varga L\u00e1szl\u00f3 p\u00fcsp\u00f6k is felsz\u00f3lat az evangeliz\u00e1ci\u00f3 fontoss\u00e1g\u00e1r\u00f3l, majd egy im\u00e1val \u00e9s \u00e1ld\u00e1ssal z\u00e1rta az Egyh\u00e1zi k\u00f6nny\u0171zenei napot.<\/p>\n\n\n\n<figure class=\"wp-block-gallery columns-3 is-cropped wp-block-gallery-3 is-layout-flex wp-block-gallery-is-layout-flex\"><ul class=\"blocks-gallery-grid\"><li class=\"blocks-gallery-item\"><figure><img loading=\"lazy\" decoding=\"async\" width=\"1024\" height=\"683\" src=\"https:\/\/marcali.plebania.hu\/wp-content\/uploads\/2021\/12\/51-1024x683.jpg\" alt=\"\" data-id=\"3140\" data-link=\"https:\/\/marcali.plebania.hu\/?attachment_id=3140\" class=\"wp-image-3140\" srcset=\"https:\/\/marcali.plebania.hu\/wp-content\/uploads\/2021\/12\/51-1024x683.jpg 1024w, https:\/\/marcali.plebania.hu\/wp-content\/uploads\/2021\/12\/51-300x200.jpg 300w, https:\/\/marcali.plebania.hu\/wp-content\/uploads\/2021\/12\/51-768x512.jpg 768w, https:\/\/marcali.plebania.hu\/wp-content\/uploads\/2021\/12\/51-1536x1024.jpg 1536w, https:\/\/marcali.plebania.hu\/wp-content\/uploads\/2021\/12\/51-2048x1365.jpg 2048w, https:\/\/marcali.plebania.hu\/wp-content\/uploads\/2021\/12\/51-405x270.jpg 405w\" sizes=\"auto, (max-width: 1024px) 100vw, 1024px\" \/><\/figure><\/li><li class=\"blocks-gallery-item\"><figure><img loading=\"lazy\" decoding=\"async\" width=\"1024\" height=\"683\" src=\"https:\/\/marcali.plebania.hu\/wp-content\/uploads\/2021\/12\/61-1024x683.jpg\" alt=\"\" data-id=\"3141\" data-link=\"https:\/\/marcali.plebania.hu\/?attachment_id=3141\" class=\"wp-image-3141\" srcset=\"https:\/\/marcali.plebania.hu\/wp-content\/uploads\/2021\/12\/61-1024x683.jpg 1024w, https:\/\/marcali.plebania.hu\/wp-content\/uploads\/2021\/12\/61-300x200.jpg 300w, https:\/\/marcali.plebania.hu\/wp-content\/uploads\/2021\/12\/61-768x512.jpg 768w, https:\/\/marcali.plebania.hu\/wp-content\/uploads\/2021\/12\/61-1536x1024.jpg 1536w, https:\/\/marcali.plebania.hu\/wp-content\/uploads\/2021\/12\/61-2048x1365.jpg 2048w, https:\/\/marcali.plebania.hu\/wp-content\/uploads\/2021\/12\/61-405x270.jpg 405w\" sizes=\"auto, (max-width: 1024px) 100vw, 1024px\" \/><\/figure><\/li><li class=\"blocks-gallery-item\"><figure><img loading=\"lazy\" decoding=\"async\" width=\"1024\" height=\"683\" src=\"https:\/\/marcali.plebania.hu\/wp-content\/uploads\/2021\/12\/70-1024x683.jpg\" alt=\"\" data-id=\"3142\" data-link=\"https:\/\/marcali.plebania.hu\/?attachment_id=3142\" class=\"wp-image-3142\" srcset=\"https:\/\/marcali.plebania.hu\/wp-content\/uploads\/2021\/12\/70-1024x683.jpg 1024w, https:\/\/marcali.plebania.hu\/wp-content\/uploads\/2021\/12\/70-300x200.jpg 300w, https:\/\/marcali.plebania.hu\/wp-content\/uploads\/2021\/12\/70-768x512.jpg 768w, https:\/\/marcali.plebania.hu\/wp-content\/uploads\/2021\/12\/70-1536x1024.jpg 1536w, https:\/\/marcali.plebania.hu\/wp-content\/uploads\/2021\/12\/70-2048x1365.jpg 2048w, https:\/\/marcali.plebania.hu\/wp-content\/uploads\/2021\/12\/70-405x270.jpg 405w\" sizes=\"auto, (max-width: 1024px) 100vw, 1024px\" \/><\/figure><\/li><li class=\"blocks-gallery-item\"><figure><img loading=\"lazy\" decoding=\"async\" width=\"1024\" height=\"683\" src=\"https:\/\/marcali.plebania.hu\/wp-content\/uploads\/2021\/12\/69-1-1024x683.jpg\" alt=\"\" data-id=\"3143\" data-full-url=\"https:\/\/marcali.plebania.hu\/wp-content\/uploads\/2021\/12\/69-1-scaled.jpg\" data-link=\"https:\/\/marcali.plebania.hu\/?attachment_id=3143\" class=\"wp-image-3143\" srcset=\"https:\/\/marcali.plebania.hu\/wp-content\/uploads\/2021\/12\/69-1-1024x683.jpg 1024w, https:\/\/marcali.plebania.hu\/wp-content\/uploads\/2021\/12\/69-1-300x200.jpg 300w, https:\/\/marcali.plebania.hu\/wp-content\/uploads\/2021\/12\/69-1-768x512.jpg 768w, https:\/\/marcali.plebania.hu\/wp-content\/uploads\/2021\/12\/69-1-1536x1024.jpg 1536w, https:\/\/marcali.plebania.hu\/wp-content\/uploads\/2021\/12\/69-1-2048x1365.jpg 2048w, https:\/\/marcali.plebania.hu\/wp-content\/uploads\/2021\/12\/69-1-405x270.jpg 405w\" sizes=\"auto, (max-width: 1024px) 100vw, 1024px\" \/><\/figure><\/li><\/ul><\/figure>\n\n\n\n<p>A program r\u00e9szek\u00e9nt a Marcali\nH\u00e9tsz\u00ednvir\u00e1g iskola egy r\u00f6gt\u00f6nz\u00f6tt ki\u00e1ll\u00edt\u00e1ssal mutatkozott be, melyeket a\ngyermekek \u00e1ltal k\u00e9sz\u00edtett kar\u00e1csonyi d\u00edszekb\u0151l \u00e9s term\u00e9kekb\u0151l \u00e1ll\u00edtottak \u00f6ssze,\namiket adom\u00e1nyok ellen\u00e9ben meg is lehetett v\u00e1s\u00e1rolni. Rajtuk k\u00edv\u00fcl egy\nzalaegerszegi kegyt\u00e1rgy\u00e1rus is jelen volt a csarnokban, akin\u00e9l aj\u00e1nd\u00e9k gyan\u00e1nt\nk\u00fcl\u00f6nf\u00e9le k\u00f6nyveket \u00e9s vall\u00e1si jelleg\u0171 p\u00f3l\u00f3kat is be lehetett szerezni a\nk\u00f6zelg\u0151 \u00fcnnepekre.<\/p>\n\n\n\n<p>Az el\u0151re meghirdetett m\u0171sort az\nutols\u00f3 pillanatban sajnos m\u00f3dos\u00edtani kellett, mivel betegs\u00e9g miatt a\nzalaegerszegi R\u00e1d Tal\u00e1ltam Dics\u0151\u00edt\u0151 Csapat \u00e9s a kaposv\u00e1ri Donneri Ifi K\u00f6z\u00f6ss\u00e9g\nv\u00e1ratlanul lemondta a r\u00e9szv\u00e9telt.<\/p>\n\n\n\n<p>Az Egyh\u00e1zi k\u00f6nny\u0171zenei nap az\nEmberi Er\u0151forr\u00e1sok Miniszt\u00e9riuma, a Nemzeti Egy\u00fcttm\u0171k\u00f6d\u00e9si Alap \u00e9s a Bethlen\nG\u00e1bor Alapkezel\u0151 Zrt. t\u00e1mogat\u00e1s\u00e1val val\u00f3sult meg. A rendezv\u00e9nyt a Marcali \u00e9s\nK\u00f6rny\u00e9ke Hagyom\u00e1ny\u0151rz\u0151 Ipartest\u00fclet, a Kaposv\u00e1ri Egyh\u00e1zmegye, valamint a\nKereszt\u00e9ny \u00c9rtelmis\u00e9giek Sz\u00f6vets\u00e9ge (K\u00c9SZ) Marcali Csoportja k\u00f6z\u00f6sen szervezte.<\/p>\n","protected":false},"excerpt":{"rendered":"<p>2021. december 19-\u00e9n, vas\u00e1rnap d\u00e9lut\u00e1n \u201eEgyh\u00e1zi k\u00f6nny\u0171zenei napot\u201d tartottak az \u00e9rv\u00e9nyben l\u00e9v\u0151 j\u00e1rv\u00e1ny\u00fcgyi szab\u00e1lyok betart\u00e1s\u00e1val a Kiss L\u00e1szl\u00f3 V\u00e1rosi Sportcsarnokban. A rendezv\u00e9nyt Szaka Zsolt, a Marcali \u00e9s K\u00f6rny\u00e9ke Hagyom\u00e1ny\u0151rz\u0151 Ipartest\u00fclet eln\u00f6ke nyitotta meg, illetve k\u00f6sz\u00f6nt\u00f6tte a megjelent vend\u00e9geket. Majd a programokat dr. Gyulain\u00e9 Domj\u00e1n Zsuzsanna hitoktat\u00f3n\u0151 ismertette. V\u00e9g\u00fcl T\u00f6lgyesi D\u00e1vid somogys\u00e1msoni pl\u00e9b\u00e1niai korm\u00e1nyz\u00f3 gondolataival z\u00e1rult a megnyit\u00f3. Ezt k\u00f6vet\u0151en a zenekarok m\u0171sor-blokkja k\u00f6vetkezett. Els\u0151k\u00e9nt a Marcali F\u00e9ny Gyermekei Katolikus Zenekar mutatkozott be dics\u0151\u00edt\u0151 dalokkal S\u00e1gv\u00e1ri R\u00f3bert (git\u00e1r, \u00e9nek) vezet\u00e9s\u00e9vel. A&#8230;<\/p>\n<p class=\"read-more\"><a class=\"btn btn-default\" href=\"https:\/\/marcali.plebania.hu\/?p=3130\"> Read More<span class=\"screen-reader-text\">  Read More<\/span><\/a><\/p>\n","protected":false},"author":2,"featured_media":0,"comment_status":"closed","ping_status":"open","sticky":false,"template":"","format":"standard","meta":{"footnotes":""},"categories":[1],"tags":[],"class_list":["post-3130","post","type-post","status-publish","format-standard","hentry","category-egyeb"],"_links":{"self":[{"href":"https:\/\/marcali.plebania.hu\/index.php?rest_route=\/wp\/v2\/posts\/3130","targetHints":{"allow":["GET"]}}],"collection":[{"href":"https:\/\/marcali.plebania.hu\/index.php?rest_route=\/wp\/v2\/posts"}],"about":[{"href":"https:\/\/marcali.plebania.hu\/index.php?rest_route=\/wp\/v2\/types\/post"}],"author":[{"embeddable":true,"href":"https:\/\/marcali.plebania.hu\/index.php?rest_route=\/wp\/v2\/users\/2"}],"replies":[{"embeddable":true,"href":"https:\/\/marcali.plebania.hu\/index.php?rest_route=%2Fwp%2Fv2%2Fcomments&post=3130"}],"version-history":[{"count":1,"href":"https:\/\/marcali.plebania.hu\/index.php?rest_route=\/wp\/v2\/posts\/3130\/revisions"}],"predecessor-version":[{"id":3144,"href":"https:\/\/marcali.plebania.hu\/index.php?rest_route=\/wp\/v2\/posts\/3130\/revisions\/3144"}],"wp:attachment":[{"href":"https:\/\/marcali.plebania.hu\/index.php?rest_route=%2Fwp%2Fv2%2Fmedia&parent=3130"}],"wp:term":[{"taxonomy":"category","embeddable":true,"href":"https:\/\/marcali.plebania.hu\/index.php?rest_route=%2Fwp%2Fv2%2Fcategories&post=3130"},{"taxonomy":"post_tag","embeddable":true,"href":"https:\/\/marcali.plebania.hu\/index.php?rest_route=%2Fwp%2Fv2%2Ftags&post=3130"}],"curies":[{"name":"wp","href":"https:\/\/api.w.org\/{rel}","templated":true}]}}