{"id":314,"date":"2018-08-17T07:03:05","date_gmt":"2018-08-17T07:03:05","guid":{"rendered":"https:\/\/marcali.plebania.hu\/?p=314"},"modified":"2018-08-17T07:03:05","modified_gmt":"2018-08-17T07:03:05","slug":"hirdetesek-2018-08-17","status":"publish","type":"post","link":"https:\/\/marcali.plebania.hu\/?p=314","title":{"rendered":"Hirdet\u00e9sek, 2018. 08. 17."},"content":{"rendered":"<ol>\n<li>Ma van az \u00e9vk\u00f6zi 20. vas\u00e1rnap. Ma este a B. Gizella templomban szentmise nem lesz.<\/li>\n<li>H\u00e9tf\u0151n, augusztus 20-\u00e1n Szent Istv\u00e1n f\u0151\u00fcnnepe, 9 \u00f3rakor a pl\u00e9b\u00e1niatemplomban \u00fcnnep\u00e9lyes szentmise, a magyarok kenyer\u00e9nek megszentel\u00e9se, megszeg\u00e9se \u00e9s kioszt\u00e1sa.<\/li>\n<li>Az egyh\u00e1zk\u00f6zs\u00e9gnek \u00faj ad\u00f3szed\u0151je van: Csima N\u00e1ndorn\u00e9, aki az imak\u00f6r egyik tagja helyett fogja szedni az egyh\u00e1zi ad\u00f3t. Az egyh\u00e1zi ad\u00f3 az egyh\u00e1zk\u00f6zs\u00e9g fenntart\u00e1s\u00e1t, \u00e9p\u00fcleteinek rendben tart\u00e1s\u00e1t \u00e9s fel\u00faj\u00edt\u00e1s\u00e1t szolg\u00e1lja. Az idei esztend\u0151ben p\u00e9ld\u00e1ul a pl\u00e9b\u00e1niatemplom padl\u00f3zat\u00e1nak cser\u00e9je gr\u00e1nitra, a tavalyi egyh\u00e1zi ad\u00f3 marad\u00e9k\u00e1b\u00f3l k\u00e9sz\u00fclt. Az egyh\u00e1zi ad\u00f3 keres\u0151 szem\u00e9lyenk\u00e9nt minimum 4.000- Ft\/f\u0151.<\/li>\n<li>Cs\u00f6kkentett\u00fck az \u00daj Ember c\u00edm\u0171 katolikus hetilap p\u00e9ld\u00e1nysz\u00e1m\u00e1t. K\u00e9rj\u00fck, hogy a kirakott p\u00e9ld\u00e1nyokat 200- Ft ellen\u00e9ben vigy\u00e9k el.<\/li>\n<\/ol>\n","protected":false},"excerpt":{"rendered":"<p>Ma van az \u00e9vk\u00f6zi 20. vas\u00e1rnap. Ma este a B. Gizella templomban szentmise nem lesz. H\u00e9tf\u0151n, augusztus 20-\u00e1n Szent Istv\u00e1n f\u0151\u00fcnnepe, 9 \u00f3rakor a pl\u00e9b\u00e1niatemplomban \u00fcnnep\u00e9lyes szentmise, a magyarok kenyer\u00e9nek megszentel\u00e9se, megszeg\u00e9se \u00e9s kioszt\u00e1sa. Az egyh\u00e1zk\u00f6zs\u00e9gnek \u00faj ad\u00f3szed\u0151je van: Csima N\u00e1ndorn\u00e9, aki az imak\u00f6r egyik tagja helyett fogja szedni az egyh\u00e1zi ad\u00f3t. Az egyh\u00e1zi ad\u00f3 az egyh\u00e1zk\u00f6zs\u00e9g fenntart\u00e1s\u00e1t, \u00e9p\u00fcleteinek rendben tart\u00e1s\u00e1t \u00e9s fel\u00faj\u00edt\u00e1s\u00e1t szolg\u00e1lja. Az idei esztend\u0151ben p\u00e9ld\u00e1ul a pl\u00e9b\u00e1niatemplom padl\u00f3zat\u00e1nak cser\u00e9je gr\u00e1nitra, a tavalyi egyh\u00e1zi ad\u00f3 marad\u00e9k\u00e1b\u00f3l k\u00e9sz\u00fclt. Az&#8230;<\/p>\n<p class=\"read-more\"><a class=\"btn btn-default\" href=\"https:\/\/marcali.plebania.hu\/?p=314\"> Read More<span class=\"screen-reader-text\">  Read More<\/span><\/a><\/p>\n","protected":false},"author":2,"featured_media":0,"comment_status":"closed","ping_status":"open","sticky":false,"template":"","format":"standard","meta":{"footnotes":""},"categories":[1],"tags":[],"class_list":["post-314","post","type-post","status-publish","format-standard","hentry","category-egyeb"],"_links":{"self":[{"href":"https:\/\/marcali.plebania.hu\/index.php?rest_route=\/wp\/v2\/posts\/314","targetHints":{"allow":["GET"]}}],"collection":[{"href":"https:\/\/marcali.plebania.hu\/index.php?rest_route=\/wp\/v2\/posts"}],"about":[{"href":"https:\/\/marcali.plebania.hu\/index.php?rest_route=\/wp\/v2\/types\/post"}],"author":[{"embeddable":true,"href":"https:\/\/marcali.plebania.hu\/index.php?rest_route=\/wp\/v2\/users\/2"}],"replies":[{"embeddable":true,"href":"https:\/\/marcali.plebania.hu\/index.php?rest_route=%2Fwp%2Fv2%2Fcomments&post=314"}],"version-history":[{"count":1,"href":"https:\/\/marcali.plebania.hu\/index.php?rest_route=\/wp\/v2\/posts\/314\/revisions"}],"predecessor-version":[{"id":315,"href":"https:\/\/marcali.plebania.hu\/index.php?rest_route=\/wp\/v2\/posts\/314\/revisions\/315"}],"wp:attachment":[{"href":"https:\/\/marcali.plebania.hu\/index.php?rest_route=%2Fwp%2Fv2%2Fmedia&parent=314"}],"wp:term":[{"taxonomy":"category","embeddable":true,"href":"https:\/\/marcali.plebania.hu\/index.php?rest_route=%2Fwp%2Fv2%2Fcategories&post=314"},{"taxonomy":"post_tag","embeddable":true,"href":"https:\/\/marcali.plebania.hu\/index.php?rest_route=%2Fwp%2Fv2%2Ftags&post=314"}],"curies":[{"name":"wp","href":"https:\/\/api.w.org\/{rel}","templated":true}]}}