{"id":3145,"date":"2021-12-21T16:37:40","date_gmt":"2021-12-21T16:37:40","guid":{"rendered":"https:\/\/marcali.plebania.hu\/?p=3145"},"modified":"2021-12-21T16:37:40","modified_gmt":"2021-12-21T16:37:40","slug":"az-iden-is-lesz-kulteri-betlehem-mar-elkeszult-a-vazszerkezet","status":"publish","type":"post","link":"https:\/\/marcali.plebania.hu\/?p=3145","title":{"rendered":"Az id\u00e9n is lesz k\u00fclt\u00e9ri betlehem. M\u00e1r elk\u00e9sz\u00fclt a v\u00e1zszerkezet"},"content":{"rendered":"\n<p>A\nr\u00e9gi hagyom\u00e1nyok folytat\u00e1sak\u00e9nt, az id\u00e9n imm\u00e1r a 15. alkalommal k\u00e9sz\u00fcl el a\nMarcali R\u00f3mai Katolikus Egyh\u00e1zk\u00f6zs\u00e9g \u00f6sszefog\u00e1s\u00e1val a pl\u00e9b\u00e1niatemplom \u00e9szaki\noldal\u00e1n l\u00e9v\u0151 k\u00fclt\u00e9ri betlehem.<\/p>\n\n\n\n<p>A munk\u00e1latok \u2013 az eddig j\u00f3l bev\u00e1lt m\u00f3dszerek alapj\u00e1n \u2013 most is k\u00e9t \u00fctemben val\u00f3sulnak meg.<\/p>\n\n\n\n<figure class=\"wp-block-gallery columns-3 is-cropped wp-block-gallery-1 is-layout-flex wp-block-gallery-is-layout-flex\"><ul class=\"blocks-gallery-grid\"><li class=\"blocks-gallery-item\"><figure><img loading=\"lazy\" decoding=\"async\" width=\"1024\" height=\"768\" src=\"https:\/\/marcali.plebania.hu\/wp-content\/uploads\/2021\/12\/IMG_1314-1024x768.jpg\" alt=\"\" data-id=\"3146\" data-link=\"https:\/\/marcali.plebania.hu\/?attachment_id=3146\" class=\"wp-image-3146\" srcset=\"https:\/\/marcali.plebania.hu\/wp-content\/uploads\/2021\/12\/IMG_1314-1024x768.jpg 1024w, https:\/\/marcali.plebania.hu\/wp-content\/uploads\/2021\/12\/IMG_1314-300x225.jpg 300w, https:\/\/marcali.plebania.hu\/wp-content\/uploads\/2021\/12\/IMG_1314-768x576.jpg 768w, https:\/\/marcali.plebania.hu\/wp-content\/uploads\/2021\/12\/IMG_1314-1536x1152.jpg 1536w, https:\/\/marcali.plebania.hu\/wp-content\/uploads\/2021\/12\/IMG_1314-360x270.jpg 360w, https:\/\/marcali.plebania.hu\/wp-content\/uploads\/2021\/12\/IMG_1314.jpg 1632w\" sizes=\"auto, (max-width: 1024px) 100vw, 1024px\" \/><\/figure><\/li><li class=\"blocks-gallery-item\"><figure><img loading=\"lazy\" decoding=\"async\" width=\"1024\" height=\"768\" src=\"https:\/\/marcali.plebania.hu\/wp-content\/uploads\/2021\/12\/IMG_1315-1024x768.jpg\" alt=\"\" data-id=\"3147\" data-link=\"https:\/\/marcali.plebania.hu\/?attachment_id=3147\" class=\"wp-image-3147\" srcset=\"https:\/\/marcali.plebania.hu\/wp-content\/uploads\/2021\/12\/IMG_1315-1024x768.jpg 1024w, https:\/\/marcali.plebania.hu\/wp-content\/uploads\/2021\/12\/IMG_1315-300x225.jpg 300w, https:\/\/marcali.plebania.hu\/wp-content\/uploads\/2021\/12\/IMG_1315-768x576.jpg 768w, https:\/\/marcali.plebania.hu\/wp-content\/uploads\/2021\/12\/IMG_1315-1536x1152.jpg 1536w, https:\/\/marcali.plebania.hu\/wp-content\/uploads\/2021\/12\/IMG_1315-360x270.jpg 360w, https:\/\/marcali.plebania.hu\/wp-content\/uploads\/2021\/12\/IMG_1315.jpg 1632w\" sizes=\"auto, (max-width: 1024px) 100vw, 1024px\" \/><\/figure><\/li><li class=\"blocks-gallery-item\"><figure><img loading=\"lazy\" decoding=\"async\" width=\"1024\" height=\"768\" src=\"https:\/\/marcali.plebania.hu\/wp-content\/uploads\/2021\/12\/IMG_1316-1024x768.jpg\" alt=\"\" data-id=\"3148\" data-link=\"https:\/\/marcali.plebania.hu\/?attachment_id=3148\" class=\"wp-image-3148\" srcset=\"https:\/\/marcali.plebania.hu\/wp-content\/uploads\/2021\/12\/IMG_1316-1024x768.jpg 1024w, https:\/\/marcali.plebania.hu\/wp-content\/uploads\/2021\/12\/IMG_1316-300x225.jpg 300w, https:\/\/marcali.plebania.hu\/wp-content\/uploads\/2021\/12\/IMG_1316-768x576.jpg 768w, https:\/\/marcali.plebania.hu\/wp-content\/uploads\/2021\/12\/IMG_1316-1536x1152.jpg 1536w, https:\/\/marcali.plebania.hu\/wp-content\/uploads\/2021\/12\/IMG_1316-360x270.jpg 360w, https:\/\/marcali.plebania.hu\/wp-content\/uploads\/2021\/12\/IMG_1316.jpg 1632w\" sizes=\"auto, (max-width: 1024px) 100vw, 1024px\" \/><\/figure><\/li><li class=\"blocks-gallery-item\"><figure><img loading=\"lazy\" decoding=\"async\" width=\"1024\" height=\"768\" src=\"https:\/\/marcali.plebania.hu\/wp-content\/uploads\/2021\/12\/IMG_1318-1024x768.jpg\" alt=\"\" data-id=\"3149\" data-full-url=\"https:\/\/marcali.plebania.hu\/wp-content\/uploads\/2021\/12\/IMG_1318.jpg\" data-link=\"https:\/\/marcali.plebania.hu\/?attachment_id=3149\" class=\"wp-image-3149\" srcset=\"https:\/\/marcali.plebania.hu\/wp-content\/uploads\/2021\/12\/IMG_1318-1024x768.jpg 1024w, https:\/\/marcali.plebania.hu\/wp-content\/uploads\/2021\/12\/IMG_1318-300x225.jpg 300w, https:\/\/marcali.plebania.hu\/wp-content\/uploads\/2021\/12\/IMG_1318-768x576.jpg 768w, https:\/\/marcali.plebania.hu\/wp-content\/uploads\/2021\/12\/IMG_1318-1536x1152.jpg 1536w, https:\/\/marcali.plebania.hu\/wp-content\/uploads\/2021\/12\/IMG_1318-360x270.jpg 360w, https:\/\/marcali.plebania.hu\/wp-content\/uploads\/2021\/12\/IMG_1318.jpg 1632w\" sizes=\"auto, (max-width: 1024px) 100vw, 1024px\" \/><\/figure><\/li><\/ul><\/figure>\n\n\n\n<p>S\u00e1gv\u00e1ri R\u00f3bert \u00e1csmester \u00e9s csapata, \u00f6sszesen n\u00e9gy f\u0151vel, 2021. december 21-\u00e9n, kedden d\u00e9lel\u0151tt \u2013 az \u00e9ppen m\u00e1sf\u00e9l \u00e9vtizedes Betlehem-\u00e9p\u00edt\u00e9si tapasztalattal a h\u00e1tuk m\u00f6g\u00f6tt \u2013 \u00fcgyesen \u00f6ssze\u00e1ll\u00edtott\u00e1k az id\u0151t\u00e1ll\u00f3 anyagb\u00f3l, az ak\u00e1cb\u00f3l \u00e1ll\u00f3 fa-v\u00e1zszerkezetet.<\/p>\n\n\n\n<figure class=\"wp-block-gallery columns-3 is-cropped wp-block-gallery-2 is-layout-flex wp-block-gallery-is-layout-flex\"><ul class=\"blocks-gallery-grid\"><li class=\"blocks-gallery-item\"><figure><img loading=\"lazy\" decoding=\"async\" width=\"1024\" height=\"768\" src=\"https:\/\/marcali.plebania.hu\/wp-content\/uploads\/2021\/12\/IMG_1319-1024x768.jpg\" alt=\"\" data-id=\"3150\" data-link=\"https:\/\/marcali.plebania.hu\/?attachment_id=3150\" class=\"wp-image-3150\" srcset=\"https:\/\/marcali.plebania.hu\/wp-content\/uploads\/2021\/12\/IMG_1319-1024x768.jpg 1024w, https:\/\/marcali.plebania.hu\/wp-content\/uploads\/2021\/12\/IMG_1319-300x225.jpg 300w, https:\/\/marcali.plebania.hu\/wp-content\/uploads\/2021\/12\/IMG_1319-768x576.jpg 768w, https:\/\/marcali.plebania.hu\/wp-content\/uploads\/2021\/12\/IMG_1319-1536x1152.jpg 1536w, https:\/\/marcali.plebania.hu\/wp-content\/uploads\/2021\/12\/IMG_1319-360x270.jpg 360w, https:\/\/marcali.plebania.hu\/wp-content\/uploads\/2021\/12\/IMG_1319.jpg 1632w\" sizes=\"auto, (max-width: 1024px) 100vw, 1024px\" \/><\/figure><\/li><li class=\"blocks-gallery-item\"><figure><img loading=\"lazy\" decoding=\"async\" width=\"1024\" height=\"768\" src=\"https:\/\/marcali.plebania.hu\/wp-content\/uploads\/2021\/12\/IMG_1320-1024x768.jpg\" alt=\"\" data-id=\"3151\" data-link=\"https:\/\/marcali.plebania.hu\/?attachment_id=3151\" class=\"wp-image-3151\" srcset=\"https:\/\/marcali.plebania.hu\/wp-content\/uploads\/2021\/12\/IMG_1320-1024x768.jpg 1024w, https:\/\/marcali.plebania.hu\/wp-content\/uploads\/2021\/12\/IMG_1320-300x225.jpg 300w, https:\/\/marcali.plebania.hu\/wp-content\/uploads\/2021\/12\/IMG_1320-768x576.jpg 768w, https:\/\/marcali.plebania.hu\/wp-content\/uploads\/2021\/12\/IMG_1320-1536x1152.jpg 1536w, https:\/\/marcali.plebania.hu\/wp-content\/uploads\/2021\/12\/IMG_1320-360x270.jpg 360w, https:\/\/marcali.plebania.hu\/wp-content\/uploads\/2021\/12\/IMG_1320.jpg 1632w\" sizes=\"auto, (max-width: 1024px) 100vw, 1024px\" \/><\/figure><\/li><li class=\"blocks-gallery-item\"><figure><img loading=\"lazy\" decoding=\"async\" width=\"1024\" height=\"768\" src=\"https:\/\/marcali.plebania.hu\/wp-content\/uploads\/2021\/12\/IMG_1322-1024x768.jpg\" alt=\"\" data-id=\"3152\" data-link=\"https:\/\/marcali.plebania.hu\/?attachment_id=3152\" class=\"wp-image-3152\" srcset=\"https:\/\/marcali.plebania.hu\/wp-content\/uploads\/2021\/12\/IMG_1322-1024x768.jpg 1024w, https:\/\/marcali.plebania.hu\/wp-content\/uploads\/2021\/12\/IMG_1322-300x225.jpg 300w, https:\/\/marcali.plebania.hu\/wp-content\/uploads\/2021\/12\/IMG_1322-768x576.jpg 768w, https:\/\/marcali.plebania.hu\/wp-content\/uploads\/2021\/12\/IMG_1322-1536x1152.jpg 1536w, https:\/\/marcali.plebania.hu\/wp-content\/uploads\/2021\/12\/IMG_1322-360x270.jpg 360w, https:\/\/marcali.plebania.hu\/wp-content\/uploads\/2021\/12\/IMG_1322.jpg 1632w\" sizes=\"auto, (max-width: 1024px) 100vw, 1024px\" \/><\/figure><\/li><li class=\"blocks-gallery-item\"><figure><img loading=\"lazy\" decoding=\"async\" width=\"1024\" height=\"768\" src=\"https:\/\/marcali.plebania.hu\/wp-content\/uploads\/2021\/12\/IMG_1323-1024x768.jpg\" alt=\"\" data-id=\"3153\" data-full-url=\"https:\/\/marcali.plebania.hu\/wp-content\/uploads\/2021\/12\/IMG_1323.jpg\" data-link=\"https:\/\/marcali.plebania.hu\/?attachment_id=3153\" class=\"wp-image-3153\" srcset=\"https:\/\/marcali.plebania.hu\/wp-content\/uploads\/2021\/12\/IMG_1323-1024x768.jpg 1024w, https:\/\/marcali.plebania.hu\/wp-content\/uploads\/2021\/12\/IMG_1323-300x225.jpg 300w, https:\/\/marcali.plebania.hu\/wp-content\/uploads\/2021\/12\/IMG_1323-768x576.jpg 768w, https:\/\/marcali.plebania.hu\/wp-content\/uploads\/2021\/12\/IMG_1323-1536x1152.jpg 1536w, https:\/\/marcali.plebania.hu\/wp-content\/uploads\/2021\/12\/IMG_1323-360x270.jpg 360w, https:\/\/marcali.plebania.hu\/wp-content\/uploads\/2021\/12\/IMG_1323.jpg 1632w\" sizes=\"auto, (max-width: 1024px) 100vw, 1024px\" \/><\/figure><\/li><\/ul><\/figure>\n\n\n\n<p>A\nm\u00e1sodik \u00fctem holnap 9 \u00f3r\u00e1t\u00f3l folytat\u00f3dik, amikor Kir\u00e1ly Jen\u0151 templomatya \u00e9s Gelencs\u00e9r\nR\u00f3bert vil\u00e1gi eln\u00f6k vezet\u00e9s\u00e9vel t\u00f6rt\u00e9nik meg feny\u0151\u00e1gakkal a betlehem feld\u00edsz\u00edt\u00e9se,\nvalamint berendez\u00e9se: a Szentcsal\u00e1ddal, a h\u00e1rom kir\u00e1lyokkal \u00e9s a p\u00e1sztorokkal,\ntov\u00e1bb\u00e1 az \u00e1llat figur\u00e1k elhelyez\u00e9s\u00e9vel.<\/p>\n\n\n\n<p>Az\n\u00e9p\u00edt\u0151k szeretettel h\u00edvnak \u00e9s v\u00e1rnak mindenkit, aki szeretne seg\u00edteni a\nmunk\u00e1ban, hogy id\u0151ben elk\u00e9sz\u00fcljenek \u00e9s min\u00e9l el\u0151bb l\u00e1that\u00f3 legyen a\nnagyk\u00f6z\u00f6ns\u00e9g sz\u00e1m\u00e1ra.<\/p>\n","protected":false},"excerpt":{"rendered":"<p>A r\u00e9gi hagyom\u00e1nyok folytat\u00e1sak\u00e9nt, az id\u00e9n imm\u00e1r a 15. alkalommal k\u00e9sz\u00fcl el a Marcali R\u00f3mai Katolikus Egyh\u00e1zk\u00f6zs\u00e9g \u00f6sszefog\u00e1s\u00e1val a pl\u00e9b\u00e1niatemplom \u00e9szaki oldal\u00e1n l\u00e9v\u0151 k\u00fclt\u00e9ri betlehem. A munk\u00e1latok \u2013 az eddig j\u00f3l bev\u00e1lt m\u00f3dszerek alapj\u00e1n \u2013 most is k\u00e9t \u00fctemben val\u00f3sulnak meg. S\u00e1gv\u00e1ri R\u00f3bert \u00e1csmester \u00e9s csapata, \u00f6sszesen n\u00e9gy f\u0151vel, 2021. december 21-\u00e9n, kedden d\u00e9lel\u0151tt \u2013 az \u00e9ppen m\u00e1sf\u00e9l \u00e9vtizedes Betlehem-\u00e9p\u00edt\u00e9si tapasztalattal a h\u00e1tuk m\u00f6g\u00f6tt \u2013 \u00fcgyesen \u00f6ssze\u00e1ll\u00edtott\u00e1k az id\u0151t\u00e1ll\u00f3 anyagb\u00f3l, az ak\u00e1cb\u00f3l \u00e1ll\u00f3 fa-v\u00e1zszerkezetet. A m\u00e1sodik \u00fctem holnap 9 \u00f3r\u00e1t\u00f3l&#8230;<\/p>\n<p class=\"read-more\"><a class=\"btn btn-default\" href=\"https:\/\/marcali.plebania.hu\/?p=3145\"> Read More<span class=\"screen-reader-text\">  Read More<\/span><\/a><\/p>\n","protected":false},"author":2,"featured_media":0,"comment_status":"closed","ping_status":"open","sticky":false,"template":"","format":"standard","meta":{"footnotes":""},"categories":[1],"tags":[],"class_list":["post-3145","post","type-post","status-publish","format-standard","hentry","category-egyeb"],"_links":{"self":[{"href":"https:\/\/marcali.plebania.hu\/index.php?rest_route=\/wp\/v2\/posts\/3145","targetHints":{"allow":["GET"]}}],"collection":[{"href":"https:\/\/marcali.plebania.hu\/index.php?rest_route=\/wp\/v2\/posts"}],"about":[{"href":"https:\/\/marcali.plebania.hu\/index.php?rest_route=\/wp\/v2\/types\/post"}],"author":[{"embeddable":true,"href":"https:\/\/marcali.plebania.hu\/index.php?rest_route=\/wp\/v2\/users\/2"}],"replies":[{"embeddable":true,"href":"https:\/\/marcali.plebania.hu\/index.php?rest_route=%2Fwp%2Fv2%2Fcomments&post=3145"}],"version-history":[{"count":1,"href":"https:\/\/marcali.plebania.hu\/index.php?rest_route=\/wp\/v2\/posts\/3145\/revisions"}],"predecessor-version":[{"id":3154,"href":"https:\/\/marcali.plebania.hu\/index.php?rest_route=\/wp\/v2\/posts\/3145\/revisions\/3154"}],"wp:attachment":[{"href":"https:\/\/marcali.plebania.hu\/index.php?rest_route=%2Fwp%2Fv2%2Fmedia&parent=3145"}],"wp:term":[{"taxonomy":"category","embeddable":true,"href":"https:\/\/marcali.plebania.hu\/index.php?rest_route=%2Fwp%2Fv2%2Fcategories&post=3145"},{"taxonomy":"post_tag","embeddable":true,"href":"https:\/\/marcali.plebania.hu\/index.php?rest_route=%2Fwp%2Fv2%2Ftags&post=3145"}],"curies":[{"name":"wp","href":"https:\/\/api.w.org\/{rel}","templated":true}]}}