{"id":3155,"date":"2021-12-22T16:23:37","date_gmt":"2021-12-22T16:23:37","guid":{"rendered":"https:\/\/marcali.plebania.hu\/?p=3155"},"modified":"2021-12-22T16:23:37","modified_gmt":"2021-12-22T16:23:37","slug":"elkeszult-a-kulteri-betlehem-vizkeresztig-latogathato-lesz-ejjel-nappal","status":"publish","type":"post","link":"https:\/\/marcali.plebania.hu\/?p=3155","title":{"rendered":"Elk\u00e9sz\u00fclt a k\u00fclt\u00e9ri betlehem \u2013 V\u00edzkeresztig l\u00e1togathat\u00f3 lesz \u00e9jjel-nappal"},"content":{"rendered":"\n<p>2021.\ndecember 22-\u00e9n, szerd\u00e1n d\u00e9lel\u0151tt 9 \u00f3rakor kezd\u0151d\u00f6tt a betlehem-\u00e9p\u00edt\u00e9s m\u00e1sodik\n\u00fcteme.<\/p>\n\n\n\n<p>A viszonylag j\u00f3 id\u0151 ellen\u00e9re sokan j\u00f6ttek el az id\u0151sebb \u00e9s \u00f6rvendetes m\u00f3don a fiatalabb gener\u00e1ci\u00f3 tagjai is, hogy az \u00f6sszefog\u00e1s \u00e9s a csapatmunka eredm\u00e9nyek\u00e9nt az id\u00e9n is l\u00e1that\u00f3v\u00e1 tegy\u00e9k mindenki sz\u00e1m\u00e1ra a k\u00fclt\u00e9ri betlehemet.<\/p>\n\n\n\n<figure class=\"wp-block-gallery columns-3 is-cropped wp-block-gallery-1 is-layout-flex wp-block-gallery-is-layout-flex\"><ul class=\"blocks-gallery-grid\"><li class=\"blocks-gallery-item\"><figure><img loading=\"lazy\" decoding=\"async\" width=\"1024\" height=\"683\" src=\"https:\/\/marcali.plebania.hu\/wp-content\/uploads\/2021\/12\/01-3-1024x683.jpg\" alt=\"\" data-id=\"3156\" data-link=\"https:\/\/marcali.plebania.hu\/?attachment_id=3156\" class=\"wp-image-3156\" srcset=\"https:\/\/marcali.plebania.hu\/wp-content\/uploads\/2021\/12\/01-3-1024x683.jpg 1024w, https:\/\/marcali.plebania.hu\/wp-content\/uploads\/2021\/12\/01-3-300x200.jpg 300w, https:\/\/marcali.plebania.hu\/wp-content\/uploads\/2021\/12\/01-3-768x512.jpg 768w, https:\/\/marcali.plebania.hu\/wp-content\/uploads\/2021\/12\/01-3-1536x1024.jpg 1536w, https:\/\/marcali.plebania.hu\/wp-content\/uploads\/2021\/12\/01-3-2048x1365.jpg 2048w, https:\/\/marcali.plebania.hu\/wp-content\/uploads\/2021\/12\/01-3-405x270.jpg 405w\" sizes=\"auto, (max-width: 1024px) 100vw, 1024px\" \/><\/figure><\/li><li class=\"blocks-gallery-item\"><figure><img loading=\"lazy\" decoding=\"async\" width=\"1024\" height=\"683\" src=\"https:\/\/marcali.plebania.hu\/wp-content\/uploads\/2021\/12\/03-4-1024x683.jpg\" alt=\"\" data-id=\"3157\" data-link=\"https:\/\/marcali.plebania.hu\/?attachment_id=3157\" class=\"wp-image-3157\" srcset=\"https:\/\/marcali.plebania.hu\/wp-content\/uploads\/2021\/12\/03-4-1024x683.jpg 1024w, https:\/\/marcali.plebania.hu\/wp-content\/uploads\/2021\/12\/03-4-300x200.jpg 300w, https:\/\/marcali.plebania.hu\/wp-content\/uploads\/2021\/12\/03-4-768x512.jpg 768w, https:\/\/marcali.plebania.hu\/wp-content\/uploads\/2021\/12\/03-4-1536x1024.jpg 1536w, https:\/\/marcali.plebania.hu\/wp-content\/uploads\/2021\/12\/03-4-2048x1365.jpg 2048w, https:\/\/marcali.plebania.hu\/wp-content\/uploads\/2021\/12\/03-4-405x270.jpg 405w\" sizes=\"auto, (max-width: 1024px) 100vw, 1024px\" \/><\/figure><\/li><li class=\"blocks-gallery-item\"><figure><img loading=\"lazy\" decoding=\"async\" width=\"1024\" height=\"683\" src=\"https:\/\/marcali.plebania.hu\/wp-content\/uploads\/2021\/12\/04-3-1024x683.jpg\" alt=\"\" data-id=\"3158\" data-full-url=\"https:\/\/marcali.plebania.hu\/wp-content\/uploads\/2021\/12\/04-3-scaled.jpg\" data-link=\"https:\/\/marcali.plebania.hu\/?attachment_id=3158\" class=\"wp-image-3158\" srcset=\"https:\/\/marcali.plebania.hu\/wp-content\/uploads\/2021\/12\/04-3-1024x683.jpg 1024w, https:\/\/marcali.plebania.hu\/wp-content\/uploads\/2021\/12\/04-3-300x200.jpg 300w, https:\/\/marcali.plebania.hu\/wp-content\/uploads\/2021\/12\/04-3-768x512.jpg 768w, https:\/\/marcali.plebania.hu\/wp-content\/uploads\/2021\/12\/04-3-1536x1024.jpg 1536w, https:\/\/marcali.plebania.hu\/wp-content\/uploads\/2021\/12\/04-3-2048x1365.jpg 2048w, https:\/\/marcali.plebania.hu\/wp-content\/uploads\/2021\/12\/04-3-405x270.jpg 405w\" sizes=\"auto, (max-width: 1024px) 100vw, 1024px\" \/><\/figure><\/li><li class=\"blocks-gallery-item\"><figure><img loading=\"lazy\" decoding=\"async\" width=\"1024\" height=\"683\" src=\"https:\/\/marcali.plebania.hu\/wp-content\/uploads\/2021\/12\/05-4-1024x683.jpg\" alt=\"\" data-id=\"3159\" data-full-url=\"https:\/\/marcali.plebania.hu\/wp-content\/uploads\/2021\/12\/05-4-scaled.jpg\" data-link=\"https:\/\/marcali.plebania.hu\/?attachment_id=3159\" class=\"wp-image-3159\" srcset=\"https:\/\/marcali.plebania.hu\/wp-content\/uploads\/2021\/12\/05-4-1024x683.jpg 1024w, https:\/\/marcali.plebania.hu\/wp-content\/uploads\/2021\/12\/05-4-300x200.jpg 300w, https:\/\/marcali.plebania.hu\/wp-content\/uploads\/2021\/12\/05-4-768x512.jpg 768w, https:\/\/marcali.plebania.hu\/wp-content\/uploads\/2021\/12\/05-4-1536x1024.jpg 1536w, https:\/\/marcali.plebania.hu\/wp-content\/uploads\/2021\/12\/05-4-2048x1365.jpg 2048w, https:\/\/marcali.plebania.hu\/wp-content\/uploads\/2021\/12\/05-4-405x270.jpg 405w\" sizes=\"auto, (max-width: 1024px) 100vw, 1024px\" \/><\/figure><\/li><\/ul><\/figure>\n\n\n\n<p>A Gy\u00fcm\u00f6lcsolt\u00f3 Boldogasszony pl\u00e9b\u00e1niatemplom \u00e9szaki oldal\u00e1n l\u00e9v\u0151 alkot\u00e1s elk\u00e9sz\u00edt\u00e9s\u00e9t, berendez\u00e9s\u00e9t Kir\u00e1ly Jen\u0151 templomatya ir\u00e1ny\u00edtotta a fiatalok bevon\u00e1s\u00e1val, m\u00edg a templomi feny\u0151f\u00e1k befarag\u00e1s\u00e1t Gelencs\u00e9r R\u00f3bert vil\u00e1gi eln\u00f6k vezet\u00e9s\u00e9vel az id\u0151sebb f\u00e9rfiak v\u00e9gezt\u00e9k. A betlehem feny\u0151\u00e1gakkal val\u00f3 d\u00edsz\u00edt\u00e9s\u00e9\u00e9rt pedig T\u00f3th P\u00e9ter felelt. A kivitelez\u00e9sben 22 f\u0151 vett r\u00e9szt.<\/p>\n\n\n\n<figure class=\"wp-block-gallery columns-3 is-cropped wp-block-gallery-2 is-layout-flex wp-block-gallery-is-layout-flex\"><ul class=\"blocks-gallery-grid\"><li class=\"blocks-gallery-item\"><figure><img loading=\"lazy\" decoding=\"async\" width=\"1024\" height=\"683\" src=\"https:\/\/marcali.plebania.hu\/wp-content\/uploads\/2021\/12\/07-5-1024x683.jpg\" alt=\"\" data-id=\"3160\" data-link=\"https:\/\/marcali.plebania.hu\/?attachment_id=3160\" class=\"wp-image-3160\" srcset=\"https:\/\/marcali.plebania.hu\/wp-content\/uploads\/2021\/12\/07-5-1024x683.jpg 1024w, https:\/\/marcali.plebania.hu\/wp-content\/uploads\/2021\/12\/07-5-300x200.jpg 300w, https:\/\/marcali.plebania.hu\/wp-content\/uploads\/2021\/12\/07-5-768x512.jpg 768w, https:\/\/marcali.plebania.hu\/wp-content\/uploads\/2021\/12\/07-5-1536x1024.jpg 1536w, https:\/\/marcali.plebania.hu\/wp-content\/uploads\/2021\/12\/07-5-2048x1365.jpg 2048w, https:\/\/marcali.plebania.hu\/wp-content\/uploads\/2021\/12\/07-5-405x270.jpg 405w\" sizes=\"auto, (max-width: 1024px) 100vw, 1024px\" \/><\/figure><\/li><li class=\"blocks-gallery-item\"><figure><img loading=\"lazy\" decoding=\"async\" width=\"1024\" height=\"683\" src=\"https:\/\/marcali.plebania.hu\/wp-content\/uploads\/2021\/12\/14-1-1024x683.jpg\" alt=\"\" data-id=\"3161\" data-full-url=\"https:\/\/marcali.plebania.hu\/wp-content\/uploads\/2021\/12\/14-1-scaled.jpg\" data-link=\"https:\/\/marcali.plebania.hu\/?attachment_id=3161\" class=\"wp-image-3161\" srcset=\"https:\/\/marcali.plebania.hu\/wp-content\/uploads\/2021\/12\/14-1-1024x683.jpg 1024w, https:\/\/marcali.plebania.hu\/wp-content\/uploads\/2021\/12\/14-1-300x200.jpg 300w, https:\/\/marcali.plebania.hu\/wp-content\/uploads\/2021\/12\/14-1-768x512.jpg 768w, https:\/\/marcali.plebania.hu\/wp-content\/uploads\/2021\/12\/14-1-1536x1024.jpg 1536w, https:\/\/marcali.plebania.hu\/wp-content\/uploads\/2021\/12\/14-1-2048x1365.jpg 2048w, https:\/\/marcali.plebania.hu\/wp-content\/uploads\/2021\/12\/14-1-405x270.jpg 405w\" sizes=\"auto, (max-width: 1024px) 100vw, 1024px\" \/><\/figure><\/li><li class=\"blocks-gallery-item\"><figure><img loading=\"lazy\" decoding=\"async\" width=\"1024\" height=\"683\" src=\"https:\/\/marcali.plebania.hu\/wp-content\/uploads\/2021\/12\/15-1-1024x683.jpg\" alt=\"\" data-id=\"3162\" data-full-url=\"https:\/\/marcali.plebania.hu\/wp-content\/uploads\/2021\/12\/15-1-scaled.jpg\" data-link=\"https:\/\/marcali.plebania.hu\/?attachment_id=3162\" class=\"wp-image-3162\" srcset=\"https:\/\/marcali.plebania.hu\/wp-content\/uploads\/2021\/12\/15-1-1024x683.jpg 1024w, https:\/\/marcali.plebania.hu\/wp-content\/uploads\/2021\/12\/15-1-300x200.jpg 300w, https:\/\/marcali.plebania.hu\/wp-content\/uploads\/2021\/12\/15-1-768x512.jpg 768w, https:\/\/marcali.plebania.hu\/wp-content\/uploads\/2021\/12\/15-1-1536x1024.jpg 1536w, https:\/\/marcali.plebania.hu\/wp-content\/uploads\/2021\/12\/15-1-2048x1365.jpg 2048w, https:\/\/marcali.plebania.hu\/wp-content\/uploads\/2021\/12\/15-1-405x270.jpg 405w\" sizes=\"auto, (max-width: 1024px) 100vw, 1024px\" \/><\/figure><\/li><li class=\"blocks-gallery-item\"><figure><img loading=\"lazy\" decoding=\"async\" width=\"1024\" height=\"683\" src=\"https:\/\/marcali.plebania.hu\/wp-content\/uploads\/2021\/12\/16-1-1024x683.jpg\" alt=\"\" data-id=\"3163\" data-full-url=\"https:\/\/marcali.plebania.hu\/wp-content\/uploads\/2021\/12\/16-1-scaled.jpg\" data-link=\"https:\/\/marcali.plebania.hu\/?attachment_id=3163\" class=\"wp-image-3163\" srcset=\"https:\/\/marcali.plebania.hu\/wp-content\/uploads\/2021\/12\/16-1-1024x683.jpg 1024w, https:\/\/marcali.plebania.hu\/wp-content\/uploads\/2021\/12\/16-1-300x200.jpg 300w, https:\/\/marcali.plebania.hu\/wp-content\/uploads\/2021\/12\/16-1-768x512.jpg 768w, https:\/\/marcali.plebania.hu\/wp-content\/uploads\/2021\/12\/16-1-1536x1024.jpg 1536w, https:\/\/marcali.plebania.hu\/wp-content\/uploads\/2021\/12\/16-1-2048x1365.jpg 2048w, https:\/\/marcali.plebania.hu\/wp-content\/uploads\/2021\/12\/16-1-405x270.jpg 405w\" sizes=\"auto, (max-width: 1024px) 100vw, 1024px\" \/><\/figure><\/li><\/ul><\/figure>\n\n\n\n<figure class=\"wp-block-gallery columns-3 is-cropped wp-block-gallery-3 is-layout-flex wp-block-gallery-is-layout-flex\"><ul class=\"blocks-gallery-grid\"><li class=\"blocks-gallery-item\"><figure><img loading=\"lazy\" decoding=\"async\" width=\"1024\" height=\"683\" src=\"https:\/\/marcali.plebania.hu\/wp-content\/uploads\/2021\/12\/18-1-1024x683.jpg\" alt=\"\" data-id=\"3164\" data-link=\"https:\/\/marcali.plebania.hu\/?attachment_id=3164\" class=\"wp-image-3164\" srcset=\"https:\/\/marcali.plebania.hu\/wp-content\/uploads\/2021\/12\/18-1-1024x683.jpg 1024w, https:\/\/marcali.plebania.hu\/wp-content\/uploads\/2021\/12\/18-1-300x200.jpg 300w, https:\/\/marcali.plebania.hu\/wp-content\/uploads\/2021\/12\/18-1-768x512.jpg 768w, https:\/\/marcali.plebania.hu\/wp-content\/uploads\/2021\/12\/18-1-1536x1024.jpg 1536w, https:\/\/marcali.plebania.hu\/wp-content\/uploads\/2021\/12\/18-1-2048x1365.jpg 2048w, https:\/\/marcali.plebania.hu\/wp-content\/uploads\/2021\/12\/18-1-405x270.jpg 405w\" sizes=\"auto, (max-width: 1024px) 100vw, 1024px\" \/><\/figure><\/li><li class=\"blocks-gallery-item\"><figure><img loading=\"lazy\" decoding=\"async\" width=\"1024\" height=\"683\" src=\"https:\/\/marcali.plebania.hu\/wp-content\/uploads\/2021\/12\/24-1-1024x683.jpg\" alt=\"\" data-id=\"3165\" data-link=\"https:\/\/marcali.plebania.hu\/?attachment_id=3165\" class=\"wp-image-3165\" srcset=\"https:\/\/marcali.plebania.hu\/wp-content\/uploads\/2021\/12\/24-1-1024x683.jpg 1024w, https:\/\/marcali.plebania.hu\/wp-content\/uploads\/2021\/12\/24-1-300x200.jpg 300w, https:\/\/marcali.plebania.hu\/wp-content\/uploads\/2021\/12\/24-1-768x512.jpg 768w, https:\/\/marcali.plebania.hu\/wp-content\/uploads\/2021\/12\/24-1-1536x1024.jpg 1536w, https:\/\/marcali.plebania.hu\/wp-content\/uploads\/2021\/12\/24-1-2048x1365.jpg 2048w, https:\/\/marcali.plebania.hu\/wp-content\/uploads\/2021\/12\/24-1-405x270.jpg 405w\" sizes=\"auto, (max-width: 1024px) 100vw, 1024px\" \/><\/figure><\/li><li class=\"blocks-gallery-item\"><figure><img loading=\"lazy\" decoding=\"async\" width=\"1024\" height=\"683\" src=\"https:\/\/marcali.plebania.hu\/wp-content\/uploads\/2021\/12\/27-1-1024x683.jpg\" alt=\"\" data-id=\"3166\" data-full-url=\"https:\/\/marcali.plebania.hu\/wp-content\/uploads\/2021\/12\/27-1-scaled.jpg\" data-link=\"https:\/\/marcali.plebania.hu\/?attachment_id=3166\" class=\"wp-image-3166\" srcset=\"https:\/\/marcali.plebania.hu\/wp-content\/uploads\/2021\/12\/27-1-1024x683.jpg 1024w, https:\/\/marcali.plebania.hu\/wp-content\/uploads\/2021\/12\/27-1-300x200.jpg 300w, https:\/\/marcali.plebania.hu\/wp-content\/uploads\/2021\/12\/27-1-768x512.jpg 768w, https:\/\/marcali.plebania.hu\/wp-content\/uploads\/2021\/12\/27-1-1536x1024.jpg 1536w, https:\/\/marcali.plebania.hu\/wp-content\/uploads\/2021\/12\/27-1-2048x1365.jpg 2048w, https:\/\/marcali.plebania.hu\/wp-content\/uploads\/2021\/12\/27-1-405x270.jpg 405w\" sizes=\"auto, (max-width: 1024px) 100vw, 1024px\" \/><\/figure><\/li><li class=\"blocks-gallery-item\"><figure><img loading=\"lazy\" decoding=\"async\" width=\"1024\" height=\"683\" src=\"https:\/\/marcali.plebania.hu\/wp-content\/uploads\/2021\/12\/28-1-1024x683.jpg\" alt=\"\" data-id=\"3167\" data-full-url=\"https:\/\/marcali.plebania.hu\/wp-content\/uploads\/2021\/12\/28-1-scaled.jpg\" data-link=\"https:\/\/marcali.plebania.hu\/?attachment_id=3167\" class=\"wp-image-3167\" srcset=\"https:\/\/marcali.plebania.hu\/wp-content\/uploads\/2021\/12\/28-1-1024x683.jpg 1024w, https:\/\/marcali.plebania.hu\/wp-content\/uploads\/2021\/12\/28-1-300x200.jpg 300w, https:\/\/marcali.plebania.hu\/wp-content\/uploads\/2021\/12\/28-1-768x512.jpg 768w, https:\/\/marcali.plebania.hu\/wp-content\/uploads\/2021\/12\/28-1-1536x1024.jpg 1536w, https:\/\/marcali.plebania.hu\/wp-content\/uploads\/2021\/12\/28-1-2048x1365.jpg 2048w, https:\/\/marcali.plebania.hu\/wp-content\/uploads\/2021\/12\/28-1-405x270.jpg 405w\" sizes=\"auto, (max-width: 1024px) 100vw, 1024px\" \/><\/figure><\/li><\/ul><\/figure>\n\n\n\n<p>A pl\u00e9b\u00e1niatemplomban is hely\u00fckre ker\u00fcltek a feny\u0151f\u00e1k, illetve a betlehem \u00e9s a k\u00f6rny\u00e9k\u00e9nek a k\u00fclt\u00e9ri d\u00edszkivil\u00e1g\u00edt\u00e1sa (feny\u0151fa \u00e9s a tiszafa) is rendben elk\u00e9sz\u00fclt. A templomi takar\u00edt\u00e1st \u00e9s d\u00edsz\u00edt\u00e9st az id\u00e9n is a k\u00fcl\u00f6nb\u00f6z\u0151 imak\u00f6r\u00f6k tagjai v\u00e9gezt\u00e9k el.<\/p>\n\n\n\n<figure class=\"wp-block-gallery columns-3 is-cropped wp-block-gallery-4 is-layout-flex wp-block-gallery-is-layout-flex\"><ul class=\"blocks-gallery-grid\"><li class=\"blocks-gallery-item\"><figure><img loading=\"lazy\" decoding=\"async\" width=\"1024\" height=\"683\" src=\"https:\/\/marcali.plebania.hu\/wp-content\/uploads\/2021\/12\/30-1-1024x683.jpg\" alt=\"\" data-id=\"3168\" data-link=\"https:\/\/marcali.plebania.hu\/?attachment_id=3168\" class=\"wp-image-3168\" srcset=\"https:\/\/marcali.plebania.hu\/wp-content\/uploads\/2021\/12\/30-1-1024x683.jpg 1024w, https:\/\/marcali.plebania.hu\/wp-content\/uploads\/2021\/12\/30-1-300x200.jpg 300w, https:\/\/marcali.plebania.hu\/wp-content\/uploads\/2021\/12\/30-1-768x512.jpg 768w, https:\/\/marcali.plebania.hu\/wp-content\/uploads\/2021\/12\/30-1-1536x1024.jpg 1536w, https:\/\/marcali.plebania.hu\/wp-content\/uploads\/2021\/12\/30-1-2048x1365.jpg 2048w, https:\/\/marcali.plebania.hu\/wp-content\/uploads\/2021\/12\/30-1-405x270.jpg 405w\" sizes=\"auto, (max-width: 1024px) 100vw, 1024px\" \/><\/figure><\/li><li class=\"blocks-gallery-item\"><figure><img loading=\"lazy\" decoding=\"async\" width=\"1024\" height=\"683\" src=\"https:\/\/marcali.plebania.hu\/wp-content\/uploads\/2021\/12\/33-1-1024x683.jpg\" alt=\"\" data-id=\"3169\" data-link=\"https:\/\/marcali.plebania.hu\/?attachment_id=3169\" class=\"wp-image-3169\" srcset=\"https:\/\/marcali.plebania.hu\/wp-content\/uploads\/2021\/12\/33-1-1024x683.jpg 1024w, https:\/\/marcali.plebania.hu\/wp-content\/uploads\/2021\/12\/33-1-300x200.jpg 300w, https:\/\/marcali.plebania.hu\/wp-content\/uploads\/2021\/12\/33-1-768x512.jpg 768w, https:\/\/marcali.plebania.hu\/wp-content\/uploads\/2021\/12\/33-1-1536x1024.jpg 1536w, https:\/\/marcali.plebania.hu\/wp-content\/uploads\/2021\/12\/33-1-2048x1365.jpg 2048w, https:\/\/marcali.plebania.hu\/wp-content\/uploads\/2021\/12\/33-1-405x270.jpg 405w\" sizes=\"auto, (max-width: 1024px) 100vw, 1024px\" \/><\/figure><\/li><li class=\"blocks-gallery-item\"><figure><img loading=\"lazy\" decoding=\"async\" width=\"1024\" height=\"683\" src=\"https:\/\/marcali.plebania.hu\/wp-content\/uploads\/2021\/12\/34-3-1024x683.jpg\" alt=\"\" data-id=\"3170\" data-link=\"https:\/\/marcali.plebania.hu\/?attachment_id=3170\" class=\"wp-image-3170\" srcset=\"https:\/\/marcali.plebania.hu\/wp-content\/uploads\/2021\/12\/34-3-1024x683.jpg 1024w, https:\/\/marcali.plebania.hu\/wp-content\/uploads\/2021\/12\/34-3-300x200.jpg 300w, https:\/\/marcali.plebania.hu\/wp-content\/uploads\/2021\/12\/34-3-768x512.jpg 768w, https:\/\/marcali.plebania.hu\/wp-content\/uploads\/2021\/12\/34-3-1536x1024.jpg 1536w, https:\/\/marcali.plebania.hu\/wp-content\/uploads\/2021\/12\/34-3-2048x1365.jpg 2048w, https:\/\/marcali.plebania.hu\/wp-content\/uploads\/2021\/12\/34-3-405x270.jpg 405w\" sizes=\"auto, (max-width: 1024px) 100vw, 1024px\" \/><\/figure><\/li><li class=\"blocks-gallery-item\"><figure><img loading=\"lazy\" decoding=\"async\" width=\"1024\" height=\"683\" src=\"https:\/\/marcali.plebania.hu\/wp-content\/uploads\/2021\/12\/38-3-1024x683.jpg\" alt=\"\" data-id=\"3171\" data-full-url=\"https:\/\/marcali.plebania.hu\/wp-content\/uploads\/2021\/12\/38-3-scaled.jpg\" data-link=\"https:\/\/marcali.plebania.hu\/?attachment_id=3171\" class=\"wp-image-3171\" srcset=\"https:\/\/marcali.plebania.hu\/wp-content\/uploads\/2021\/12\/38-3-1024x683.jpg 1024w, https:\/\/marcali.plebania.hu\/wp-content\/uploads\/2021\/12\/38-3-300x200.jpg 300w, https:\/\/marcali.plebania.hu\/wp-content\/uploads\/2021\/12\/38-3-768x512.jpg 768w, https:\/\/marcali.plebania.hu\/wp-content\/uploads\/2021\/12\/38-3-1536x1024.jpg 1536w, https:\/\/marcali.plebania.hu\/wp-content\/uploads\/2021\/12\/38-3-2048x1365.jpg 2048w, https:\/\/marcali.plebania.hu\/wp-content\/uploads\/2021\/12\/38-3-405x270.jpg 405w\" sizes=\"auto, (max-width: 1024px) 100vw, 1024px\" \/><\/figure><\/li><\/ul><\/figure>\n\n\n\n<p>A R\u00f3mai Katolikus Egyh\u00e1zk\u00f6zs\u00e9g nev\u00e9ben Kiss Iv\u00e1n c. pr\u00e9post, pl\u00e9b\u00e1nos minden seg\u00edt\u0151nek \u00e9s a feny\u0151f\u00e1k adom\u00e1nyoz\u00f3inak is megk\u00f6sz\u00f6ni a k\u00f6zrem\u0171k\u00f6d\u00e9s\u00e9t, illetve felaj\u00e1nl\u00e1s\u00e1t. A v\u00e1ros lakoss\u00e1g\u00e1nak \u00e9s a betlehem-l\u00e1togat\u00f3nak pedig \u00e1ldott, boldog, b\u00e9k\u00e9s kar\u00e1csonyi \u00fcnnepeket k\u00edv\u00e1n az \u00e9p\u00edt\u0151k nev\u00e9ben is! A szabadt\u00e9ri betlehem 2022 V\u00edzkeresztj\u00e9ig \u00e9jjel-nappal lesz l\u00e1togathat\u00f3.<\/p>\n\n\n\n<figure class=\"wp-block-gallery columns-3 is-cropped wp-block-gallery-5 is-layout-flex wp-block-gallery-is-layout-flex\"><ul class=\"blocks-gallery-grid\"><li class=\"blocks-gallery-item\"><figure><img loading=\"lazy\" decoding=\"async\" width=\"1024\" height=\"683\" src=\"https:\/\/marcali.plebania.hu\/wp-content\/uploads\/2021\/12\/42-1-1024x683.jpg\" alt=\"\" data-id=\"3172\" data-link=\"https:\/\/marcali.plebania.hu\/?attachment_id=3172\" class=\"wp-image-3172\" srcset=\"https:\/\/marcali.plebania.hu\/wp-content\/uploads\/2021\/12\/42-1-1024x683.jpg 1024w, https:\/\/marcali.plebania.hu\/wp-content\/uploads\/2021\/12\/42-1-300x200.jpg 300w, https:\/\/marcali.plebania.hu\/wp-content\/uploads\/2021\/12\/42-1-768x512.jpg 768w, https:\/\/marcali.plebania.hu\/wp-content\/uploads\/2021\/12\/42-1-1536x1024.jpg 1536w, https:\/\/marcali.plebania.hu\/wp-content\/uploads\/2021\/12\/42-1-2048x1365.jpg 2048w, https:\/\/marcali.plebania.hu\/wp-content\/uploads\/2021\/12\/42-1-405x270.jpg 405w\" sizes=\"auto, (max-width: 1024px) 100vw, 1024px\" \/><\/figure><\/li><li class=\"blocks-gallery-item\"><figure><img loading=\"lazy\" decoding=\"async\" width=\"1024\" height=\"683\" src=\"https:\/\/marcali.plebania.hu\/wp-content\/uploads\/2021\/12\/44-1-1024x683.jpg\" alt=\"\" data-id=\"3173\" data-link=\"https:\/\/marcali.plebania.hu\/?attachment_id=3173\" class=\"wp-image-3173\" srcset=\"https:\/\/marcali.plebania.hu\/wp-content\/uploads\/2021\/12\/44-1-1024x683.jpg 1024w, https:\/\/marcali.plebania.hu\/wp-content\/uploads\/2021\/12\/44-1-300x200.jpg 300w, https:\/\/marcali.plebania.hu\/wp-content\/uploads\/2021\/12\/44-1-768x512.jpg 768w, https:\/\/marcali.plebania.hu\/wp-content\/uploads\/2021\/12\/44-1-1536x1024.jpg 1536w, https:\/\/marcali.plebania.hu\/wp-content\/uploads\/2021\/12\/44-1-2048x1365.jpg 2048w, https:\/\/marcali.plebania.hu\/wp-content\/uploads\/2021\/12\/44-1-405x270.jpg 405w\" sizes=\"auto, (max-width: 1024px) 100vw, 1024px\" \/><\/figure><\/li><li class=\"blocks-gallery-item\"><figure><img loading=\"lazy\" decoding=\"async\" width=\"1024\" height=\"683\" src=\"https:\/\/marcali.plebania.hu\/wp-content\/uploads\/2021\/12\/45-1024x683.jpg\" alt=\"\" data-id=\"3174\" data-link=\"https:\/\/marcali.plebania.hu\/?attachment_id=3174\" class=\"wp-image-3174\" srcset=\"https:\/\/marcali.plebania.hu\/wp-content\/uploads\/2021\/12\/45-1024x683.jpg 1024w, https:\/\/marcali.plebania.hu\/wp-content\/uploads\/2021\/12\/45-300x200.jpg 300w, https:\/\/marcali.plebania.hu\/wp-content\/uploads\/2021\/12\/45-768x512.jpg 768w, https:\/\/marcali.plebania.hu\/wp-content\/uploads\/2021\/12\/45-1536x1024.jpg 1536w, https:\/\/marcali.plebania.hu\/wp-content\/uploads\/2021\/12\/45-2048x1365.jpg 2048w, https:\/\/marcali.plebania.hu\/wp-content\/uploads\/2021\/12\/45-405x270.jpg 405w\" sizes=\"auto, (max-width: 1024px) 100vw, 1024px\" \/><\/figure><\/li><li class=\"blocks-gallery-item\"><figure><img loading=\"lazy\" decoding=\"async\" width=\"1024\" height=\"683\" src=\"https:\/\/marcali.plebania.hu\/wp-content\/uploads\/2021\/12\/43-1024x683.jpg\" alt=\"\" data-id=\"3175\" data-full-url=\"https:\/\/marcali.plebania.hu\/wp-content\/uploads\/2021\/12\/43-scaled.jpg\" data-link=\"https:\/\/marcali.plebania.hu\/?attachment_id=3175\" class=\"wp-image-3175\" srcset=\"https:\/\/marcali.plebania.hu\/wp-content\/uploads\/2021\/12\/43-1024x683.jpg 1024w, https:\/\/marcali.plebania.hu\/wp-content\/uploads\/2021\/12\/43-300x200.jpg 300w, https:\/\/marcali.plebania.hu\/wp-content\/uploads\/2021\/12\/43-768x512.jpg 768w, https:\/\/marcali.plebania.hu\/wp-content\/uploads\/2021\/12\/43-1536x1024.jpg 1536w, https:\/\/marcali.plebania.hu\/wp-content\/uploads\/2021\/12\/43-2048x1365.jpg 2048w, https:\/\/marcali.plebania.hu\/wp-content\/uploads\/2021\/12\/43-405x270.jpg 405w\" sizes=\"auto, (max-width: 1024px) 100vw, 1024px\" \/><\/figure><\/li><\/ul><\/figure>\n","protected":false},"excerpt":{"rendered":"<p>2021. december 22-\u00e9n, szerd\u00e1n d\u00e9lel\u0151tt 9 \u00f3rakor kezd\u0151d\u00f6tt a betlehem-\u00e9p\u00edt\u00e9s m\u00e1sodik \u00fcteme. A viszonylag j\u00f3 id\u0151 ellen\u00e9re sokan j\u00f6ttek el az id\u0151sebb \u00e9s \u00f6rvendetes m\u00f3don a fiatalabb gener\u00e1ci\u00f3 tagjai is, hogy az \u00f6sszefog\u00e1s \u00e9s a csapatmunka eredm\u00e9nyek\u00e9nt az id\u00e9n is l\u00e1that\u00f3v\u00e1 tegy\u00e9k mindenki sz\u00e1m\u00e1ra a k\u00fclt\u00e9ri betlehemet. A Gy\u00fcm\u00f6lcsolt\u00f3 Boldogasszony pl\u00e9b\u00e1niatemplom \u00e9szaki oldal\u00e1n l\u00e9v\u0151 alkot\u00e1s elk\u00e9sz\u00edt\u00e9s\u00e9t, berendez\u00e9s\u00e9t Kir\u00e1ly Jen\u0151 templomatya ir\u00e1ny\u00edtotta a fiatalok bevon\u00e1s\u00e1val, m\u00edg a templomi feny\u0151f\u00e1k befarag\u00e1s\u00e1t Gelencs\u00e9r R\u00f3bert vil\u00e1gi eln\u00f6k vezet\u00e9s\u00e9vel az id\u0151sebb f\u00e9rfiak v\u00e9gezt\u00e9k. A betlehem&#8230;<\/p>\n<p class=\"read-more\"><a class=\"btn btn-default\" href=\"https:\/\/marcali.plebania.hu\/?p=3155\"> Read More<span class=\"screen-reader-text\">  Read More<\/span><\/a><\/p>\n","protected":false},"author":2,"featured_media":0,"comment_status":"closed","ping_status":"open","sticky":false,"template":"","format":"standard","meta":{"footnotes":""},"categories":[1],"tags":[],"class_list":["post-3155","post","type-post","status-publish","format-standard","hentry","category-egyeb"],"_links":{"self":[{"href":"https:\/\/marcali.plebania.hu\/index.php?rest_route=\/wp\/v2\/posts\/3155","targetHints":{"allow":["GET"]}}],"collection":[{"href":"https:\/\/marcali.plebania.hu\/index.php?rest_route=\/wp\/v2\/posts"}],"about":[{"href":"https:\/\/marcali.plebania.hu\/index.php?rest_route=\/wp\/v2\/types\/post"}],"author":[{"embeddable":true,"href":"https:\/\/marcali.plebania.hu\/index.php?rest_route=\/wp\/v2\/users\/2"}],"replies":[{"embeddable":true,"href":"https:\/\/marcali.plebania.hu\/index.php?rest_route=%2Fwp%2Fv2%2Fcomments&post=3155"}],"version-history":[{"count":1,"href":"https:\/\/marcali.plebania.hu\/index.php?rest_route=\/wp\/v2\/posts\/3155\/revisions"}],"predecessor-version":[{"id":3176,"href":"https:\/\/marcali.plebania.hu\/index.php?rest_route=\/wp\/v2\/posts\/3155\/revisions\/3176"}],"wp:attachment":[{"href":"https:\/\/marcali.plebania.hu\/index.php?rest_route=%2Fwp%2Fv2%2Fmedia&parent=3155"}],"wp:term":[{"taxonomy":"category","embeddable":true,"href":"https:\/\/marcali.plebania.hu\/index.php?rest_route=%2Fwp%2Fv2%2Fcategories&post=3155"},{"taxonomy":"post_tag","embeddable":true,"href":"https:\/\/marcali.plebania.hu\/index.php?rest_route=%2Fwp%2Fv2%2Ftags&post=3155"}],"curies":[{"name":"wp","href":"https:\/\/api.w.org\/{rel}","templated":true}]}}