{"id":316,"date":"2018-08-21T09:50:58","date_gmt":"2018-08-21T09:50:58","guid":{"rendered":"https:\/\/marcali.plebania.hu\/?p=316"},"modified":"2018-08-21T09:50:58","modified_gmt":"2018-08-21T09:50:58","slug":"jozsef-attila-est-a-kulturalis-korzoban","status":"publish","type":"post","link":"https:\/\/marcali.plebania.hu\/?p=316","title":{"rendered":"J\u00f3zsef Attila-est a Kultur\u00e1lis Korz\u00f3ban"},"content":{"rendered":"<p>2018. augusztus 16-\u00e1n, 17 \u00f3r\u00e1t\u00f3l a Kultur\u00e1lis Korz\u00f3 mozi term\u00e9ben, a Latinovits-d\u00edjas marcali versmond\u00f3, dr. Kurucz \u00c1d\u00e1m Konr\u00e1d: \u201eNem tudok m\u00e1st, mint szeretni\u201d c\u00edm\u0171 irodalmi el\u0151ad\u00e1s\u00e1t tekinthette meg a nagy sz\u00e1mban megjelent k\u00f6z\u00f6ns\u00e9g.<\/p>\n<p><img loading=\"lazy\" decoding=\"async\" class=\"aligncenter wp-image-317 size-large\" src=\"https:\/\/marcali.plebania.hu\/wp-content\/uploads\/2018\/08\/32-1024x683.jpg\" alt=\"\" width=\"640\" height=\"427\" srcset=\"https:\/\/marcali.plebania.hu\/wp-content\/uploads\/2018\/08\/32-1024x683.jpg 1024w, https:\/\/marcali.plebania.hu\/wp-content\/uploads\/2018\/08\/32-300x200.jpg 300w, https:\/\/marcali.plebania.hu\/wp-content\/uploads\/2018\/08\/32-768x512.jpg 768w, https:\/\/marcali.plebania.hu\/wp-content\/uploads\/2018\/08\/32-405x270.jpg 405w\" sizes=\"auto, (max-width: 640px) 100vw, 640px\" \/><\/p>\n<p>A verses-zen\u00e9s v\u00e1logat\u00e1s ez\u00fattal J\u00f3zsef Attila k\u00f6lt\u00e9szet\u00e9t \u00e9s \u00e9let\u00fatj\u00e1t eleven\u00edtette fel sz\u00e9pen fel\u00e9p\u00edtett \u00e9s \u00f6ssze\u00e1ll\u00edtott form\u00e1ban. A rendk\u00edv\u00fcli \u00e9lm\u00e9nyt ny\u00fajt\u00f3 darabot egym\u00e1sut\u00e1n k\u00e9tszer is el\u0151 kellett adnia a fiatal sz\u00edn\u00e9sznek, mert a terem kicsinek bizonyult a nagysz\u00e1m\u00fa \u00e9rdekl\u0151d\u0151nek, akik k\u00f6z\u00f6tt sz\u00e9p sz\u00e1mban vid\u00e9kiek is jelen voltak.<\/p>\n<p><img loading=\"lazy\" decoding=\"async\" class=\"aligncenter wp-image-318 size-large\" src=\"https:\/\/marcali.plebania.hu\/wp-content\/uploads\/2018\/08\/17-1024x683.jpg\" alt=\"\" width=\"640\" height=\"427\" srcset=\"https:\/\/marcali.plebania.hu\/wp-content\/uploads\/2018\/08\/17-1024x683.jpg 1024w, https:\/\/marcali.plebania.hu\/wp-content\/uploads\/2018\/08\/17-300x200.jpg 300w, https:\/\/marcali.plebania.hu\/wp-content\/uploads\/2018\/08\/17-768x512.jpg 768w, https:\/\/marcali.plebania.hu\/wp-content\/uploads\/2018\/08\/17-405x270.jpg 405w\" sizes=\"auto, (max-width: 640px) 100vw, 640px\" \/><\/p>\n<p>&nbsp;<\/p>\n","protected":false},"excerpt":{"rendered":"<p>2018. augusztus 16-\u00e1n, 17 \u00f3r\u00e1t\u00f3l a Kultur\u00e1lis Korz\u00f3 mozi term\u00e9ben, a Latinovits-d\u00edjas marcali versmond\u00f3, dr. Kurucz \u00c1d\u00e1m Konr\u00e1d: \u201eNem tudok m\u00e1st, mint szeretni\u201d c\u00edm\u0171 irodalmi el\u0151ad\u00e1s\u00e1t tekinthette meg a nagy sz\u00e1mban megjelent k\u00f6z\u00f6ns\u00e9g. A verses-zen\u00e9s v\u00e1logat\u00e1s ez\u00fattal J\u00f3zsef Attila k\u00f6lt\u00e9szet\u00e9t \u00e9s \u00e9let\u00fatj\u00e1t eleven\u00edtette fel sz\u00e9pen fel\u00e9p\u00edtett \u00e9s \u00f6ssze\u00e1ll\u00edtott form\u00e1ban. A rendk\u00edv\u00fcli \u00e9lm\u00e9nyt ny\u00fajt\u00f3 darabot egym\u00e1sut\u00e1n k\u00e9tszer is el\u0151 kellett adnia a fiatal sz\u00edn\u00e9sznek, mert a terem kicsinek bizonyult a nagysz\u00e1m\u00fa \u00e9rdekl\u0151d\u0151nek, akik k\u00f6z\u00f6tt sz\u00e9p sz\u00e1mban vid\u00e9kiek is jelen voltak. &nbsp;<\/p>\n","protected":false},"author":2,"featured_media":0,"comment_status":"closed","ping_status":"open","sticky":false,"template":"","format":"standard","meta":{"footnotes":""},"categories":[1],"tags":[],"class_list":["post-316","post","type-post","status-publish","format-standard","hentry","category-egyeb"],"_links":{"self":[{"href":"https:\/\/marcali.plebania.hu\/index.php?rest_route=\/wp\/v2\/posts\/316","targetHints":{"allow":["GET"]}}],"collection":[{"href":"https:\/\/marcali.plebania.hu\/index.php?rest_route=\/wp\/v2\/posts"}],"about":[{"href":"https:\/\/marcali.plebania.hu\/index.php?rest_route=\/wp\/v2\/types\/post"}],"author":[{"embeddable":true,"href":"https:\/\/marcali.plebania.hu\/index.php?rest_route=\/wp\/v2\/users\/2"}],"replies":[{"embeddable":true,"href":"https:\/\/marcali.plebania.hu\/index.php?rest_route=%2Fwp%2Fv2%2Fcomments&post=316"}],"version-history":[{"count":1,"href":"https:\/\/marcali.plebania.hu\/index.php?rest_route=\/wp\/v2\/posts\/316\/revisions"}],"predecessor-version":[{"id":319,"href":"https:\/\/marcali.plebania.hu\/index.php?rest_route=\/wp\/v2\/posts\/316\/revisions\/319"}],"wp:attachment":[{"href":"https:\/\/marcali.plebania.hu\/index.php?rest_route=%2Fwp%2Fv2%2Fmedia&parent=316"}],"wp:term":[{"taxonomy":"category","embeddable":true,"href":"https:\/\/marcali.plebania.hu\/index.php?rest_route=%2Fwp%2Fv2%2Fcategories&post=316"},{"taxonomy":"post_tag","embeddable":true,"href":"https:\/\/marcali.plebania.hu\/index.php?rest_route=%2Fwp%2Fv2%2Ftags&post=316"}],"curies":[{"name":"wp","href":"https:\/\/api.w.org\/{rel}","templated":true}]}}