{"id":3177,"date":"2021-12-23T16:43:49","date_gmt":"2021-12-23T16:43:49","guid":{"rendered":"https:\/\/marcali.plebania.hu\/?p=3177"},"modified":"2021-12-23T16:43:49","modified_gmt":"2021-12-23T16:43:49","slug":"hirdetesek-2021-12-25","status":"publish","type":"post","link":"https:\/\/marcali.plebania.hu\/?p=3177","title":{"rendered":"Hirdet\u00e9sek, 2021. 12. 25."},"content":{"rendered":"\n<ol class=\"wp-block-list\"><li>Ma Kar\u00e1csony \u00fcnnepe. Vas\u00e1rnap Kar\u00e1csony m\u00e1snapj\u00e1n 9\n\u00f3rakor szentmise a pl\u00e9b\u00e1niatemplomban. A szentmise keret\u00e9ben borszentel\u00e9s is\nlesz. Ide v\u00e1rjuk a sz\u0151l\u0151sgazd\u00e1kat, hogy hozzanak a term\u00e9s\u00fckb\u0151l 1 \u00fcveg bort,\nhelyezz\u00e9k az olt\u00e1r el\u00e9 kihelyezett asztalra. Az itt meg\u00e1ldott bort haza lehet\nvinni \u00e9s bele\u00f6nteni a boros hord\u00f3kba Isten \u00e1ld\u00e1s\u00e1val. Ugyancsak a 9 \u00f3r\u00e1s\nszentmis\u00e9re v\u00e1rjuk a h\u00e1zasp\u00e1rokat, mivel Szent csal\u00e1d vas\u00e1rnapja lesz \u00e9s a\nszentmise keret\u00e9ben meg\u00e1ldjuk a jelenl\u00e9v\u0151 h\u00e1zasp\u00e1rokat.<\/li><li>P\u00e9nteken, Szilveszter napj\u00e1n 16.30-kor szents\u00e9gim\u00e1d\u00e1s\nkeret\u00e9ben a k\u00f6z\u00f6ss\u00e9gek h\u00e1laad\u00e1sa a pl\u00e9b\u00e1niatemplomban, ut\u00e1na szentmise\nlelkip\u00e1sztori \u00e9vi besz\u00e1mol\u00f3val.<\/li><li>Szombaton \u00daj \u00e9v napj\u00e1n szentmis\u00e9k: 10 \u00f3ra pl\u00e9b\u00e1niatemplom,\n17 \u00f3ra B. Gizella templom.<\/li><li>J\u00f6v\u0151 vas\u00e1rnap, Kar\u00e1csony 2. vas\u00e1rnapj\u00e1n szentmis\u00e9k: 9\n\u00f3ra pl\u00e9b\u00e1niatemplom, 11 \u00f3ra Gomba (igeliturgia), 17 \u00f3ra B. Gizella templom.<\/li><li>K\u00f6sz\u00f6nj\u00fck mindazok munk\u00e1j\u00e1t, akik seg\u00edtettek a\nkar\u00e1csonyi el\u0151k\u00e9sz\u00fcletben, gy\u00f6ny\u00f6r\u0171en feld\u00edsz\u00edtett templomaink vannak. A szabadt\u00e9ri\nbetlehem fel\u00e1ll\u00edt\u00e1s\u00e1n\u00e1l 26 seg\u00edt\u0151nk volt. A p\u00e1sztorj\u00e1t\u00e9k, a verses \u00f6ssze\u00e1ll\u00edt\u00e1s\nmind-mind a szorgalmas emberek munk\u00e1j\u00e1t dics\u00e9ri. Megk\u00f6sz\u00f6nj\u00fck a sok-sok\nkar\u00e1csonyf\u00e1t, amit templomaink r\u00e9sz\u00e9re adtak, melyeket a templomokban \u00e9s a szabadt\u00e9ri\nbetlehem\u00fcnk fel\u00e1ll\u00edt\u00e1s\u00e1n\u00e1l haszn\u00e1ltunk fel. K\u00f6sz\u00f6nj\u00fck a sok vir\u00e1gp\u00e9nzt is, ami\nlehet\u0151v\u00e9 tette, hogy templomaink ilyen csod\u00e1latosan sz\u00e9p hangulatot \u00e1rasztanak.<\/li><li>Megjelent a Marcali Katolikus \u00dajs\u00e1g kar\u00e1csonyi sz\u00e1ma.\nA szentmis\u00e9k ut\u00e1n a gyermekek osztj\u00e1k.<\/li><\/ol>\n","protected":false},"excerpt":{"rendered":"<p>Ma Kar\u00e1csony \u00fcnnepe. Vas\u00e1rnap Kar\u00e1csony m\u00e1snapj\u00e1n 9 \u00f3rakor szentmise a pl\u00e9b\u00e1niatemplomban. A szentmise keret\u00e9ben borszentel\u00e9s is lesz. Ide v\u00e1rjuk a sz\u0151l\u0151sgazd\u00e1kat, hogy hozzanak a term\u00e9s\u00fckb\u0151l 1 \u00fcveg bort, helyezz\u00e9k az olt\u00e1r el\u00e9 kihelyezett asztalra. Az itt meg\u00e1ldott bort haza lehet vinni \u00e9s bele\u00f6nteni a boros hord\u00f3kba Isten \u00e1ld\u00e1s\u00e1val. Ugyancsak a 9 \u00f3r\u00e1s szentmis\u00e9re v\u00e1rjuk a h\u00e1zasp\u00e1rokat, mivel Szent csal\u00e1d vas\u00e1rnapja lesz \u00e9s a szentmise keret\u00e9ben meg\u00e1ldjuk a jelenl\u00e9v\u0151 h\u00e1zasp\u00e1rokat. P\u00e9nteken, Szilveszter napj\u00e1n 16.30-kor szents\u00e9gim\u00e1d\u00e1s keret\u00e9ben a k\u00f6z\u00f6ss\u00e9gek h\u00e1laad\u00e1sa a pl\u00e9b\u00e1niatemplomban,&#8230;<\/p>\n<p class=\"read-more\"><a class=\"btn btn-default\" href=\"https:\/\/marcali.plebania.hu\/?p=3177\"> Read More<span class=\"screen-reader-text\">  Read More<\/span><\/a><\/p>\n","protected":false},"author":2,"featured_media":0,"comment_status":"closed","ping_status":"open","sticky":false,"template":"","format":"standard","meta":{"footnotes":""},"categories":[1],"tags":[],"class_list":["post-3177","post","type-post","status-publish","format-standard","hentry","category-egyeb"],"_links":{"self":[{"href":"https:\/\/marcali.plebania.hu\/index.php?rest_route=\/wp\/v2\/posts\/3177","targetHints":{"allow":["GET"]}}],"collection":[{"href":"https:\/\/marcali.plebania.hu\/index.php?rest_route=\/wp\/v2\/posts"}],"about":[{"href":"https:\/\/marcali.plebania.hu\/index.php?rest_route=\/wp\/v2\/types\/post"}],"author":[{"embeddable":true,"href":"https:\/\/marcali.plebania.hu\/index.php?rest_route=\/wp\/v2\/users\/2"}],"replies":[{"embeddable":true,"href":"https:\/\/marcali.plebania.hu\/index.php?rest_route=%2Fwp%2Fv2%2Fcomments&post=3177"}],"version-history":[{"count":1,"href":"https:\/\/marcali.plebania.hu\/index.php?rest_route=\/wp\/v2\/posts\/3177\/revisions"}],"predecessor-version":[{"id":3178,"href":"https:\/\/marcali.plebania.hu\/index.php?rest_route=\/wp\/v2\/posts\/3177\/revisions\/3178"}],"wp:attachment":[{"href":"https:\/\/marcali.plebania.hu\/index.php?rest_route=%2Fwp%2Fv2%2Fmedia&parent=3177"}],"wp:term":[{"taxonomy":"category","embeddable":true,"href":"https:\/\/marcali.plebania.hu\/index.php?rest_route=%2Fwp%2Fv2%2Fcategories&post=3177"},{"taxonomy":"post_tag","embeddable":true,"href":"https:\/\/marcali.plebania.hu\/index.php?rest_route=%2Fwp%2Fv2%2Ftags&post=3177"}],"curies":[{"name":"wp","href":"https:\/\/api.w.org\/{rel}","templated":true}]}}