{"id":320,"date":"2018-08-21T09:58:54","date_gmt":"2018-08-21T09:58:54","guid":{"rendered":"https:\/\/marcali.plebania.hu\/?p=320"},"modified":"2018-08-21T09:58:54","modified_gmt":"2018-08-21T09:58:54","slug":"szent-istvan-napja-unnepi-szentmise-es-kenyermegaldas-marcaliban","status":"publish","type":"post","link":"https:\/\/marcali.plebania.hu\/?p=320","title":{"rendered":"Szent Istv\u00e1n napja: \u00fcnnepi szentmise \u00e9s keny\u00e9rmeg\u00e1ld\u00e1s Marcaliban"},"content":{"rendered":"<p>2018. augusztus 20-\u00e1n 9 \u00f3rakor a marcali Gy\u00fcm\u00f6lcsolt\u00f3 Boldogasszony pl\u00e9b\u00e1niatemplomban is \u00fcnnepi szentmis\u00e9vel kezd\u0151d\u00f6tt a Szent Istv\u00e1n napi \u00fcnneps\u00e9gsorozat v\u00e1rosunkban.<\/p>\n<p><img loading=\"lazy\" decoding=\"async\" class=\"aligncenter wp-image-321 size-large\" src=\"https:\/\/marcali.plebania.hu\/wp-content\/uploads\/2018\/08\/38-1024x683.jpg\" alt=\"\" width=\"640\" height=\"427\" srcset=\"https:\/\/marcali.plebania.hu\/wp-content\/uploads\/2018\/08\/38-1024x683.jpg 1024w, https:\/\/marcali.plebania.hu\/wp-content\/uploads\/2018\/08\/38-300x200.jpg 300w, https:\/\/marcali.plebania.hu\/wp-content\/uploads\/2018\/08\/38-768x512.jpg 768w, https:\/\/marcali.plebania.hu\/wp-content\/uploads\/2018\/08\/38-405x270.jpg 405w\" sizes=\"auto, (max-width: 640px) 100vw, 640px\" \/><\/p>\n<p>Az istentiszteletet Kiss Iv\u00e1n c. pr\u00e9post, esperes-pl\u00e9b\u00e1nos celebr\u00e1lta, aki az \u00e1llamalap\u00edt\u00f3 kir\u00e1lyunk nagys\u00e1g\u00e1t \u00e9s tev\u00e9kenys\u00e9g\u00e9t m\u00e9ltatta szentbesz\u00e9d\u00e9ben. A mis\u00e9n k\u00f6zrem\u0171k\u00f6d\u00f6tt a F\u00e9ny Gyermekei Zenekar, valamint Balogh B\u00e1lint k\u00e1ntor \u00e9s J\u00e1ki Zolt\u00e1n, akik Chopin: C-moll prel\u0171d Op. 28. No. 20-as t\u00e9tel\u00e9t adt\u00e1k el\u0151 orgona \u00e9s heged\u0171 k\u00eds\u00e9rettel. T\u0171z Tam\u00e1s: Szent Istv\u00e1n kir\u00e1ly c\u00edm\u0171 vers\u00e9t T\u00f3th Eszter, majd a keny\u00e9rszentel\u00e9s el\u0151tt pedig dr. Kurucz \u00c1d\u00e1m Konr\u00e1d sz\u00edn\u00e9sz Rem\u00e9nyik S\u00e1ndor: Mindennapi keny\u00e9r c\u00edm\u0171 alkot\u00e1s\u00e1t adta el\u0151.<\/p>\n<p><img loading=\"lazy\" decoding=\"async\" class=\"aligncenter wp-image-322 size-large\" src=\"https:\/\/marcali.plebania.hu\/wp-content\/uploads\/2018\/08\/37-1024x683.jpg\" alt=\"\" width=\"640\" height=\"427\" srcset=\"https:\/\/marcali.plebania.hu\/wp-content\/uploads\/2018\/08\/37-1024x683.jpg 1024w, https:\/\/marcali.plebania.hu\/wp-content\/uploads\/2018\/08\/37-300x200.jpg 300w, https:\/\/marcali.plebania.hu\/wp-content\/uploads\/2018\/08\/37-768x512.jpg 768w, https:\/\/marcali.plebania.hu\/wp-content\/uploads\/2018\/08\/37-405x270.jpg 405w\" sizes=\"auto, (max-width: 640px) 100vw, 640px\" \/><\/p>\n<p>A szertart\u00e1st k\u00f6vet\u0151en pedig dr. S\u00fct\u0151 L\u00e1szl\u00f3 polg\u00e1rmester megszegte \u00e9s kiosztotta a jelenl\u00e9v\u0151knek a Magyarok Kenyer\u00e9b\u0151l s\u00fct\u00f6tt \u00faj kenyeret az imak\u00f6r\u00f6s\u00f6k, valamint a fiatalok seg\u00edts\u00e9g\u00e9vel.<\/p>\n<p><img loading=\"lazy\" decoding=\"async\" class=\"aligncenter wp-image-323 size-large\" src=\"https:\/\/marcali.plebania.hu\/wp-content\/uploads\/2018\/08\/48-1024x683.jpg\" alt=\"\" width=\"640\" height=\"427\" srcset=\"https:\/\/marcali.plebania.hu\/wp-content\/uploads\/2018\/08\/48-1024x683.jpg 1024w, https:\/\/marcali.plebania.hu\/wp-content\/uploads\/2018\/08\/48-300x200.jpg 300w, https:\/\/marcali.plebania.hu\/wp-content\/uploads\/2018\/08\/48-768x512.jpg 768w, https:\/\/marcali.plebania.hu\/wp-content\/uploads\/2018\/08\/48-405x270.jpg 405w\" sizes=\"auto, (max-width: 640px) 100vw, 640px\" \/><\/p>\n<p><img loading=\"lazy\" decoding=\"async\" class=\"aligncenter wp-image-324 size-large\" src=\"https:\/\/marcali.plebania.hu\/wp-content\/uploads\/2018\/08\/16-1024x683.jpg\" alt=\"\" width=\"640\" height=\"427\" srcset=\"https:\/\/marcali.plebania.hu\/wp-content\/uploads\/2018\/08\/16-1024x683.jpg 1024w, https:\/\/marcali.plebania.hu\/wp-content\/uploads\/2018\/08\/16-300x200.jpg 300w, https:\/\/marcali.plebania.hu\/wp-content\/uploads\/2018\/08\/16-768x512.jpg 768w, https:\/\/marcali.plebania.hu\/wp-content\/uploads\/2018\/08\/16-405x270.jpg 405w\" sizes=\"auto, (max-width: 640px) 100vw, 640px\" \/><\/p>\n","protected":false},"excerpt":{"rendered":"<p>2018. augusztus 20-\u00e1n 9 \u00f3rakor a marcali Gy\u00fcm\u00f6lcsolt\u00f3 Boldogasszony pl\u00e9b\u00e1niatemplomban is \u00fcnnepi szentmis\u00e9vel kezd\u0151d\u00f6tt a Szent Istv\u00e1n napi \u00fcnneps\u00e9gsorozat v\u00e1rosunkban. Az istentiszteletet Kiss Iv\u00e1n c. pr\u00e9post, esperes-pl\u00e9b\u00e1nos celebr\u00e1lta, aki az \u00e1llamalap\u00edt\u00f3 kir\u00e1lyunk nagys\u00e1g\u00e1t \u00e9s tev\u00e9kenys\u00e9g\u00e9t m\u00e9ltatta szentbesz\u00e9d\u00e9ben. A mis\u00e9n k\u00f6zrem\u0171k\u00f6d\u00f6tt a F\u00e9ny Gyermekei Zenekar, valamint Balogh B\u00e1lint k\u00e1ntor \u00e9s J\u00e1ki Zolt\u00e1n, akik Chopin: C-moll prel\u0171d Op. 28. No. 20-as t\u00e9tel\u00e9t adt\u00e1k el\u0151 orgona \u00e9s heged\u0171 k\u00eds\u00e9rettel. T\u0171z Tam\u00e1s: Szent Istv\u00e1n kir\u00e1ly c\u00edm\u0171 vers\u00e9t T\u00f3th Eszter, majd a keny\u00e9rszentel\u00e9s el\u0151tt pedig&#8230;<\/p>\n<p class=\"read-more\"><a class=\"btn btn-default\" href=\"https:\/\/marcali.plebania.hu\/?p=320\"> Read More<span class=\"screen-reader-text\">  Read More<\/span><\/a><\/p>\n","protected":false},"author":2,"featured_media":0,"comment_status":"closed","ping_status":"open","sticky":false,"template":"","format":"standard","meta":{"footnotes":""},"categories":[1],"tags":[],"class_list":["post-320","post","type-post","status-publish","format-standard","hentry","category-egyeb"],"_links":{"self":[{"href":"https:\/\/marcali.plebania.hu\/index.php?rest_route=\/wp\/v2\/posts\/320","targetHints":{"allow":["GET"]}}],"collection":[{"href":"https:\/\/marcali.plebania.hu\/index.php?rest_route=\/wp\/v2\/posts"}],"about":[{"href":"https:\/\/marcali.plebania.hu\/index.php?rest_route=\/wp\/v2\/types\/post"}],"author":[{"embeddable":true,"href":"https:\/\/marcali.plebania.hu\/index.php?rest_route=\/wp\/v2\/users\/2"}],"replies":[{"embeddable":true,"href":"https:\/\/marcali.plebania.hu\/index.php?rest_route=%2Fwp%2Fv2%2Fcomments&post=320"}],"version-history":[{"count":1,"href":"https:\/\/marcali.plebania.hu\/index.php?rest_route=\/wp\/v2\/posts\/320\/revisions"}],"predecessor-version":[{"id":325,"href":"https:\/\/marcali.plebania.hu\/index.php?rest_route=\/wp\/v2\/posts\/320\/revisions\/325"}],"wp:attachment":[{"href":"https:\/\/marcali.plebania.hu\/index.php?rest_route=%2Fwp%2Fv2%2Fmedia&parent=320"}],"wp:term":[{"taxonomy":"category","embeddable":true,"href":"https:\/\/marcali.plebania.hu\/index.php?rest_route=%2Fwp%2Fv2%2Fcategories&post=320"},{"taxonomy":"post_tag","embeddable":true,"href":"https:\/\/marcali.plebania.hu\/index.php?rest_route=%2Fwp%2Fv2%2Ftags&post=320"}],"curies":[{"name":"wp","href":"https:\/\/api.w.org\/{rel}","templated":true}]}}