{"id":3219,"date":"2021-12-31T09:45:40","date_gmt":"2021-12-31T09:45:40","guid":{"rendered":"https:\/\/marcali.plebania.hu\/?p=3219"},"modified":"2021-12-31T09:45:40","modified_gmt":"2021-12-31T09:45:40","slug":"szent-csalad-unnepen-megaldottak-az-uj-borokat-es-a-hazasparokat","status":"publish","type":"post","link":"https:\/\/marcali.plebania.hu\/?p=3219","title":{"rendered":"Szent Csal\u00e1d \u00fcnnep\u00e9n meg\u00e1ldott\u00e1k az \u00faj borokat \u00e9s a h\u00e1zasp\u00e1rokat"},"content":{"rendered":"\n<p>2021. december 26-\u00e1n, Szent Csal\u00e1d vas\u00e1rnapj\u00e1n, a 9 \u00f3r\u00e1s szentmis\u00e9n Kiss Iv\u00e1n c. pr\u00e9post, pl\u00e9b\u00e1nos az id\u00e9n is meg\u00e1ldotta el\u0151sz\u00f6r az \u00faj borokat, majd a jelenl\u00e9v\u0151 h\u00e1zasp\u00e1rokat a Marcali Gy\u00fcm\u00f6lcsolt\u00f3 Boldogasszony pl\u00e9b\u00e1niatemplomban.<\/p>\n\n\n\n<figure class=\"wp-block-gallery columns-3 is-cropped wp-block-gallery-1 is-layout-flex wp-block-gallery-is-layout-flex\"><ul class=\"blocks-gallery-grid\"><li class=\"blocks-gallery-item\"><figure><img loading=\"lazy\" decoding=\"async\" width=\"1024\" height=\"683\" src=\"https:\/\/marcali.plebania.hu\/wp-content\/uploads\/2021\/12\/01-6-1024x683.jpg\" alt=\"\" data-id=\"3220\" data-full-url=\"https:\/\/marcali.plebania.hu\/wp-content\/uploads\/2021\/12\/01-6-scaled.jpg\" data-link=\"https:\/\/marcali.plebania.hu\/?attachment_id=3220\" class=\"wp-image-3220\" srcset=\"https:\/\/marcali.plebania.hu\/wp-content\/uploads\/2021\/12\/01-6-1024x683.jpg 1024w, https:\/\/marcali.plebania.hu\/wp-content\/uploads\/2021\/12\/01-6-300x200.jpg 300w, https:\/\/marcali.plebania.hu\/wp-content\/uploads\/2021\/12\/01-6-768x512.jpg 768w, https:\/\/marcali.plebania.hu\/wp-content\/uploads\/2021\/12\/01-6-1536x1024.jpg 1536w, https:\/\/marcali.plebania.hu\/wp-content\/uploads\/2021\/12\/01-6-2048x1365.jpg 2048w, https:\/\/marcali.plebania.hu\/wp-content\/uploads\/2021\/12\/01-6-405x270.jpg 405w\" sizes=\"auto, (max-width: 1024px) 100vw, 1024px\" \/><\/figure><\/li><li class=\"blocks-gallery-item\"><figure><img loading=\"lazy\" decoding=\"async\" width=\"1024\" height=\"683\" src=\"https:\/\/marcali.plebania.hu\/wp-content\/uploads\/2021\/12\/02-4-1024x683.jpg\" alt=\"\" data-id=\"3221\" data-full-url=\"https:\/\/marcali.plebania.hu\/wp-content\/uploads\/2021\/12\/02-4-scaled.jpg\" data-link=\"https:\/\/marcali.plebania.hu\/?attachment_id=3221\" class=\"wp-image-3221\" srcset=\"https:\/\/marcali.plebania.hu\/wp-content\/uploads\/2021\/12\/02-4-1024x683.jpg 1024w, https:\/\/marcali.plebania.hu\/wp-content\/uploads\/2021\/12\/02-4-300x200.jpg 300w, https:\/\/marcali.plebania.hu\/wp-content\/uploads\/2021\/12\/02-4-768x512.jpg 768w, https:\/\/marcali.plebania.hu\/wp-content\/uploads\/2021\/12\/02-4-1536x1024.jpg 1536w, https:\/\/marcali.plebania.hu\/wp-content\/uploads\/2021\/12\/02-4-2048x1365.jpg 2048w, https:\/\/marcali.plebania.hu\/wp-content\/uploads\/2021\/12\/02-4-405x270.jpg 405w\" sizes=\"auto, (max-width: 1024px) 100vw, 1024px\" \/><\/figure><\/li><li class=\"blocks-gallery-item\"><figure><img loading=\"lazy\" decoding=\"async\" width=\"1024\" height=\"683\" src=\"https:\/\/marcali.plebania.hu\/wp-content\/uploads\/2021\/12\/03-7-1024x683.jpg\" alt=\"\" data-id=\"3222\" data-full-url=\"https:\/\/marcali.plebania.hu\/wp-content\/uploads\/2021\/12\/03-7-scaled.jpg\" data-link=\"https:\/\/marcali.plebania.hu\/?attachment_id=3222\" class=\"wp-image-3222\" srcset=\"https:\/\/marcali.plebania.hu\/wp-content\/uploads\/2021\/12\/03-7-1024x683.jpg 1024w, https:\/\/marcali.plebania.hu\/wp-content\/uploads\/2021\/12\/03-7-300x200.jpg 300w, https:\/\/marcali.plebania.hu\/wp-content\/uploads\/2021\/12\/03-7-768x512.jpg 768w, https:\/\/marcali.plebania.hu\/wp-content\/uploads\/2021\/12\/03-7-1536x1024.jpg 1536w, https:\/\/marcali.plebania.hu\/wp-content\/uploads\/2021\/12\/03-7-2048x1365.jpg 2048w, https:\/\/marcali.plebania.hu\/wp-content\/uploads\/2021\/12\/03-7-405x270.jpg 405w\" sizes=\"auto, (max-width: 1024px) 100vw, 1024px\" \/><\/figure><\/li><li class=\"blocks-gallery-item\"><figure><img loading=\"lazy\" decoding=\"async\" width=\"1024\" height=\"683\" src=\"https:\/\/marcali.plebania.hu\/wp-content\/uploads\/2021\/12\/04-5-1024x683.jpg\" alt=\"\" data-id=\"3223\" data-full-url=\"https:\/\/marcali.plebania.hu\/wp-content\/uploads\/2021\/12\/04-5-scaled.jpg\" data-link=\"https:\/\/marcali.plebania.hu\/?attachment_id=3223\" class=\"wp-image-3223\" srcset=\"https:\/\/marcali.plebania.hu\/wp-content\/uploads\/2021\/12\/04-5-1024x683.jpg 1024w, https:\/\/marcali.plebania.hu\/wp-content\/uploads\/2021\/12\/04-5-300x200.jpg 300w, https:\/\/marcali.plebania.hu\/wp-content\/uploads\/2021\/12\/04-5-768x512.jpg 768w, https:\/\/marcali.plebania.hu\/wp-content\/uploads\/2021\/12\/04-5-1536x1024.jpg 1536w, https:\/\/marcali.plebania.hu\/wp-content\/uploads\/2021\/12\/04-5-2048x1365.jpg 2048w, https:\/\/marcali.plebania.hu\/wp-content\/uploads\/2021\/12\/04-5-405x270.jpg 405w\" sizes=\"auto, (max-width: 1024px) 100vw, 1024px\" \/><\/figure><\/li><\/ul><\/figure>\n\n\n\n<p>A sz\u0151l\u0151sgazd\u00e1k \u00e9s a bortermel\u0151k \u2013 hossz\u00fa \u00e9vek \u00f3ta \u2013 minden \u00e9vben, kar\u00e1csony m\u00e1snapj\u00e1n magukkal hoznak az \u00faj term\u00e9sb\u0151l, fajt\u00e1nk\u00e9nt egy-egy palack bort a templomba, hogy az \u00e1ltaluk megtermelt k\u00fcl\u00f6nf\u00e9le ned\u0171ikre az \u00e9ves munk\u00e1juk lez\u00e1r\u00e1sak\u00e9nt egyh\u00e1zi \u00e1ld\u00e1st k\u00e9rjenek.<\/p>\n\n\n\n<figure class=\"wp-block-gallery columns-3 is-cropped wp-block-gallery-2 is-layout-flex wp-block-gallery-is-layout-flex\"><ul class=\"blocks-gallery-grid\"><li class=\"blocks-gallery-item\"><figure><img loading=\"lazy\" decoding=\"async\" width=\"1024\" height=\"683\" src=\"https:\/\/marcali.plebania.hu\/wp-content\/uploads\/2021\/12\/05-7-1024x683.jpg\" alt=\"\" data-id=\"3224\" data-link=\"https:\/\/marcali.plebania.hu\/?attachment_id=3224\" class=\"wp-image-3224\" srcset=\"https:\/\/marcali.plebania.hu\/wp-content\/uploads\/2021\/12\/05-7-1024x683.jpg 1024w, https:\/\/marcali.plebania.hu\/wp-content\/uploads\/2021\/12\/05-7-300x200.jpg 300w, https:\/\/marcali.plebania.hu\/wp-content\/uploads\/2021\/12\/05-7-768x512.jpg 768w, https:\/\/marcali.plebania.hu\/wp-content\/uploads\/2021\/12\/05-7-1536x1024.jpg 1536w, https:\/\/marcali.plebania.hu\/wp-content\/uploads\/2021\/12\/05-7-2048x1365.jpg 2048w, https:\/\/marcali.plebania.hu\/wp-content\/uploads\/2021\/12\/05-7-405x270.jpg 405w\" sizes=\"auto, (max-width: 1024px) 100vw, 1024px\" \/><\/figure><\/li><li class=\"blocks-gallery-item\"><figure><img loading=\"lazy\" decoding=\"async\" width=\"1024\" height=\"683\" src=\"https:\/\/marcali.plebania.hu\/wp-content\/uploads\/2021\/12\/06-2-1024x683.jpg\" alt=\"\" data-id=\"3225\" data-link=\"https:\/\/marcali.plebania.hu\/?attachment_id=3225\" class=\"wp-image-3225\" srcset=\"https:\/\/marcali.plebania.hu\/wp-content\/uploads\/2021\/12\/06-2-1024x683.jpg 1024w, https:\/\/marcali.plebania.hu\/wp-content\/uploads\/2021\/12\/06-2-300x200.jpg 300w, https:\/\/marcali.plebania.hu\/wp-content\/uploads\/2021\/12\/06-2-768x512.jpg 768w, https:\/\/marcali.plebania.hu\/wp-content\/uploads\/2021\/12\/06-2-1536x1024.jpg 1536w, https:\/\/marcali.plebania.hu\/wp-content\/uploads\/2021\/12\/06-2-2048x1365.jpg 2048w, https:\/\/marcali.plebania.hu\/wp-content\/uploads\/2021\/12\/06-2-405x270.jpg 405w\" sizes=\"auto, (max-width: 1024px) 100vw, 1024px\" \/><\/figure><\/li><li class=\"blocks-gallery-item\"><figure><img loading=\"lazy\" decoding=\"async\" width=\"1024\" height=\"683\" src=\"https:\/\/marcali.plebania.hu\/wp-content\/uploads\/2021\/12\/11-3-1024x683.jpg\" alt=\"\" data-id=\"3226\" data-link=\"https:\/\/marcali.plebania.hu\/?attachment_id=3226\" class=\"wp-image-3226\" srcset=\"https:\/\/marcali.plebania.hu\/wp-content\/uploads\/2021\/12\/11-3-1024x683.jpg 1024w, https:\/\/marcali.plebania.hu\/wp-content\/uploads\/2021\/12\/11-3-300x200.jpg 300w, https:\/\/marcali.plebania.hu\/wp-content\/uploads\/2021\/12\/11-3-768x512.jpg 768w, https:\/\/marcali.plebania.hu\/wp-content\/uploads\/2021\/12\/11-3-1536x1024.jpg 1536w, https:\/\/marcali.plebania.hu\/wp-content\/uploads\/2021\/12\/11-3-2048x1365.jpg 2048w, https:\/\/marcali.plebania.hu\/wp-content\/uploads\/2021\/12\/11-3-405x270.jpg 405w\" sizes=\"auto, (max-width: 1024px) 100vw, 1024px\" \/><\/figure><\/li><li class=\"blocks-gallery-item\"><figure><img loading=\"lazy\" decoding=\"async\" width=\"1024\" height=\"683\" src=\"https:\/\/marcali.plebania.hu\/wp-content\/uploads\/2021\/12\/10-4-1024x683.jpg\" alt=\"\" data-id=\"3227\" data-full-url=\"https:\/\/marcali.plebania.hu\/wp-content\/uploads\/2021\/12\/10-4-scaled.jpg\" data-link=\"https:\/\/marcali.plebania.hu\/?attachment_id=3227\" class=\"wp-image-3227\" srcset=\"https:\/\/marcali.plebania.hu\/wp-content\/uploads\/2021\/12\/10-4-1024x683.jpg 1024w, https:\/\/marcali.plebania.hu\/wp-content\/uploads\/2021\/12\/10-4-300x200.jpg 300w, https:\/\/marcali.plebania.hu\/wp-content\/uploads\/2021\/12\/10-4-768x512.jpg 768w, https:\/\/marcali.plebania.hu\/wp-content\/uploads\/2021\/12\/10-4-1536x1024.jpg 1536w, https:\/\/marcali.plebania.hu\/wp-content\/uploads\/2021\/12\/10-4-2048x1365.jpg 2048w, https:\/\/marcali.plebania.hu\/wp-content\/uploads\/2021\/12\/10-4-405x270.jpg 405w\" sizes=\"auto, (max-width: 1024px) 100vw, 1024px\" \/><\/figure><\/li><\/ul><\/figure>\n\n\n\n<p>Mivel ebben az \u00e9vben Szent Csal\u00e1d vas\u00e1rnapja egybeesett Kar\u00e1csony m\u00e1snapj\u00e1val, ez\u00e9rt az istentiszteleten Iv\u00e1n atya meg\u00e1ldotta azokat a h\u00e1zasp\u00e1rokat is, akik sz\u00e9p sz\u00e1mmal elj\u00f6ttek erre az \u00fcnnepi alkalomra, hogy a Szent Csal\u00e1d: J\u00e9zus, M\u00e1ria, \u00e9s J\u00f3zsef k\u00f6zbenj\u00e1r\u00e1s\u00e1t, oltalm\u00e1t k\u00e9rj\u00e9k tov\u00e1bbi k\u00f6z\u00f6s \u00e9let\u00fckre.<\/p>\n\n\n\n<figure class=\"wp-block-gallery columns-3 is-cropped wp-block-gallery-3 is-layout-flex wp-block-gallery-is-layout-flex\"><ul class=\"blocks-gallery-grid\"><li class=\"blocks-gallery-item\"><figure><img loading=\"lazy\" decoding=\"async\" width=\"1024\" height=\"683\" src=\"https:\/\/marcali.plebania.hu\/wp-content\/uploads\/2021\/12\/14-2-1024x683.jpg\" alt=\"\" data-id=\"3228\" data-link=\"https:\/\/marcali.plebania.hu\/?attachment_id=3228\" class=\"wp-image-3228\" srcset=\"https:\/\/marcali.plebania.hu\/wp-content\/uploads\/2021\/12\/14-2-1024x683.jpg 1024w, https:\/\/marcali.plebania.hu\/wp-content\/uploads\/2021\/12\/14-2-300x200.jpg 300w, https:\/\/marcali.plebania.hu\/wp-content\/uploads\/2021\/12\/14-2-768x512.jpg 768w, https:\/\/marcali.plebania.hu\/wp-content\/uploads\/2021\/12\/14-2-1536x1024.jpg 1536w, https:\/\/marcali.plebania.hu\/wp-content\/uploads\/2021\/12\/14-2-2048x1365.jpg 2048w, https:\/\/marcali.plebania.hu\/wp-content\/uploads\/2021\/12\/14-2-405x270.jpg 405w\" sizes=\"auto, (max-width: 1024px) 100vw, 1024px\" \/><\/figure><\/li><li class=\"blocks-gallery-item\"><figure><img loading=\"lazy\" decoding=\"async\" width=\"1024\" height=\"683\" src=\"https:\/\/marcali.plebania.hu\/wp-content\/uploads\/2021\/12\/15-3-1024x683.jpg\" alt=\"\" data-id=\"3229\" data-link=\"https:\/\/marcali.plebania.hu\/?attachment_id=3229\" class=\"wp-image-3229\" srcset=\"https:\/\/marcali.plebania.hu\/wp-content\/uploads\/2021\/12\/15-3-1024x683.jpg 1024w, https:\/\/marcali.plebania.hu\/wp-content\/uploads\/2021\/12\/15-3-300x200.jpg 300w, https:\/\/marcali.plebania.hu\/wp-content\/uploads\/2021\/12\/15-3-768x512.jpg 768w, https:\/\/marcali.plebania.hu\/wp-content\/uploads\/2021\/12\/15-3-1536x1024.jpg 1536w, https:\/\/marcali.plebania.hu\/wp-content\/uploads\/2021\/12\/15-3-2048x1365.jpg 2048w, https:\/\/marcali.plebania.hu\/wp-content\/uploads\/2021\/12\/15-3-405x270.jpg 405w\" sizes=\"auto, (max-width: 1024px) 100vw, 1024px\" \/><\/figure><\/li><li class=\"blocks-gallery-item\"><figure><img loading=\"lazy\" decoding=\"async\" width=\"1024\" height=\"683\" src=\"https:\/\/marcali.plebania.hu\/wp-content\/uploads\/2021\/12\/17-1-1024x683.jpg\" alt=\"\" data-id=\"3230\" data-link=\"https:\/\/marcali.plebania.hu\/?attachment_id=3230\" class=\"wp-image-3230\" srcset=\"https:\/\/marcali.plebania.hu\/wp-content\/uploads\/2021\/12\/17-1-1024x683.jpg 1024w, https:\/\/marcali.plebania.hu\/wp-content\/uploads\/2021\/12\/17-1-300x200.jpg 300w, https:\/\/marcali.plebania.hu\/wp-content\/uploads\/2021\/12\/17-1-768x512.jpg 768w, https:\/\/marcali.plebania.hu\/wp-content\/uploads\/2021\/12\/17-1-1536x1024.jpg 1536w, https:\/\/marcali.plebania.hu\/wp-content\/uploads\/2021\/12\/17-1-2048x1365.jpg 2048w, https:\/\/marcali.plebania.hu\/wp-content\/uploads\/2021\/12\/17-1-405x270.jpg 405w\" sizes=\"auto, (max-width: 1024px) 100vw, 1024px\" \/><\/figure><\/li><li class=\"blocks-gallery-item\"><figure><img loading=\"lazy\" decoding=\"async\" width=\"1024\" height=\"683\" src=\"https:\/\/marcali.plebania.hu\/wp-content\/uploads\/2021\/12\/18-3-1024x683.jpg\" alt=\"\" data-id=\"3231\" data-full-url=\"https:\/\/marcali.plebania.hu\/wp-content\/uploads\/2021\/12\/18-3-scaled.jpg\" data-link=\"https:\/\/marcali.plebania.hu\/?attachment_id=3231\" class=\"wp-image-3231\" srcset=\"https:\/\/marcali.plebania.hu\/wp-content\/uploads\/2021\/12\/18-3-1024x683.jpg 1024w, https:\/\/marcali.plebania.hu\/wp-content\/uploads\/2021\/12\/18-3-300x200.jpg 300w, https:\/\/marcali.plebania.hu\/wp-content\/uploads\/2021\/12\/18-3-768x512.jpg 768w, https:\/\/marcali.plebania.hu\/wp-content\/uploads\/2021\/12\/18-3-1536x1024.jpg 1536w, https:\/\/marcali.plebania.hu\/wp-content\/uploads\/2021\/12\/18-3-2048x1365.jpg 2048w, https:\/\/marcali.plebania.hu\/wp-content\/uploads\/2021\/12\/18-3-405x270.jpg 405w\" sizes=\"auto, (max-width: 1024px) 100vw, 1024px\" \/><\/figure><\/li><\/ul><\/figure>\n\n\n\n<p>A korabeli hagyom\u00e1nyokhoz tartozott, hogy a szentmise ut\u00e1n, a templom el\u0151tt, a Boldog II. J\u00e1nos P\u00e1l p\u00e1pa t\u00e9ren a forralt bort is meg\u00e1ldj\u00e1k, sajnos a v\u00edrushelyzet megl\u00e9te miatt ett\u0151l a trad\u00edci\u00f3t\u00f3l az id\u00e9n is el kellett tekinteni.<\/p>\n\n\n\n<figure class=\"wp-block-gallery columns-3 is-cropped wp-block-gallery-4 is-layout-flex wp-block-gallery-is-layout-flex\"><ul class=\"blocks-gallery-grid\"><li class=\"blocks-gallery-item\"><figure><img loading=\"lazy\" decoding=\"async\" width=\"1024\" height=\"683\" src=\"https:\/\/marcali.plebania.hu\/wp-content\/uploads\/2021\/12\/20-2-1024x683.jpg\" alt=\"\" data-id=\"3232\" data-link=\"https:\/\/marcali.plebania.hu\/?attachment_id=3232\" class=\"wp-image-3232\" srcset=\"https:\/\/marcali.plebania.hu\/wp-content\/uploads\/2021\/12\/20-2-1024x683.jpg 1024w, https:\/\/marcali.plebania.hu\/wp-content\/uploads\/2021\/12\/20-2-300x200.jpg 300w, https:\/\/marcali.plebania.hu\/wp-content\/uploads\/2021\/12\/20-2-768x512.jpg 768w, https:\/\/marcali.plebania.hu\/wp-content\/uploads\/2021\/12\/20-2-1536x1024.jpg 1536w, https:\/\/marcali.plebania.hu\/wp-content\/uploads\/2021\/12\/20-2-2048x1365.jpg 2048w, https:\/\/marcali.plebania.hu\/wp-content\/uploads\/2021\/12\/20-2-405x270.jpg 405w\" sizes=\"auto, (max-width: 1024px) 100vw, 1024px\" \/><\/figure><\/li><li class=\"blocks-gallery-item\"><figure><img loading=\"lazy\" decoding=\"async\" width=\"1024\" height=\"683\" src=\"https:\/\/marcali.plebania.hu\/wp-content\/uploads\/2021\/12\/21-1-1024x683.jpg\" alt=\"\" data-id=\"3233\" data-link=\"https:\/\/marcali.plebania.hu\/?attachment_id=3233\" class=\"wp-image-3233\" srcset=\"https:\/\/marcali.plebania.hu\/wp-content\/uploads\/2021\/12\/21-1-1024x683.jpg 1024w, https:\/\/marcali.plebania.hu\/wp-content\/uploads\/2021\/12\/21-1-300x200.jpg 300w, https:\/\/marcali.plebania.hu\/wp-content\/uploads\/2021\/12\/21-1-768x512.jpg 768w, https:\/\/marcali.plebania.hu\/wp-content\/uploads\/2021\/12\/21-1-1536x1024.jpg 1536w, https:\/\/marcali.plebania.hu\/wp-content\/uploads\/2021\/12\/21-1-2048x1365.jpg 2048w, https:\/\/marcali.plebania.hu\/wp-content\/uploads\/2021\/12\/21-1-405x270.jpg 405w\" sizes=\"auto, (max-width: 1024px) 100vw, 1024px\" \/><\/figure><\/li><li class=\"blocks-gallery-item\"><figure><img loading=\"lazy\" decoding=\"async\" width=\"1024\" height=\"683\" src=\"https:\/\/marcali.plebania.hu\/wp-content\/uploads\/2021\/12\/23-1-1024x683.jpg\" alt=\"\" data-id=\"3234\" data-link=\"https:\/\/marcali.plebania.hu\/?attachment_id=3234\" class=\"wp-image-3234\" srcset=\"https:\/\/marcali.plebania.hu\/wp-content\/uploads\/2021\/12\/23-1-1024x683.jpg 1024w, https:\/\/marcali.plebania.hu\/wp-content\/uploads\/2021\/12\/23-1-300x200.jpg 300w, https:\/\/marcali.plebania.hu\/wp-content\/uploads\/2021\/12\/23-1-768x512.jpg 768w, https:\/\/marcali.plebania.hu\/wp-content\/uploads\/2021\/12\/23-1-1536x1024.jpg 1536w, https:\/\/marcali.plebania.hu\/wp-content\/uploads\/2021\/12\/23-1-2048x1365.jpg 2048w, https:\/\/marcali.plebania.hu\/wp-content\/uploads\/2021\/12\/23-1-405x270.jpg 405w\" sizes=\"auto, (max-width: 1024px) 100vw, 1024px\" \/><\/figure><\/li><li class=\"blocks-gallery-item\"><figure><img loading=\"lazy\" decoding=\"async\" width=\"1024\" height=\"683\" src=\"https:\/\/marcali.plebania.hu\/wp-content\/uploads\/2021\/12\/22-3-1024x683.jpg\" alt=\"\" data-id=\"3235\" data-full-url=\"https:\/\/marcali.plebania.hu\/wp-content\/uploads\/2021\/12\/22-3-scaled.jpg\" data-link=\"https:\/\/marcali.plebania.hu\/?attachment_id=3235\" class=\"wp-image-3235\" srcset=\"https:\/\/marcali.plebania.hu\/wp-content\/uploads\/2021\/12\/22-3-1024x683.jpg 1024w, https:\/\/marcali.plebania.hu\/wp-content\/uploads\/2021\/12\/22-3-300x200.jpg 300w, https:\/\/marcali.plebania.hu\/wp-content\/uploads\/2021\/12\/22-3-768x512.jpg 768w, https:\/\/marcali.plebania.hu\/wp-content\/uploads\/2021\/12\/22-3-1536x1024.jpg 1536w, https:\/\/marcali.plebania.hu\/wp-content\/uploads\/2021\/12\/22-3-2048x1365.jpg 2048w, https:\/\/marcali.plebania.hu\/wp-content\/uploads\/2021\/12\/22-3-405x270.jpg 405w\" sizes=\"auto, (max-width: 1024px) 100vw, 1024px\" \/><\/figure><\/li><\/ul><\/figure>\n\n\n\n<p>Az istentiszteleten k\u00f6zrem\u0171k\u00f6d\u00f6tt Puszta S\u00e1ndor: Betlehemi \u00e9j c\u00edm\u0171 vers\u00e9vel T\u00f3th Eszter \u00c1gnes gimnazista, Balogh B\u00e1lint k\u00e1ntor \u00e9s a F\u00e9ny Gyermekei Zenekar.<\/p>\n\n\n\n<figure class=\"wp-block-gallery columns-3 is-cropped wp-block-gallery-5 is-layout-flex wp-block-gallery-is-layout-flex\"><ul class=\"blocks-gallery-grid\"><li class=\"blocks-gallery-item\"><figure><img loading=\"lazy\" decoding=\"async\" width=\"1024\" height=\"683\" src=\"https:\/\/marcali.plebania.hu\/wp-content\/uploads\/2021\/12\/24-2-1024x683.jpg\" alt=\"\" data-id=\"3236\" data-link=\"https:\/\/marcali.plebania.hu\/?attachment_id=3236\" class=\"wp-image-3236\" srcset=\"https:\/\/marcali.plebania.hu\/wp-content\/uploads\/2021\/12\/24-2-1024x683.jpg 1024w, https:\/\/marcali.plebania.hu\/wp-content\/uploads\/2021\/12\/24-2-300x200.jpg 300w, https:\/\/marcali.plebania.hu\/wp-content\/uploads\/2021\/12\/24-2-768x512.jpg 768w, https:\/\/marcali.plebania.hu\/wp-content\/uploads\/2021\/12\/24-2-1536x1024.jpg 1536w, https:\/\/marcali.plebania.hu\/wp-content\/uploads\/2021\/12\/24-2-2048x1365.jpg 2048w, https:\/\/marcali.plebania.hu\/wp-content\/uploads\/2021\/12\/24-2-405x270.jpg 405w\" sizes=\"auto, (max-width: 1024px) 100vw, 1024px\" \/><\/figure><\/li><li class=\"blocks-gallery-item\"><figure><img loading=\"lazy\" decoding=\"async\" width=\"1024\" height=\"683\" src=\"https:\/\/marcali.plebania.hu\/wp-content\/uploads\/2021\/12\/25-2-1024x683.jpg\" alt=\"\" data-id=\"3237\" data-link=\"https:\/\/marcali.plebania.hu\/?attachment_id=3237\" class=\"wp-image-3237\" srcset=\"https:\/\/marcali.plebania.hu\/wp-content\/uploads\/2021\/12\/25-2-1024x683.jpg 1024w, https:\/\/marcali.plebania.hu\/wp-content\/uploads\/2021\/12\/25-2-300x200.jpg 300w, https:\/\/marcali.plebania.hu\/wp-content\/uploads\/2021\/12\/25-2-768x512.jpg 768w, https:\/\/marcali.plebania.hu\/wp-content\/uploads\/2021\/12\/25-2-1536x1024.jpg 1536w, https:\/\/marcali.plebania.hu\/wp-content\/uploads\/2021\/12\/25-2-2048x1365.jpg 2048w, https:\/\/marcali.plebania.hu\/wp-content\/uploads\/2021\/12\/25-2-405x270.jpg 405w\" sizes=\"auto, (max-width: 1024px) 100vw, 1024px\" \/><\/figure><\/li><li class=\"blocks-gallery-item\"><figure><img loading=\"lazy\" decoding=\"async\" width=\"1024\" height=\"683\" src=\"https:\/\/marcali.plebania.hu\/wp-content\/uploads\/2021\/12\/26-1-1024x683.jpg\" alt=\"\" data-id=\"3238\" data-link=\"https:\/\/marcali.plebania.hu\/?attachment_id=3238\" class=\"wp-image-3238\" srcset=\"https:\/\/marcali.plebania.hu\/wp-content\/uploads\/2021\/12\/26-1-1024x683.jpg 1024w, https:\/\/marcali.plebania.hu\/wp-content\/uploads\/2021\/12\/26-1-300x200.jpg 300w, https:\/\/marcali.plebania.hu\/wp-content\/uploads\/2021\/12\/26-1-768x512.jpg 768w, https:\/\/marcali.plebania.hu\/wp-content\/uploads\/2021\/12\/26-1-1536x1024.jpg 1536w, https:\/\/marcali.plebania.hu\/wp-content\/uploads\/2021\/12\/26-1-2048x1365.jpg 2048w, https:\/\/marcali.plebania.hu\/wp-content\/uploads\/2021\/12\/26-1-405x270.jpg 405w\" sizes=\"auto, (max-width: 1024px) 100vw, 1024px\" \/><\/figure><\/li><li class=\"blocks-gallery-item\"><figure><img loading=\"lazy\" decoding=\"async\" width=\"1024\" height=\"683\" src=\"https:\/\/marcali.plebania.hu\/wp-content\/uploads\/2021\/12\/29-2-1024x683.jpg\" alt=\"\" data-id=\"3239\" data-full-url=\"https:\/\/marcali.plebania.hu\/wp-content\/uploads\/2021\/12\/29-2-scaled.jpg\" data-link=\"https:\/\/marcali.plebania.hu\/?attachment_id=3239\" class=\"wp-image-3239\" srcset=\"https:\/\/marcali.plebania.hu\/wp-content\/uploads\/2021\/12\/29-2-1024x683.jpg 1024w, https:\/\/marcali.plebania.hu\/wp-content\/uploads\/2021\/12\/29-2-300x200.jpg 300w, https:\/\/marcali.plebania.hu\/wp-content\/uploads\/2021\/12\/29-2-768x512.jpg 768w, https:\/\/marcali.plebania.hu\/wp-content\/uploads\/2021\/12\/29-2-1536x1024.jpg 1536w, https:\/\/marcali.plebania.hu\/wp-content\/uploads\/2021\/12\/29-2-2048x1365.jpg 2048w, https:\/\/marcali.plebania.hu\/wp-content\/uploads\/2021\/12\/29-2-405x270.jpg 405w\" sizes=\"auto, (max-width: 1024px) 100vw, 1024px\" \/><\/figure><\/li><\/ul><\/figure>\n","protected":false},"excerpt":{"rendered":"<p>2021. december 26-\u00e1n, Szent Csal\u00e1d vas\u00e1rnapj\u00e1n, a 9 \u00f3r\u00e1s szentmis\u00e9n Kiss Iv\u00e1n c. pr\u00e9post, pl\u00e9b\u00e1nos az id\u00e9n is meg\u00e1ldotta el\u0151sz\u00f6r az \u00faj borokat, majd a jelenl\u00e9v\u0151 h\u00e1zasp\u00e1rokat a Marcali Gy\u00fcm\u00f6lcsolt\u00f3 Boldogasszony pl\u00e9b\u00e1niatemplomban. A sz\u0151l\u0151sgazd\u00e1k \u00e9s a bortermel\u0151k \u2013 hossz\u00fa \u00e9vek \u00f3ta \u2013 minden \u00e9vben, kar\u00e1csony m\u00e1snapj\u00e1n magukkal hoznak az \u00faj term\u00e9sb\u0151l, fajt\u00e1nk\u00e9nt egy-egy palack bort a templomba, hogy az \u00e1ltaluk megtermelt k\u00fcl\u00f6nf\u00e9le ned\u0171ikre az \u00e9ves munk\u00e1juk lez\u00e1r\u00e1sak\u00e9nt egyh\u00e1zi \u00e1ld\u00e1st k\u00e9rjenek. Mivel ebben az \u00e9vben Szent Csal\u00e1d vas\u00e1rnapja egybeesett Kar\u00e1csony m\u00e1snapj\u00e1val,&#8230;<\/p>\n<p class=\"read-more\"><a class=\"btn btn-default\" href=\"https:\/\/marcali.plebania.hu\/?p=3219\"> Read More<span class=\"screen-reader-text\">  Read More<\/span><\/a><\/p>\n","protected":false},"author":2,"featured_media":0,"comment_status":"closed","ping_status":"open","sticky":false,"template":"","format":"standard","meta":{"footnotes":""},"categories":[1],"tags":[],"class_list":["post-3219","post","type-post","status-publish","format-standard","hentry","category-egyeb"],"_links":{"self":[{"href":"https:\/\/marcali.plebania.hu\/index.php?rest_route=\/wp\/v2\/posts\/3219","targetHints":{"allow":["GET"]}}],"collection":[{"href":"https:\/\/marcali.plebania.hu\/index.php?rest_route=\/wp\/v2\/posts"}],"about":[{"href":"https:\/\/marcali.plebania.hu\/index.php?rest_route=\/wp\/v2\/types\/post"}],"author":[{"embeddable":true,"href":"https:\/\/marcali.plebania.hu\/index.php?rest_route=\/wp\/v2\/users\/2"}],"replies":[{"embeddable":true,"href":"https:\/\/marcali.plebania.hu\/index.php?rest_route=%2Fwp%2Fv2%2Fcomments&post=3219"}],"version-history":[{"count":1,"href":"https:\/\/marcali.plebania.hu\/index.php?rest_route=\/wp\/v2\/posts\/3219\/revisions"}],"predecessor-version":[{"id":3240,"href":"https:\/\/marcali.plebania.hu\/index.php?rest_route=\/wp\/v2\/posts\/3219\/revisions\/3240"}],"wp:attachment":[{"href":"https:\/\/marcali.plebania.hu\/index.php?rest_route=%2Fwp%2Fv2%2Fmedia&parent=3219"}],"wp:term":[{"taxonomy":"category","embeddable":true,"href":"https:\/\/marcali.plebania.hu\/index.php?rest_route=%2Fwp%2Fv2%2Fcategories&post=3219"},{"taxonomy":"post_tag","embeddable":true,"href":"https:\/\/marcali.plebania.hu\/index.php?rest_route=%2Fwp%2Fv2%2Ftags&post=3219"}],"curies":[{"name":"wp","href":"https:\/\/api.w.org\/{rel}","templated":true}]}}