{"id":3241,"date":"2021-12-31T09:47:02","date_gmt":"2021-12-31T09:47:02","guid":{"rendered":"https:\/\/marcali.plebania.hu\/?p=3241"},"modified":"2021-12-31T09:47:02","modified_gmt":"2021-12-31T09:47:02","slug":"hirdetesek-2022-01-01","status":"publish","type":"post","link":"https:\/\/marcali.plebania.hu\/?p=3241","title":{"rendered":"Hirdet\u00e9sek, 2022. 01. 01."},"content":{"rendered":"\n<ol class=\"wp-block-list\"><li>Ma\n\u00daj\u00e9v \u00fcnnepe (Kar\u00e1csony m\u00e1sodik vas\u00e1rnapja).<\/li><li>A\nh\u00e9ten V\u00edzkereszt \u00fcnnepe, parancsolt \u00fcnnep. Szentmis\u00e9k a pl\u00e9b\u00e1niatemplomban,\nszerd\u00e1n 17 \u00f3rakor v\u00edzkereszt el\u0151esti szentmise, cs\u00fct\u00f6rt\u00f6k\u00f6n, v\u00edzkereszt napj\u00e1n\n10 \u00f3rakor a pl\u00e9b\u00e1niatemplomban. A v\u00edzszentel\u00e9s mindk\u00e9t alkalommal lesz.<\/li><li>P\u00e9nteken,\nels\u0151 p\u00e9ntek, 16.30-t\u00f3l gy\u00f3ntat\u00e1s, szents\u00e9gim\u00e1d\u00e1s, 17 \u00f3rakor szentmise.<\/li><li>Szombaton\nbontjuk le szabadt\u00e9ri betlehem\u00fcnket. A munk\u00e1t 9 \u00f3rakor kezdj\u00fck, melyhez\ntetter\u0151s f\u00e9rfiak seg\u00edts\u00e9g\u00e9t k\u00e9rj\u00fck.<\/li><li>Az\nidei \u00e9vben emelkedett az \u00daj Ember \u00e1ra 270- Ft-ra, az Adoremus pedig 890- Ft-ra.<\/li><\/ol>\n","protected":false},"excerpt":{"rendered":"<p>Ma \u00daj\u00e9v \u00fcnnepe (Kar\u00e1csony m\u00e1sodik vas\u00e1rnapja). A h\u00e9ten V\u00edzkereszt \u00fcnnepe, parancsolt \u00fcnnep. Szentmis\u00e9k a pl\u00e9b\u00e1niatemplomban, szerd\u00e1n 17 \u00f3rakor v\u00edzkereszt el\u0151esti szentmise, cs\u00fct\u00f6rt\u00f6k\u00f6n, v\u00edzkereszt napj\u00e1n 10 \u00f3rakor a pl\u00e9b\u00e1niatemplomban. A v\u00edzszentel\u00e9s mindk\u00e9t alkalommal lesz. P\u00e9nteken, els\u0151 p\u00e9ntek, 16.30-t\u00f3l gy\u00f3ntat\u00e1s, szents\u00e9gim\u00e1d\u00e1s, 17 \u00f3rakor szentmise. Szombaton bontjuk le szabadt\u00e9ri betlehem\u00fcnket. A munk\u00e1t 9 \u00f3rakor kezdj\u00fck, melyhez tetter\u0151s f\u00e9rfiak seg\u00edts\u00e9g\u00e9t k\u00e9rj\u00fck. Az idei \u00e9vben emelkedett az \u00daj Ember \u00e1ra 270- Ft-ra, az Adoremus pedig 890- Ft-ra.<\/p>\n","protected":false},"author":2,"featured_media":0,"comment_status":"closed","ping_status":"open","sticky":false,"template":"","format":"standard","meta":{"footnotes":""},"categories":[1],"tags":[],"class_list":["post-3241","post","type-post","status-publish","format-standard","hentry","category-egyeb"],"_links":{"self":[{"href":"https:\/\/marcali.plebania.hu\/index.php?rest_route=\/wp\/v2\/posts\/3241","targetHints":{"allow":["GET"]}}],"collection":[{"href":"https:\/\/marcali.plebania.hu\/index.php?rest_route=\/wp\/v2\/posts"}],"about":[{"href":"https:\/\/marcali.plebania.hu\/index.php?rest_route=\/wp\/v2\/types\/post"}],"author":[{"embeddable":true,"href":"https:\/\/marcali.plebania.hu\/index.php?rest_route=\/wp\/v2\/users\/2"}],"replies":[{"embeddable":true,"href":"https:\/\/marcali.plebania.hu\/index.php?rest_route=%2Fwp%2Fv2%2Fcomments&post=3241"}],"version-history":[{"count":1,"href":"https:\/\/marcali.plebania.hu\/index.php?rest_route=\/wp\/v2\/posts\/3241\/revisions"}],"predecessor-version":[{"id":3242,"href":"https:\/\/marcali.plebania.hu\/index.php?rest_route=\/wp\/v2\/posts\/3241\/revisions\/3242"}],"wp:attachment":[{"href":"https:\/\/marcali.plebania.hu\/index.php?rest_route=%2Fwp%2Fv2%2Fmedia&parent=3241"}],"wp:term":[{"taxonomy":"category","embeddable":true,"href":"https:\/\/marcali.plebania.hu\/index.php?rest_route=%2Fwp%2Fv2%2Fcategories&post=3241"},{"taxonomy":"post_tag","embeddable":true,"href":"https:\/\/marcali.plebania.hu\/index.php?rest_route=%2Fwp%2Fv2%2Ftags&post=3241"}],"curies":[{"name":"wp","href":"https:\/\/api.w.org\/{rel}","templated":true}]}}