{"id":3243,"date":"2022-01-07T08:43:05","date_gmt":"2022-01-07T08:43:05","guid":{"rendered":"https:\/\/marcali.plebania.hu\/?p=3243"},"modified":"2022-01-07T08:43:05","modified_gmt":"2022-01-07T08:43:05","slug":"hirdetesek-2022-01-09","status":"publish","type":"post","link":"https:\/\/marcali.plebania.hu\/?p=3243","title":{"rendered":"Hirdet\u00e9sek, 2022. 01. 09."},"content":{"rendered":"\n<ol class=\"wp-block-list\"><li>Ma\nUrunk megkeresztelked\u00e9s\u00e9nek vas\u00e1rnapja van, ami egyben az \u00e9vk\u00f6zi 1. vas\u00e1rnap\nis. A mai vas\u00e1rnapon megkezd\u0151dik az \u00e9vk\u00f6zi vas\u00e1rnapok sora, aminek els\u0151 r\u00e9sze a\nhamvaz\u00f3szerda el\u0151tti id\u0151szak. (Az id\u00e9n m\u00e1rcius 2-\u00e1n.)<\/li><li>Megkezd\u0151dik\na farsang id\u0151szaka, id\u00e9n a j\u00e1rv\u00e1ny miatt a katolikus b\u00e1l \u00e9s a gyermekfarsang is\nelmarad.<\/li><li>Am\u00edg\nnem kapunk \u00faj j\u00e1rv\u00e1ny\u00fcgyi el\u0151\u00edr\u00e1sokat, addig marad a templomokban k\u00f6telez\u0151\nviselet, a maszk.<\/li><li>J\u00f6v\u0151\nh\u00e9ten, p\u00e9nteken 16 \u00f3rakor tartjuk meg a fatimai ima\u00f3r\u00e1t, a szents\u00e9gim\u00e1d\u00e1ssal\negy\u00fctt a pl\u00e9b\u00e1niatemplomban, 17 \u00f3rakor szentmise.<\/li><li>K\u00f6sz\u00f6nj\u00fck\nazok munk\u00e1j\u00e1t, akik r\u00e9szt vettek a k\u00fclt\u00e9ri betlehem \u00e9s az \u00e1dventi koszor\u00fa\nlebont\u00e1s\u00e1ban.<\/li><\/ol>\n","protected":false},"excerpt":{"rendered":"<p>Ma Urunk megkeresztelked\u00e9s\u00e9nek vas\u00e1rnapja van, ami egyben az \u00e9vk\u00f6zi 1. vas\u00e1rnap is. A mai vas\u00e1rnapon megkezd\u0151dik az \u00e9vk\u00f6zi vas\u00e1rnapok sora, aminek els\u0151 r\u00e9sze a hamvaz\u00f3szerda el\u0151tti id\u0151szak. (Az id\u00e9n m\u00e1rcius 2-\u00e1n.) Megkezd\u0151dik a farsang id\u0151szaka, id\u00e9n a j\u00e1rv\u00e1ny miatt a katolikus b\u00e1l \u00e9s a gyermekfarsang is elmarad. Am\u00edg nem kapunk \u00faj j\u00e1rv\u00e1ny\u00fcgyi el\u0151\u00edr\u00e1sokat, addig marad a templomokban k\u00f6telez\u0151 viselet, a maszk. J\u00f6v\u0151 h\u00e9ten, p\u00e9nteken 16 \u00f3rakor tartjuk meg a fatimai ima\u00f3r\u00e1t, a szents\u00e9gim\u00e1d\u00e1ssal egy\u00fctt a pl\u00e9b\u00e1niatemplomban, 17 \u00f3rakor szentmise. K\u00f6sz\u00f6nj\u00fck&#8230;<\/p>\n<p class=\"read-more\"><a class=\"btn btn-default\" href=\"https:\/\/marcali.plebania.hu\/?p=3243\"> Read More<span class=\"screen-reader-text\">  Read More<\/span><\/a><\/p>\n","protected":false},"author":2,"featured_media":0,"comment_status":"closed","ping_status":"open","sticky":false,"template":"","format":"standard","meta":{"footnotes":""},"categories":[1],"tags":[],"class_list":["post-3243","post","type-post","status-publish","format-standard","hentry","category-egyeb"],"_links":{"self":[{"href":"https:\/\/marcali.plebania.hu\/index.php?rest_route=\/wp\/v2\/posts\/3243","targetHints":{"allow":["GET"]}}],"collection":[{"href":"https:\/\/marcali.plebania.hu\/index.php?rest_route=\/wp\/v2\/posts"}],"about":[{"href":"https:\/\/marcali.plebania.hu\/index.php?rest_route=\/wp\/v2\/types\/post"}],"author":[{"embeddable":true,"href":"https:\/\/marcali.plebania.hu\/index.php?rest_route=\/wp\/v2\/users\/2"}],"replies":[{"embeddable":true,"href":"https:\/\/marcali.plebania.hu\/index.php?rest_route=%2Fwp%2Fv2%2Fcomments&post=3243"}],"version-history":[{"count":1,"href":"https:\/\/marcali.plebania.hu\/index.php?rest_route=\/wp\/v2\/posts\/3243\/revisions"}],"predecessor-version":[{"id":3244,"href":"https:\/\/marcali.plebania.hu\/index.php?rest_route=\/wp\/v2\/posts\/3243\/revisions\/3244"}],"wp:attachment":[{"href":"https:\/\/marcali.plebania.hu\/index.php?rest_route=%2Fwp%2Fv2%2Fmedia&parent=3243"}],"wp:term":[{"taxonomy":"category","embeddable":true,"href":"https:\/\/marcali.plebania.hu\/index.php?rest_route=%2Fwp%2Fv2%2Fcategories&post=3243"},{"taxonomy":"post_tag","embeddable":true,"href":"https:\/\/marcali.plebania.hu\/index.php?rest_route=%2Fwp%2Fv2%2Ftags&post=3243"}],"curies":[{"name":"wp","href":"https:\/\/api.w.org\/{rel}","templated":true}]}}