{"id":3256,"date":"2022-01-14T10:30:12","date_gmt":"2022-01-14T10:30:12","guid":{"rendered":"https:\/\/marcali.plebania.hu\/?p=3256"},"modified":"2022-01-14T10:30:12","modified_gmt":"2022-01-14T10:30:12","slug":"hirdetesek-2022-01-16","status":"publish","type":"post","link":"https:\/\/marcali.plebania.hu\/?p=3256","title":{"rendered":"Hirdet\u00e9sek, 2022. 01. 16."},"content":{"rendered":"\n<ol class=\"wp-block-list\"><li>Ma\nvan az \u00e9vk\u00f6zi 2. vas\u00e1rnap.<\/li><li>P\u00e9nteken\n16.15 \u00f3rakor a lelki adopt\u00e1l\u00e1s lez\u00e1r\u00e1sa lesz, 16.30-kor szents\u00e9gim\u00e1d\u00e1s, 17\n\u00f3rakor szentmise.<\/li><li>A\nh\u00e9ten tart az imah\u00e9t a krisztush\u00edv\u0151k egys\u00e9g\u00e9\u00e9rt. A j\u00e1rv\u00e1nyhelyzet miatt csak\n\u00f6kumenikus istentiszteletet tartunk a pl\u00e9b\u00e1niatemplomban. J\u00f6v\u0151 vas\u00e1rnap (janu\u00e1r\n23-\u00e9n) \u00f6kumenikus istentisztelet lesz, melyen a besz\u00e9det Fazekas Kriszti\u00e1n\n\u00c1rp\u00e1d reform\u00e1tus lelkip\u00e1sztor mondja. Az imah\u00e9t jelmondata: \u201eL\u00e1ttuk az \u0150\ncsillag\u00e1t napkeleten, \u00e9s elj\u00f6tt\u00fcnk, hogy im\u00e1djuk \u0150t.\u201d (Mt 2,2)<\/li><li>Nagy\n\u00f6r\u00f6mmel tudatjuk, hogy id\u00e9n 300 \u00e9ves a Marcali Pl\u00e9b\u00e1nia. 300 \u00e9vvel ezel\u0151tt\nZ\u00e1dori Mih\u00e1ly veszpr\u00e9mi nagypr\u00e9post alap\u00edtotta meg a Marcali Pl\u00e9b\u00e1ni\u00e1t, ahova\npapot m\u00e9g k\u00fcldeni nem tudott, \u00edgy egy licenci\u00e1tust, Patk\u00f3 Istv\u00e1nt b\u00edzta meg a\nlelkip\u00e1sztori feladatok ell\u00e1t\u00e1s\u00e1val. (Ez megfelel a mostani akolitus\nmunkak\u00f6r\u00e9nek.) Szeretn\u00e9nk a h\u00edveket k\u00e9rni, hogy egy\u00fctt \u00fcnnepelj\u00fck meg ezt a\nneves \u00e9vfordul\u00f3t, v\u00e1rjuk \u00f6tleteiket, javaslataikat a m\u00e9lt\u00f3 meg\u00fcnnepl\u00e9sre. A\nhittanos gyermekeinket is szeretn\u00e9nk bekapcsolni az \u00fcnneps\u00e9gsorozatba. Szeretn\u00e9nk,\nha a h\u00edveink megismern\u00e9k ennek a 300 \u00e9vnek a t\u00f6rt\u00e9net\u00e9t.<\/li><\/ol>\n","protected":false},"excerpt":{"rendered":"<p>Ma van az \u00e9vk\u00f6zi 2. vas\u00e1rnap. P\u00e9nteken 16.15 \u00f3rakor a lelki adopt\u00e1l\u00e1s lez\u00e1r\u00e1sa lesz, 16.30-kor szents\u00e9gim\u00e1d\u00e1s, 17 \u00f3rakor szentmise. A h\u00e9ten tart az imah\u00e9t a krisztush\u00edv\u0151k egys\u00e9g\u00e9\u00e9rt. A j\u00e1rv\u00e1nyhelyzet miatt csak \u00f6kumenikus istentiszteletet tartunk a pl\u00e9b\u00e1niatemplomban. J\u00f6v\u0151 vas\u00e1rnap (janu\u00e1r 23-\u00e9n) \u00f6kumenikus istentisztelet lesz, melyen a besz\u00e9det Fazekas Kriszti\u00e1n \u00c1rp\u00e1d reform\u00e1tus lelkip\u00e1sztor mondja. Az imah\u00e9t jelmondata: \u201eL\u00e1ttuk az \u0150 csillag\u00e1t napkeleten, \u00e9s elj\u00f6tt\u00fcnk, hogy im\u00e1djuk \u0150t.\u201d (Mt 2,2) Nagy \u00f6r\u00f6mmel tudatjuk, hogy id\u00e9n 300 \u00e9ves a Marcali Pl\u00e9b\u00e1nia. 300 \u00e9vvel ezel\u0151tt&#8230;<\/p>\n<p class=\"read-more\"><a class=\"btn btn-default\" href=\"https:\/\/marcali.plebania.hu\/?p=3256\"> Read More<span class=\"screen-reader-text\">  Read More<\/span><\/a><\/p>\n","protected":false},"author":2,"featured_media":0,"comment_status":"closed","ping_status":"open","sticky":false,"template":"","format":"standard","meta":{"footnotes":""},"categories":[1],"tags":[],"class_list":["post-3256","post","type-post","status-publish","format-standard","hentry","category-egyeb"],"_links":{"self":[{"href":"https:\/\/marcali.plebania.hu\/index.php?rest_route=\/wp\/v2\/posts\/3256","targetHints":{"allow":["GET"]}}],"collection":[{"href":"https:\/\/marcali.plebania.hu\/index.php?rest_route=\/wp\/v2\/posts"}],"about":[{"href":"https:\/\/marcali.plebania.hu\/index.php?rest_route=\/wp\/v2\/types\/post"}],"author":[{"embeddable":true,"href":"https:\/\/marcali.plebania.hu\/index.php?rest_route=\/wp\/v2\/users\/2"}],"replies":[{"embeddable":true,"href":"https:\/\/marcali.plebania.hu\/index.php?rest_route=%2Fwp%2Fv2%2Fcomments&post=3256"}],"version-history":[{"count":1,"href":"https:\/\/marcali.plebania.hu\/index.php?rest_route=\/wp\/v2\/posts\/3256\/revisions"}],"predecessor-version":[{"id":3257,"href":"https:\/\/marcali.plebania.hu\/index.php?rest_route=\/wp\/v2\/posts\/3256\/revisions\/3257"}],"wp:attachment":[{"href":"https:\/\/marcali.plebania.hu\/index.php?rest_route=%2Fwp%2Fv2%2Fmedia&parent=3256"}],"wp:term":[{"taxonomy":"category","embeddable":true,"href":"https:\/\/marcali.plebania.hu\/index.php?rest_route=%2Fwp%2Fv2%2Fcategories&post=3256"},{"taxonomy":"post_tag","embeddable":true,"href":"https:\/\/marcali.plebania.hu\/index.php?rest_route=%2Fwp%2Fv2%2Ftags&post=3256"}],"curies":[{"name":"wp","href":"https:\/\/api.w.org\/{rel}","templated":true}]}}