{"id":3258,"date":"2022-01-16T09:57:07","date_gmt":"2022-01-16T09:57:07","guid":{"rendered":"https:\/\/marcali.plebania.hu\/?p=3258"},"modified":"2022-01-16T09:57:07","modified_gmt":"2022-01-16T09:57:07","slug":"1722-2022-300-eves-a-marcali-romai-katolikus-plebania-es-az-egyhazkozseg","status":"publish","type":"post","link":"https:\/\/marcali.plebania.hu\/?p=3258","title":{"rendered":"1722-2022: 300 \u00e9ves a Marcali R\u00f3mai Katolikus Pl\u00e9b\u00e1nia \u00e9s az Egyh\u00e1zk\u00f6zs\u00e9g"},"content":{"rendered":"\n<figure class=\"wp-block-gallery columns-1 is-cropped wp-block-gallery-1 is-layout-flex wp-block-gallery-is-layout-flex\"><ul class=\"blocks-gallery-grid\"><li class=\"blocks-gallery-item\"><figure><img loading=\"lazy\" decoding=\"async\" width=\"1024\" height=\"678\" src=\"https:\/\/marcali.plebania.hu\/wp-content\/uploads\/2022\/01\/DSC_0092-1024x678.jpg\" alt=\"\" data-id=\"3259\" data-full-url=\"https:\/\/marcali.plebania.hu\/wp-content\/uploads\/2022\/01\/DSC_0092-scaled.jpg\" data-link=\"https:\/\/marcali.plebania.hu\/?attachment_id=3259\" class=\"wp-image-3259\" srcset=\"https:\/\/marcali.plebania.hu\/wp-content\/uploads\/2022\/01\/DSC_0092-1024x678.jpg 1024w, https:\/\/marcali.plebania.hu\/wp-content\/uploads\/2022\/01\/DSC_0092-300x199.jpg 300w, https:\/\/marcali.plebania.hu\/wp-content\/uploads\/2022\/01\/DSC_0092-768x509.jpg 768w, https:\/\/marcali.plebania.hu\/wp-content\/uploads\/2022\/01\/DSC_0092-1536x1017.jpg 1536w, https:\/\/marcali.plebania.hu\/wp-content\/uploads\/2022\/01\/DSC_0092-2048x1356.jpg 2048w, https:\/\/marcali.plebania.hu\/wp-content\/uploads\/2022\/01\/DSC_0092-408x270.jpg 408w\" sizes=\"auto, (max-width: 1024px) 100vw, 1024px\" \/><\/figure><\/li><\/ul><\/figure>\n\n\n\n<p>Marcalit,\nmint telep\u00fcl\u00e9st 1274-ben eml\u00edti egy okirat. Els\u0151, n\u00e9v szerint ismert\npl\u00e9b\u00e1nos\u00e1t, Istv\u00e1nt egy 1333-1334-es p\u00e1pai tizedjegyz\u00e9kb\u0151l ismerj\u00fck. \u00cdgy, a\ntemplom \u00e9s a pl\u00e9b\u00e1nia alap\u00edt\u00e1s\u00e1nak ideje a XIII. sz\u00e1zad v\u00e9g\u00e9re vagy a XIV.\nsz\u00e1zad elej\u00e9re tehet\u0151. A marcali pl\u00e9b\u00e1niatemplom els\u0151 \u00edr\u00e1sos eml\u00edt\u00e9se 1404-b\u0151l\nval\u00f3. A telep\u00fcl\u00e9s egy 1448-ban kelt okiratban m\u00e1r oppidumk\u00e9nt (mez\u0151v\u00e1ros)\nszerepel. A Szent Anianus (\u00c1nyos) tisztelet\u00e9re szentelt pl\u00e9b\u00e1niatemplom\u00e1r\u00f3l egy\n1455-ben \u00edrt okirat tesz eml\u00edt\u00e9st.<\/p>\n\n\n\n<p>A\nmarcali pl\u00e9b\u00e1nia \u00e9s egyh\u00e1zk\u00f6zs\u00e9g k\u00f6z\u00e9pkori eredet\u0171, t\u00f6rt\u00e9net\u00e9r\u0151l sajnos kev\u00e9s\nadat \u00e1ll rendelkez\u00e9s\u00fcnkre. Akkori f\u00f6ldesurai, a Marczali csal\u00e1d tagjai voltak,\nakik az orsz\u00e1g el\u0151kel\u0151 nemesei k\u00f6z\u00e9 k\u00fczd\u00f6tt\u00e9k f\u00f6l magukat. A templom \u00e9s a\npl\u00e9b\u00e1nia a 1566-os t\u00f6r\u00f6k t\u00e1mad\u00e1s idej\u00e9n elpusztult. Marcali v\u00e1ros\u00e1b\u00f3l t\u00f6r\u00f6k\nj\u00e1r\u00e1si sz\u00e9khely lett. A h\u00edvek lelki gondoz\u00e1sa a h\u00f3dolts\u00e1gi ter\u00fcleten\ngyakorlatilag megsz\u0171nt.<\/p>\n\n\n\n<p>Az\nels\u0151 veszpr\u00e9mi f\u0151p\u00e1sztor, aki a hit\u00e9let megszervez\u00e9s\u00e9t ism\u00e9t elind\u00edtotta,\nJakusics Gy\u00f6rgy p\u00fcsp\u00f6k (1637-1642) volt, aki Somogy megy\u00e9ben megszervezte a\nkopp\u00e1nyi \u00e9s az andocsi misszi\u00f3s k\u00f6zpontot. Marcali ez ut\u00f3bbi misszi\u00f3hoz\ntartozott, ahonnan jezsuita aty\u00e1k eg\u00e9szen Nagykanizs\u00e1ig paraszti ruh\u00e1ba\n\u00f6lt\u00f6zve, \u00e9let\u00fck kock\u00e1ztat\u00e1s\u00e1val j\u00e1rt\u00e1k a vid\u00e9ket. Mis\u00e9ztek, pr\u00e9dik\u00e1ltak,\ngy\u00f3ntattak, hitoktat\u00e1st v\u00e9geztek \u00e9s \u0151rizt\u00e9k a h\u00edvek lelk\u00e9ben a vall\u00e1s \u00e9s az\nemberi megmarad\u00e1s hit\u00e9t. Mivel a v\u00e1rosokba, falvakba \u00e9s puszt\u00e1kba a jezsuita\naty\u00e1k, \u00e9s k\u00e9s\u0151bb a bosny\u00e1k ferencesek csak igen ritk\u00e1n tudtak eljutni, az\u00e9rt az\n\u0151 \u00e1ltaluk kiv\u00e1lasztott \u00e9s ir\u00e1ny\u00edt\u00e1sukkal a tulajdonk\u00e9ppeni lelkip\u00e1sztori munk\u00e1t\naz \u00fan. licenci\u00e1tusok v\u00e9gezt\u00e9k. (A licenci\u00e1tusok olyan kiv\u00e1lasztott katolikus,\nfeln\u0151tt f\u00e9rfiak voltak, akik istentiszteleteket tartottak, \u00e1ldoztattak, a\nSzent\u00edr\u00e1sb\u00f3l felolvastak, pr\u00e9dik\u00e1ltak, kereszteltek, temettek \u00e9s az\nesket\u00e9sekn\u00e9l hivatalos tan\u00fak\u00e9nt szerepeltek.)<\/p>\n\n\n\n<p>Az\nandocsi misszi\u00f3 1686-ig eredm\u00e9nyesen t\u00f6lt\u00f6tte be a szerep\u00e9t, majd a szabadd\u00e1\nv\u00e1l\u00e1s ut\u00e1n v\u00e9gre elkezd\u0151dhetett az egyh\u00e1zi \u00e9let kibontakoz\u00e1sa is. \u00cdgy teh\u00e1t\nBuda v\u00e1r\u00e1nak felszabad\u00edt\u00e1sa ut\u00e1n Somogyorsz\u00e1g is teljesen felszabadult a t\u00f6r\u00f6k\nelnyom\u00e1s al\u00f3l. Gr\u00f3f Sz\u00e9chenyi P\u00e1l veszpr\u00e9mi p\u00fcsp\u00f6kre (1687-1710) h\u00e1rult a nagy\nfeladat, hogy \u00fajj\u00e1szervezze a Veszpr\u00e9mi Egyh\u00e1zmegy\u00e9t. A somogyi f\u0151esperess\u00e9ghez\ntartoz\u00f3 10 esperesi ker\u00fcletben a t\u00f6r\u00f6k h\u00f3dolts\u00e1g el\u0151tt 189 pl\u00e9b\u00e1nia m\u0171k\u00f6d\u00f6tt,\nm\u00edg a felszabadul\u00e1s ut\u00e1n egy sem \u00e9lte t\u00fal a t\u00f6r\u00f6k puszt\u00edt\u00e1st.<\/p>\n\n\n\n<p>Sz\u00e9chenyi\nP\u00e1lt a p\u00fcsp\u00f6ki sz\u00e9kben gr\u00f3f Volkra Ott\u00f3 J\u00e1nos (1710-1720) k\u00f6vette, aki 18\npl\u00e9b\u00e1ni\u00e1t l\u00e9tes\u00edtett \u00e9s 11 templom f\u00f6l\u00e9p\u00edt\u00e9s\u00e9t szorgalmazta. Ekkoriban\nmind\u00f6ssze csak 30 m\u0171k\u00f6d\u0151 pl\u00e9b\u00e1ni\u00e1ja volt az egyh\u00e1zmegy\u00e9nek kev\u00e9s sz\u00e1m\u00fa pappal,\nakiket n\u00e9h\u00e1ny misszion\u00e1rius seg\u00edtett a lelkip\u00e1sztori munk\u00e1ban.<\/p>\n\n\n\n<p>Volkra\np\u00fcsp\u00f6k hal\u00e1la ut\u00e1n 1720-t\u00f3l 1723. janu\u00e1rj\u00e1ig Z\u00e1dory Mih\u00e1ly nagypr\u00e9post\nkorm\u00e1nyozta a p\u00fcsp\u00f6ks\u00e9get. 1722-ben \u0151 \u00e1ll\u00edtotta vissza a marcali pl\u00e9b\u00e1ni\u00e1t.\nSajnos, papot egyel\u0151re \u0151 sem tudott k\u00fcldeni, hanem meger\u0151s\u00edtette licenci\u00e1tusi\ntiszt\u00e9ben Patk\u00f3 Istv\u00e1nt, aki m\u00e1r 1716 \u00f3ta tev\u00e9kenykedett a marcali h\u00edvek\nk\u00f6r\u00e9ben.<\/p>\n\n\n\n<p>Az\nels\u0151 pl\u00e9b\u00e1nost: Rajky J\u00e1nos Ign\u00e1cot 1724-ben gr\u00f3f Esterh\u00e1zy Imre p\u00fcsp\u00f6k (1723-1725)\nk\u00fcldte Marcaliba, \u00e9s \u0151 14 \u00e9ven \u00e1t eredm\u00e9nyesen m\u0171k\u00f6d\u00f6tt. Majd a pl\u00e9b\u00e1nost\n1738-ban Kaposv\u00e1rra helyezt\u00e9k.<\/p>\n\n\n\n<p>Rajky\nJ\u00e1nos Ign\u00e1c igen tehets\u00e9ges \u00e9s buzg\u00f3 lelkip\u00e1sztor volt, ki a magyar nyelv\nmellett t\u00f6k\u00e9letesen besz\u00e9lt n\u00e9met\u00fcl \u00e9s horv\u00e1tul is. M\u0171k\u00f6d\u00e9se alatt, 1724-t\u0151l \u0151\nkezdte el vezetni a Marcali pl\u00e9b\u00e1nia keresztel\u00e9si anyak\u00f6nyv\u00e9t.<\/p>\n\n\n\n<p>A\np\u00fcsp\u00f6ks\u00e9g ter\u00fclet\u00e9n, egy 1726-b\u00f3l sz\u00e1rmaz\u00f3 egyh\u00e1zmegyei \u00f6ssze\u00edr\u00e1sb\u00f3l tudjuk,\nhogy a fel\u00faj\u00edt\u00e1sra v\u00e1r\u00f3 Marcali templomban \u2013 valamint Tapolc\u00e1n \u2013 volt csak\nk\u0151olt\u00e1r. 1735-ben a f\u0151p\u00e1sztor az egyh\u00e1zmegye 86 pl\u00e9b\u00e1ni\u00e1j\u00e1t 6 esperesi ker\u00fcltbe\nosztotta be, Marcali ekkor a somogyi esperess\u00e9ghez tartozott. Rajky J\u00e1nos Ign\u00e1c\n1737-1738 k\u00f6z\u00f6tt b\u0151v\u00edtette \u00e9s alak\u00edttatta \u00e1t a g\u00f3tikus eredet\u0171 templomot, amely\nelnyerte a barokkra jellemz\u0151 form\u00e1j\u00e1t. (A szint\u00e9n romos \u00e1llapot\u00fa gombai templom\nis 1738-ban \u00e9p\u00fclt \u00fajj\u00e1.)<\/p>\n\n\n\n<p>1737-ben\naz egyh\u00e1zk\u00f6zs\u00e9g k\u00e9r\u00e9s\u00e9re a veszpr\u00e9mi p\u00fcsp\u00f6k a marcali pl\u00e9b\u00e1niatemplom\nv\u00e9d\u0151szentj\u00e9nek \u00fcnnep\u00e9t, mely eddig Szent \u00c1nyos napj\u00e1n volt, a templom\nb\u00facs\u00fanapj\u00e1t Gy\u00fcm\u00f6lcsolt\u00f3 Boldogasszony \u00fcnnep\u00e9re tette \u00e1t.<\/p>\n\n\n\n<p>\u00c1d\u00e1m\nJ\u00e1nos marcali pl\u00e9b\u00e1nos 1878-ban kezdte \u00edrni a pl\u00e9b\u00e1nia Historia Domus\u00e1t. A\nv\u00e1ros \u00e9s a pl\u00e9b\u00e1nia gazdag, \u00e9s akkor m\u00e9g f\u00f6lt\u00e1ratlan t\u00f6rt\u00e9nelmi m\u00faltj\u00e1r\u00f3l\nszomor\u00faan \u00e1llap\u00edtotta meg: \u201e<em>Sajnos, hogy\nezen id\u0151b\u0151l (1724-t\u0151l kezd\u0151d\u0151en) a pl\u00e9b\u00e1nia t\u00f6rt\u00e9net\u00e9b\u0151l az anyak\u00f6nyvi adatokon\nk\u00edv\u00fcl semmi f\u00f6ljegyz\u00e9s sem maradt r\u00e1nk. Pedig azon id\u0151kben m\u00e9g a hagyom\u00e1ny\nbizonyosan eml\u00e9kezett a r\u00e9gi parochi\u00e1r\u00f3l, a klastromr\u00f3l; val\u00f3szin\u0171leg az akkor\nm\u00e9g meglev\u0151 romok is adtak volna n\u00e9mi utbaigaz\u00edt\u00e1st. Mily \u00e9rdekes volna most\nmindezekr\u0151l, vagy az akkori \u00e9s a t\u00f6r\u00f6k uralom idej\u00e9b\u0151li hit\u00e9leti \u00e9s t\u00e1rsadalmi\nviszonyokr\u00f3l olvasni. Meglehet, hogy az akkori pl\u00e9b\u00e1nosok r\u00e1 is \u00e9rtek volna\nf\u00f6ljegyz\u00e9seket tenni, tapasztalataikat, vagy a hagyom\u00e1ny \u00e1ltal meg\u0151rz\u00f6tt\nesem\u00e9nyeket ir\u00e1sba foglalva az ut\u00f3kornak fenhagyni<\/em>.\u201d<\/p>\n\n\n\n<p>Egy\n1747-b\u0151l sz\u00e1rmaz\u00f3 \u00f6ssze\u00edr\u00e1s Marcalit ekkor m\u00e1r a segesdi esperess\u00e9ghez sorolta,\n\u00e9s filiak\u00e9nt Nagy-Gomb\u00e1t \u00e9s Kis-Gomb\u00e1t nevezte meg. Boronka ekkor m\u00e9g\nT\u00f3tszentp\u00e1lhoz (k\u00e9s\u0151bb: Somogyszentp\u00e1l) tartozott, mik\u00f6zben Bize \u00e9s Gy\u00f3ta neve\nnem volt m\u00e9g eml\u00edtve.<\/p>\n\n\n\n<p><strong>Marcali\npl\u00e9b\u00e1nosok a k\u00f6z\u00e9pkorban<\/strong><\/p>\n\n\n\n<p>Istv\u00e1n: 1333 k\u00f6r\u00fcl<\/p>\n\n\n\n<p>Laurenc (L\u0151rinc): 1359 k\u00f6r\u00fcl<\/p>\n\n\n\n<p>P\u00e9ter: ?-1374<\/p>\n\n\n\n<p>J\u00e1nos fia Istv\u00e1n: 1400 k\u00f6r\u00fcl<\/p>\n\n\n\n<p>Bal\u00e1zs: 1455-1471 k\u00f6r\u00fcl<\/p>\n\n\n\n<p>P\u00e9ter: 1534 k\u00f6r\u00fcl<\/p>\n\n\n\n<p><strong>A Marcaliban lelkip\u00e1sztorkod\u00f3 pl\u00e9b\u00e1nosok\nn\u00e9vsora 1722-t\u0151l<\/strong><\/p>\n\n\n\n<figure class=\"wp-block-table\"><table class=\"\"><tbody><tr><td>\n  <strong>Sorsz\u00e1m<\/strong>\n  <\/td><td>\n  <strong>A pl\u00e9b\u00e1nos\n  neve \u00e9s hivatala<\/strong>\n  <\/td><td>\n  Mett\u0151l\n  <\/td><td>\n  <strong>Meddig<\/strong>\n  <\/td><\/tr><tr><td>\n  <strong>1.<\/strong>\n  <\/td><td>\n  <em>Patk\u00f3 Istv\u00e1n licentiatus<\/em>\n  <\/td><td>\n  1716\n  <\/td><td>\n  1733\n  <\/td><\/tr><tr><td>\n  <strong>2.<\/strong>\n  <\/td><td>\n  Rajky J\u00e1nos <em>pl\u00e9b\u00e1nos<\/em>\n  <\/td><td>\n  1724\n  <\/td><td>\n  1738\n  <\/td><\/tr><tr><td>\n  <strong>3.<\/strong>\n  <\/td><td>\n  K\u00e1ntor Istv\u00e1n <em>pl\u00e9b\u00e1nos<\/em>\n  <\/td><td>\n  1739\n  <\/td><td>\n  1740\n  <\/td><\/tr><tr><td>\n  <strong>4.<\/strong>\n  <\/td><td>\n  Szopkovics J\u00e1nos <em>pl\u00e9b\u00e1nos<\/em>\n  <\/td><td>\n  1740\n  <\/td><td>\n  1763\n  <\/td><\/tr><tr><td>\n  <strong>5.<\/strong>\n  <\/td><td>\n  Nagy Antal <em>pl\u00e9b\u00e1nos<\/em>\n  <\/td><td>\n  1763\n  <\/td><td>\n  1775\n  <\/td><\/tr><tr><td>\n  <strong>6.<\/strong>\n  <\/td><td>\n  Paczay\n  Istv\u00e1n <em>c. ap\u00e1t, esperes-pl\u00e9b\u00e1nos<\/em>\n  <\/td><td>\n  1775\n  <\/td><td>\n  1808\n  <\/td><\/tr><tr><td>\n  <strong>7.<\/strong>\n  <\/td><td>\n  Tomor J\u00e1nos <em>kanonok, esperes-pl\u00e9b\u00e1nos<\/em>\n  <\/td><td>\n  1808\n  <\/td><td>\n  1839\n  <\/td><\/tr><tr><td>\n  <strong>8.<\/strong>\n  <\/td><td>\n  Stenger Frigyes <em>pl\u00e9b\u00e1nos<\/em>\n  <\/td><td>\n  1839\n  <\/td><td>\n  1860\n  <\/td><\/tr><tr><td>\n  <strong>9.<\/strong>\n  <\/td><td>\n  Koller J\u00f3zsef <em>pl\u00e9b\u00e1nos<\/em>\n  <\/td><td>\n  1860\n  <\/td><\/tr><tr><td>\n  <strong>10.<\/strong>\n  <\/td><td>\n  Vogronics Antal <em>tb. kanonok, esperes-pl\u00e9b\u00e1nos<\/em>\n  <\/td><td>\n  1860\n  <\/td><td>\n  1878\n  <\/td><\/tr><tr><td>\n  <strong>11.<\/strong>\n  <\/td><td>\n  \u00c1d\u00e1m J\u00e1nos <em>c. ap\u00e1t, esperes-pl\u00e9b\u00e1nos<\/em>\n  <\/td><td>\n  1878\n  <\/td><td>\n  1914\n  <\/td><\/tr><tr><td>\n  <strong>12.<\/strong>\n  <\/td><td>\n  Rumi Istv\u00e1n <em>pl\u00e9b\u00e1nos<\/em>\n  <\/td><td>\n  1914\n  <\/td><td>\n  1920\n  <\/td><\/tr><tr><td>\n  <strong>13.<\/strong>\n  <\/td><td>\n  Blasutigh S\u00e1ndor <em>h. esperes-pl\u00e9b\u00e1nos<\/em>\n  <\/td><td>\n  1920\n  <\/td><td>\n  1930\n  <\/td><\/tr><tr><td>\n  <strong>14.<\/strong>\n  <\/td><td>\n  K\u0151szeghy Antal <em>tb. kanonok, esperes-pl\u00e9b\u00e1nos<\/em>\n  <\/td><td>\n  1930\n  <\/td><td>\n  1963\n  <\/td><\/tr><tr><td>\n  <strong>15.<\/strong>\n  <\/td><td>\n  Dr. Luk\u00e1cs Istv\u00e1n <em>f\u0151esperes, esperes-pl\u00e9b\u00e1nos<\/em>\n  <\/td><td>\n  1964\n  <\/td><td>\n  1979\n  <\/td><\/tr><tr><td>\n  <strong>16.<\/strong>\n  <\/td><td>\n  R\u00e9vai J\u00f3zsef <em>c. pr\u00e9post, tb. kanonok, f\u0151esperes,\n  esperes-pl\u00e9b\u00e1nos<\/em>\n  <\/td><td>\n  1979\n  <\/td><td>\n  1993\n  <\/td><\/tr><tr><td>\n  <strong>17.<\/strong>\n  <\/td><td>\n  Kiss Iv\u00e1n <em>c. pr\u00e9post, esperes-pl\u00e9b\u00e1nos<\/em>\n  <\/td><td>\n  1993\n  <\/td><td>\n  &nbsp;\n  <\/td><\/tr><\/tbody><\/table><\/figure>\n\n\n\n<p>Felhaszn\u00e1lt irodalom:<\/p>\n\n\n\n<ul class=\"wp-block-list\"><li>Marics J\u00f3zsef:\nFejezetek a Marcali pl\u00e9b\u00e1nia t\u00f6rt\u00e9net\u00e9b\u0151l. In.: dr. G\u00e1l J\u00f3zsef \u2013 Laczk\u00f3 Andr\u00e1s\n(F\u0151szerk.): Marcali T\u00f6rt\u00e9nete. V\u00e1rost\u00f6rt\u00e9neti tanulm\u00e1nyok. I. k\u00f6tet. Marcali,\n1991.<\/li><li>Marcali R\u00f3mai\nKatolikus Pl\u00e9b\u00e1nia Historia Domus-a I. k\u00f6tet.<\/li><\/ul>\n\n\n\n<p>\u00cdrta \u00e9s fot\u00f3: Kiss K\u00e1lm\u00e1n<\/p>\n","protected":false},"excerpt":{"rendered":"<p>Marcalit, mint telep\u00fcl\u00e9st 1274-ben eml\u00edti egy okirat. Els\u0151, n\u00e9v szerint ismert pl\u00e9b\u00e1nos\u00e1t, Istv\u00e1nt egy 1333-1334-es p\u00e1pai tizedjegyz\u00e9kb\u0151l ismerj\u00fck. \u00cdgy, a templom \u00e9s a pl\u00e9b\u00e1nia alap\u00edt\u00e1s\u00e1nak ideje a XIII. sz\u00e1zad v\u00e9g\u00e9re vagy a XIV. sz\u00e1zad elej\u00e9re tehet\u0151. A marcali pl\u00e9b\u00e1niatemplom els\u0151 \u00edr\u00e1sos eml\u00edt\u00e9se 1404-b\u0151l val\u00f3. A telep\u00fcl\u00e9s egy 1448-ban kelt okiratban m\u00e1r oppidumk\u00e9nt (mez\u0151v\u00e1ros) szerepel. A Szent Anianus (\u00c1nyos) tisztelet\u00e9re szentelt pl\u00e9b\u00e1niatemplom\u00e1r\u00f3l egy 1455-ben \u00edrt okirat tesz eml\u00edt\u00e9st. A marcali pl\u00e9b\u00e1nia \u00e9s egyh\u00e1zk\u00f6zs\u00e9g k\u00f6z\u00e9pkori eredet\u0171, t\u00f6rt\u00e9net\u00e9r\u0151l sajnos kev\u00e9s adat \u00e1ll rendelkez\u00e9s\u00fcnkre&#8230;.<\/p>\n<p class=\"read-more\"><a class=\"btn btn-default\" href=\"https:\/\/marcali.plebania.hu\/?p=3258\"> Read More<span class=\"screen-reader-text\">  Read More<\/span><\/a><\/p>\n","protected":false},"author":2,"featured_media":0,"comment_status":"closed","ping_status":"open","sticky":false,"template":"","format":"standard","meta":{"footnotes":""},"categories":[1],"tags":[],"class_list":["post-3258","post","type-post","status-publish","format-standard","hentry","category-egyeb"],"_links":{"self":[{"href":"https:\/\/marcali.plebania.hu\/index.php?rest_route=\/wp\/v2\/posts\/3258","targetHints":{"allow":["GET"]}}],"collection":[{"href":"https:\/\/marcali.plebania.hu\/index.php?rest_route=\/wp\/v2\/posts"}],"about":[{"href":"https:\/\/marcali.plebania.hu\/index.php?rest_route=\/wp\/v2\/types\/post"}],"author":[{"embeddable":true,"href":"https:\/\/marcali.plebania.hu\/index.php?rest_route=\/wp\/v2\/users\/2"}],"replies":[{"embeddable":true,"href":"https:\/\/marcali.plebania.hu\/index.php?rest_route=%2Fwp%2Fv2%2Fcomments&post=3258"}],"version-history":[{"count":1,"href":"https:\/\/marcali.plebania.hu\/index.php?rest_route=\/wp\/v2\/posts\/3258\/revisions"}],"predecessor-version":[{"id":3260,"href":"https:\/\/marcali.plebania.hu\/index.php?rest_route=\/wp\/v2\/posts\/3258\/revisions\/3260"}],"wp:attachment":[{"href":"https:\/\/marcali.plebania.hu\/index.php?rest_route=%2Fwp%2Fv2%2Fmedia&parent=3258"}],"wp:term":[{"taxonomy":"category","embeddable":true,"href":"https:\/\/marcali.plebania.hu\/index.php?rest_route=%2Fwp%2Fv2%2Fcategories&post=3258"},{"taxonomy":"post_tag","embeddable":true,"href":"https:\/\/marcali.plebania.hu\/index.php?rest_route=%2Fwp%2Fv2%2Ftags&post=3258"}],"curies":[{"name":"wp","href":"https:\/\/api.w.org\/{rel}","templated":true}]}}