{"id":3264,"date":"2022-01-21T10:37:00","date_gmt":"2022-01-21T10:37:00","guid":{"rendered":"https:\/\/marcali.plebania.hu\/?p=3264"},"modified":"2022-01-21T10:37:00","modified_gmt":"2022-01-21T10:37:00","slug":"hirdetesek-2022-01-23","status":"publish","type":"post","link":"https:\/\/marcali.plebania.hu\/?p=3264","title":{"rendered":"Hirdet\u00e9sek, 2022. 01. 23."},"content":{"rendered":"\n<ol class=\"wp-block-list\"><li>Ma\nvan az \u00e9vk\u00f6zi 3. vas\u00e1rnap.<\/li><li>P\u00e9nteken\n16.30-kor szents\u00e9gim\u00e1d\u00e1s, 17 \u00f3rakor igeliturgia.<\/li><li>Szombaton\n17 \u00f3rakor vas\u00e1rnap el\u0151esti szentmise.<\/li><li>K\u00f6sz\u00f6nj\u00fck\nazoknak a munk\u00e1j\u00e1t, akik templomi feny\u0151f\u00e1kat lebontott\u00e1k \u00e9s k\u00fcl\u00f6n k\u00f6sz\u00f6net\nMegyeri Imr\u00e9nek, aki betegen is v\u00e1llalta a k\u00fclt\u00e9ri kar\u00e1csonyi d\u00edsz\u00edt\u00e9s\nfel\u00e9p\u00edt\u00e9s\u00e9t \u00e9s lebont\u00e1s\u00e1t.<\/li><\/ol>\n","protected":false},"excerpt":{"rendered":"<p>Ma van az \u00e9vk\u00f6zi 3. vas\u00e1rnap. P\u00e9nteken 16.30-kor szents\u00e9gim\u00e1d\u00e1s, 17 \u00f3rakor igeliturgia. Szombaton 17 \u00f3rakor vas\u00e1rnap el\u0151esti szentmise. K\u00f6sz\u00f6nj\u00fck azoknak a munk\u00e1j\u00e1t, akik templomi feny\u0151f\u00e1kat lebontott\u00e1k \u00e9s k\u00fcl\u00f6n k\u00f6sz\u00f6net Megyeri Imr\u00e9nek, aki betegen is v\u00e1llalta a k\u00fclt\u00e9ri kar\u00e1csonyi d\u00edsz\u00edt\u00e9s fel\u00e9p\u00edt\u00e9s\u00e9t \u00e9s lebont\u00e1s\u00e1t.<\/p>\n","protected":false},"author":2,"featured_media":0,"comment_status":"closed","ping_status":"open","sticky":false,"template":"","format":"standard","meta":{"footnotes":""},"categories":[1],"tags":[],"class_list":["post-3264","post","type-post","status-publish","format-standard","hentry","category-egyeb"],"_links":{"self":[{"href":"https:\/\/marcali.plebania.hu\/index.php?rest_route=\/wp\/v2\/posts\/3264","targetHints":{"allow":["GET"]}}],"collection":[{"href":"https:\/\/marcali.plebania.hu\/index.php?rest_route=\/wp\/v2\/posts"}],"about":[{"href":"https:\/\/marcali.plebania.hu\/index.php?rest_route=\/wp\/v2\/types\/post"}],"author":[{"embeddable":true,"href":"https:\/\/marcali.plebania.hu\/index.php?rest_route=\/wp\/v2\/users\/2"}],"replies":[{"embeddable":true,"href":"https:\/\/marcali.plebania.hu\/index.php?rest_route=%2Fwp%2Fv2%2Fcomments&post=3264"}],"version-history":[{"count":1,"href":"https:\/\/marcali.plebania.hu\/index.php?rest_route=\/wp\/v2\/posts\/3264\/revisions"}],"predecessor-version":[{"id":3265,"href":"https:\/\/marcali.plebania.hu\/index.php?rest_route=\/wp\/v2\/posts\/3264\/revisions\/3265"}],"wp:attachment":[{"href":"https:\/\/marcali.plebania.hu\/index.php?rest_route=%2Fwp%2Fv2%2Fmedia&parent=3264"}],"wp:term":[{"taxonomy":"category","embeddable":true,"href":"https:\/\/marcali.plebania.hu\/index.php?rest_route=%2Fwp%2Fv2%2Fcategories&post=3264"},{"taxonomy":"post_tag","embeddable":true,"href":"https:\/\/marcali.plebania.hu\/index.php?rest_route=%2Fwp%2Fv2%2Ftags&post=3264"}],"curies":[{"name":"wp","href":"https:\/\/api.w.org\/{rel}","templated":true}]}}