{"id":3266,"date":"2022-01-25T14:57:18","date_gmt":"2022-01-25T14:57:18","guid":{"rendered":"https:\/\/marcali.plebania.hu\/?p=3266"},"modified":"2022-01-25T14:57:18","modified_gmt":"2022-01-25T14:57:18","slug":"istentiszteletet-tartottak-marcaliban-az-okumenikus-imahet-alkalmabol","status":"publish","type":"post","link":"https:\/\/marcali.plebania.hu\/?p=3266","title":{"rendered":"Istentiszteletet tartottak Marcaliban az \u00f6kumenikus imah\u00e9t alkalm\u00e1b\u00f3l"},"content":{"rendered":"\n<p>2022. janu\u00e1r 23-\u00e1n, vas\u00e1rnap a Gy\u00fcm\u00f6lcsolt\u00f3 Boldogasszony pl\u00e9b\u00e1niatemplomban 9 \u00f3rakor \u00fcnnepi istentisztelettel z\u00e1rult az \u00f6kumenikus imah\u00e9t Marcaliban, melyet Kiss Iv\u00e1n c. pr\u00e9post, pl\u00e9b\u00e1nos celebr\u00e1lt. Ig\u00e9t nagytisztelet\u0171 Fazekas Kriszti\u00e1n \u00c1rp\u00e1d reform\u00e1tus lelkip\u00e1sztor hirdetett a r\u00e9sztvev\u0151 katolikus \u00e9s a reform\u00e1tus h\u00edveknek.<\/p>\n\n\n\n<figure class=\"wp-block-gallery columns-3 is-cropped wp-block-gallery-1 is-layout-flex wp-block-gallery-is-layout-flex\"><ul class=\"blocks-gallery-grid\"><li class=\"blocks-gallery-item\"><figure><img loading=\"lazy\" decoding=\"async\" width=\"1024\" height=\"683\" src=\"https:\/\/marcali.plebania.hu\/wp-content\/uploads\/2022\/01\/01-1024x683.jpg\" alt=\"\" data-id=\"3267\" data-link=\"https:\/\/marcali.plebania.hu\/?attachment_id=3267\" class=\"wp-image-3267\" srcset=\"https:\/\/marcali.plebania.hu\/wp-content\/uploads\/2022\/01\/01-1024x683.jpg 1024w, https:\/\/marcali.plebania.hu\/wp-content\/uploads\/2022\/01\/01-300x200.jpg 300w, https:\/\/marcali.plebania.hu\/wp-content\/uploads\/2022\/01\/01-768x512.jpg 768w, https:\/\/marcali.plebania.hu\/wp-content\/uploads\/2022\/01\/01-1536x1024.jpg 1536w, https:\/\/marcali.plebania.hu\/wp-content\/uploads\/2022\/01\/01-2048x1365.jpg 2048w, https:\/\/marcali.plebania.hu\/wp-content\/uploads\/2022\/01\/01-405x270.jpg 405w\" sizes=\"auto, (max-width: 1024px) 100vw, 1024px\" \/><\/figure><\/li><li class=\"blocks-gallery-item\"><figure><img loading=\"lazy\" decoding=\"async\" width=\"1024\" height=\"683\" src=\"https:\/\/marcali.plebania.hu\/wp-content\/uploads\/2022\/01\/04-1024x683.jpg\" alt=\"\" data-id=\"3269\" data-link=\"https:\/\/marcali.plebania.hu\/?attachment_id=3269\" class=\"wp-image-3269\" srcset=\"https:\/\/marcali.plebania.hu\/wp-content\/uploads\/2022\/01\/04-1024x683.jpg 1024w, https:\/\/marcali.plebania.hu\/wp-content\/uploads\/2022\/01\/04-300x200.jpg 300w, https:\/\/marcali.plebania.hu\/wp-content\/uploads\/2022\/01\/04-768x512.jpg 768w, https:\/\/marcali.plebania.hu\/wp-content\/uploads\/2022\/01\/04-1536x1024.jpg 1536w, https:\/\/marcali.plebania.hu\/wp-content\/uploads\/2022\/01\/04-2048x1365.jpg 2048w, https:\/\/marcali.plebania.hu\/wp-content\/uploads\/2022\/01\/04-405x270.jpg 405w\" sizes=\"auto, (max-width: 1024px) 100vw, 1024px\" \/><\/figure><\/li><li class=\"blocks-gallery-item\"><figure><img loading=\"lazy\" decoding=\"async\" width=\"1024\" height=\"683\" src=\"https:\/\/marcali.plebania.hu\/wp-content\/uploads\/2022\/01\/07-1024x683.jpg\" alt=\"\" data-id=\"3270\" data-link=\"https:\/\/marcali.plebania.hu\/?attachment_id=3270\" class=\"wp-image-3270\" srcset=\"https:\/\/marcali.plebania.hu\/wp-content\/uploads\/2022\/01\/07-1024x683.jpg 1024w, https:\/\/marcali.plebania.hu\/wp-content\/uploads\/2022\/01\/07-300x200.jpg 300w, https:\/\/marcali.plebania.hu\/wp-content\/uploads\/2022\/01\/07-768x512.jpg 768w, https:\/\/marcali.plebania.hu\/wp-content\/uploads\/2022\/01\/07-1536x1024.jpg 1536w, https:\/\/marcali.plebania.hu\/wp-content\/uploads\/2022\/01\/07-2048x1365.jpg 2048w, https:\/\/marcali.plebania.hu\/wp-content\/uploads\/2022\/01\/07-405x270.jpg 405w\" sizes=\"auto, (max-width: 1024px) 100vw, 1024px\" \/><\/figure><\/li><li class=\"blocks-gallery-item\"><figure><img loading=\"lazy\" decoding=\"async\" width=\"1024\" height=\"683\" src=\"https:\/\/marcali.plebania.hu\/wp-content\/uploads\/2022\/01\/03-1024x683.jpg\" alt=\"\" data-id=\"3271\" data-full-url=\"https:\/\/marcali.plebania.hu\/wp-content\/uploads\/2022\/01\/03-scaled.jpg\" data-link=\"https:\/\/marcali.plebania.hu\/?attachment_id=3271\" class=\"wp-image-3271\" srcset=\"https:\/\/marcali.plebania.hu\/wp-content\/uploads\/2022\/01\/03-1024x683.jpg 1024w, https:\/\/marcali.plebania.hu\/wp-content\/uploads\/2022\/01\/03-300x200.jpg 300w, https:\/\/marcali.plebania.hu\/wp-content\/uploads\/2022\/01\/03-768x512.jpg 768w, https:\/\/marcali.plebania.hu\/wp-content\/uploads\/2022\/01\/03-1536x1024.jpg 1536w, https:\/\/marcali.plebania.hu\/wp-content\/uploads\/2022\/01\/03-2048x1365.jpg 2048w, https:\/\/marcali.plebania.hu\/wp-content\/uploads\/2022\/01\/03-405x270.jpg 405w\" sizes=\"auto, (max-width: 1024px) 100vw, 1024px\" \/><\/figure><\/li><\/ul><\/figure>\n\n\n\n<p>Az id\u00e9n orsz\u00e1gszerte janu\u00e1r 16-23. k\u00f6z\u00f6tt tartott\u00e1k meg az \u00f6kumenikus imahetet a kereszt\u00e9nyek egys\u00e9g\u00e9\u00e9rt, melynek anyag\u00e1t a K\u00f6zel-Keleti Egyh\u00e1zak Tan\u00e1csa \u00e1ll\u00edtotta \u00f6ssze. Jelmondatait ism\u00e9t a Bibli\u00e1b\u00f3l vett\u00e9k: \u201eL\u00e1ttuk az \u0151 csillag\u00e1t napkeleten, \u00e9s elj\u00f6tt\u00fcnk, hogy im\u00e1djuk \u0151t\u201d\/\u201eL\u00e1ttuk csillag\u00e1t napkeleten, \u00e9s elj\u00f6tt\u00fcnk, hogy bemutassuk neki h\u00f3dolatunkat\u201d (Mt 2,2), mely id\u00e9zetek a napkeleti b\u00f6lcsek l\u00e1togat\u00e1s\u00e1ra utalnak, akik a messzes\u00e9gb\u0151l \u00e9rkeztek, hogy az eg\u00e9sz vil\u00e1g Megv\u00e1lt\u00f3j\u00e1t im\u00e1dj\u00e1k. Az \u00fczenet l\u00e9nyege az, hogy ma is: \u201eJ\u00f6jj\u00fcnk \u0151hozz\u00e1, higgy\u00fcnk \u0151benne mi is, akik nyugaton, \u00e9l\u00fcnk, vigy\u00fck oda h\u00e1laad\u00e1sunk aj\u00e1nd\u00e9kait, hitben, rem\u00e9nys\u00e9gben, szeretetben, erre v\u00e1r a vil\u00e1g\u2026\u201d<\/p>\n\n\n\n<figure class=\"wp-block-gallery columns-3 is-cropped wp-block-gallery-2 is-layout-flex wp-block-gallery-is-layout-flex\"><ul class=\"blocks-gallery-grid\"><li class=\"blocks-gallery-item\"><figure><img loading=\"lazy\" decoding=\"async\" width=\"1024\" height=\"683\" src=\"https:\/\/marcali.plebania.hu\/wp-content\/uploads\/2022\/01\/10-1024x683.jpg\" alt=\"\" data-id=\"3272\" data-link=\"https:\/\/marcali.plebania.hu\/?attachment_id=3272\" class=\"wp-image-3272\" srcset=\"https:\/\/marcali.plebania.hu\/wp-content\/uploads\/2022\/01\/10-1024x683.jpg 1024w, https:\/\/marcali.plebania.hu\/wp-content\/uploads\/2022\/01\/10-300x200.jpg 300w, https:\/\/marcali.plebania.hu\/wp-content\/uploads\/2022\/01\/10-768x512.jpg 768w, https:\/\/marcali.plebania.hu\/wp-content\/uploads\/2022\/01\/10-1536x1024.jpg 1536w, https:\/\/marcali.plebania.hu\/wp-content\/uploads\/2022\/01\/10-2048x1365.jpg 2048w, https:\/\/marcali.plebania.hu\/wp-content\/uploads\/2022\/01\/10-405x270.jpg 405w\" sizes=\"auto, (max-width: 1024px) 100vw, 1024px\" \/><\/figure><\/li><li class=\"blocks-gallery-item\"><figure><img loading=\"lazy\" decoding=\"async\" width=\"1024\" height=\"683\" src=\"https:\/\/marcali.plebania.hu\/wp-content\/uploads\/2022\/01\/11-1024x683.jpg\" alt=\"\" data-id=\"3273\" data-link=\"https:\/\/marcali.plebania.hu\/?attachment_id=3273\" class=\"wp-image-3273\" srcset=\"https:\/\/marcali.plebania.hu\/wp-content\/uploads\/2022\/01\/11-1024x683.jpg 1024w, https:\/\/marcali.plebania.hu\/wp-content\/uploads\/2022\/01\/11-300x200.jpg 300w, https:\/\/marcali.plebania.hu\/wp-content\/uploads\/2022\/01\/11-768x512.jpg 768w, https:\/\/marcali.plebania.hu\/wp-content\/uploads\/2022\/01\/11-1536x1024.jpg 1536w, https:\/\/marcali.plebania.hu\/wp-content\/uploads\/2022\/01\/11-2048x1365.jpg 2048w, https:\/\/marcali.plebania.hu\/wp-content\/uploads\/2022\/01\/11-405x270.jpg 405w\" sizes=\"auto, (max-width: 1024px) 100vw, 1024px\" \/><\/figure><\/li><li class=\"blocks-gallery-item\"><figure><img loading=\"lazy\" decoding=\"async\" width=\"1024\" height=\"683\" src=\"https:\/\/marcali.plebania.hu\/wp-content\/uploads\/2022\/01\/08-1024x683.jpg\" alt=\"\" data-id=\"3274\" data-link=\"https:\/\/marcali.plebania.hu\/?attachment_id=3274\" class=\"wp-image-3274\" srcset=\"https:\/\/marcali.plebania.hu\/wp-content\/uploads\/2022\/01\/08-1024x683.jpg 1024w, https:\/\/marcali.plebania.hu\/wp-content\/uploads\/2022\/01\/08-300x200.jpg 300w, https:\/\/marcali.plebania.hu\/wp-content\/uploads\/2022\/01\/08-768x512.jpg 768w, https:\/\/marcali.plebania.hu\/wp-content\/uploads\/2022\/01\/08-1536x1024.jpg 1536w, https:\/\/marcali.plebania.hu\/wp-content\/uploads\/2022\/01\/08-2048x1365.jpg 2048w, https:\/\/marcali.plebania.hu\/wp-content\/uploads\/2022\/01\/08-405x270.jpg 405w\" sizes=\"auto, (max-width: 1024px) 100vw, 1024px\" \/><\/figure><\/li><li class=\"blocks-gallery-item\"><figure><img loading=\"lazy\" decoding=\"async\" width=\"1024\" height=\"683\" src=\"https:\/\/marcali.plebania.hu\/wp-content\/uploads\/2022\/01\/14-1024x683.jpg\" alt=\"\" data-id=\"3275\" data-full-url=\"https:\/\/marcali.plebania.hu\/wp-content\/uploads\/2022\/01\/14-scaled.jpg\" data-link=\"https:\/\/marcali.plebania.hu\/?attachment_id=3275\" class=\"wp-image-3275\" srcset=\"https:\/\/marcali.plebania.hu\/wp-content\/uploads\/2022\/01\/14-1024x683.jpg 1024w, https:\/\/marcali.plebania.hu\/wp-content\/uploads\/2022\/01\/14-300x200.jpg 300w, https:\/\/marcali.plebania.hu\/wp-content\/uploads\/2022\/01\/14-768x512.jpg 768w, https:\/\/marcali.plebania.hu\/wp-content\/uploads\/2022\/01\/14-1536x1024.jpg 1536w, https:\/\/marcali.plebania.hu\/wp-content\/uploads\/2022\/01\/14-2048x1365.jpg 2048w, https:\/\/marcali.plebania.hu\/wp-content\/uploads\/2022\/01\/14-405x270.jpg 405w\" sizes=\"auto, (max-width: 1024px) 100vw, 1024px\" \/><\/figure><\/li><\/ul><\/figure>\n\n\n\n<p>Az istentiszteleten a katolikus \u00e9s reform\u00e1tus h\u00edvek lelkip\u00e1sztoraikkal egy\u00fctt a kereszt\u00e9ny\/kereszty\u00e9n megmarad\u00e1s\u00e1\u00e9rt im\u00e1dkoztak, s \u00e9nekelt\u00e9k el a Himnuszt, valamint kaptak \u00e1ld\u00e1st. Az istentiszteleten a F\u00e9ny Gyermekei Katolikus Zenekar, K\u00f3sz Gy\u00f6ngyi \u00e9s Balogh B\u00e1lint orgon\u00e1n, J\u00e1ki Zolt\u00e1n pedig heged\u0171n m\u0171k\u00f6d\u00f6tt k\u00f6zre.<\/p>\n\n\n\n<figure class=\"wp-block-gallery columns-3 is-cropped wp-block-gallery-3 is-layout-flex wp-block-gallery-is-layout-flex\"><ul class=\"blocks-gallery-grid\"><li class=\"blocks-gallery-item\"><figure><img loading=\"lazy\" decoding=\"async\" width=\"1024\" height=\"683\" src=\"https:\/\/marcali.plebania.hu\/wp-content\/uploads\/2022\/01\/05-1024x683.jpg\" alt=\"\" data-id=\"3276\" data-link=\"https:\/\/marcali.plebania.hu\/?attachment_id=3276\" class=\"wp-image-3276\" srcset=\"https:\/\/marcali.plebania.hu\/wp-content\/uploads\/2022\/01\/05-1024x683.jpg 1024w, https:\/\/marcali.plebania.hu\/wp-content\/uploads\/2022\/01\/05-300x200.jpg 300w, https:\/\/marcali.plebania.hu\/wp-content\/uploads\/2022\/01\/05-768x512.jpg 768w, https:\/\/marcali.plebania.hu\/wp-content\/uploads\/2022\/01\/05-1536x1024.jpg 1536w, https:\/\/marcali.plebania.hu\/wp-content\/uploads\/2022\/01\/05-2048x1365.jpg 2048w, https:\/\/marcali.plebania.hu\/wp-content\/uploads\/2022\/01\/05-405x270.jpg 405w\" sizes=\"auto, (max-width: 1024px) 100vw, 1024px\" \/><\/figure><\/li><li class=\"blocks-gallery-item\"><figure><img loading=\"lazy\" decoding=\"async\" width=\"1024\" height=\"683\" src=\"https:\/\/marcali.plebania.hu\/wp-content\/uploads\/2022\/01\/06-1024x683.jpg\" alt=\"\" data-id=\"3277\" data-link=\"https:\/\/marcali.plebania.hu\/?attachment_id=3277\" class=\"wp-image-3277\" srcset=\"https:\/\/marcali.plebania.hu\/wp-content\/uploads\/2022\/01\/06-1024x683.jpg 1024w, https:\/\/marcali.plebania.hu\/wp-content\/uploads\/2022\/01\/06-300x200.jpg 300w, https:\/\/marcali.plebania.hu\/wp-content\/uploads\/2022\/01\/06-768x512.jpg 768w, https:\/\/marcali.plebania.hu\/wp-content\/uploads\/2022\/01\/06-1536x1024.jpg 1536w, https:\/\/marcali.plebania.hu\/wp-content\/uploads\/2022\/01\/06-2048x1365.jpg 2048w, https:\/\/marcali.plebania.hu\/wp-content\/uploads\/2022\/01\/06-405x270.jpg 405w\" sizes=\"auto, (max-width: 1024px) 100vw, 1024px\" \/><\/figure><\/li><li class=\"blocks-gallery-item\"><figure><img loading=\"lazy\" decoding=\"async\" width=\"1024\" height=\"683\" src=\"https:\/\/marcali.plebania.hu\/wp-content\/uploads\/2022\/01\/17-1024x683.jpg\" alt=\"\" data-id=\"3278\" data-link=\"https:\/\/marcali.plebania.hu\/?attachment_id=3278\" class=\"wp-image-3278\" srcset=\"https:\/\/marcali.plebania.hu\/wp-content\/uploads\/2022\/01\/17-1024x683.jpg 1024w, https:\/\/marcali.plebania.hu\/wp-content\/uploads\/2022\/01\/17-300x200.jpg 300w, https:\/\/marcali.plebania.hu\/wp-content\/uploads\/2022\/01\/17-768x512.jpg 768w, https:\/\/marcali.plebania.hu\/wp-content\/uploads\/2022\/01\/17-1536x1024.jpg 1536w, https:\/\/marcali.plebania.hu\/wp-content\/uploads\/2022\/01\/17-2048x1365.jpg 2048w, https:\/\/marcali.plebania.hu\/wp-content\/uploads\/2022\/01\/17-405x270.jpg 405w\" sizes=\"auto, (max-width: 1024px) 100vw, 1024px\" \/><\/figure><\/li><li class=\"blocks-gallery-item\"><figure><img loading=\"lazy\" decoding=\"async\" width=\"1024\" height=\"683\" src=\"https:\/\/marcali.plebania.hu\/wp-content\/uploads\/2022\/01\/19-1024x683.jpg\" alt=\"\" data-id=\"3279\" data-full-url=\"https:\/\/marcali.plebania.hu\/wp-content\/uploads\/2022\/01\/19-scaled.jpg\" data-link=\"https:\/\/marcali.plebania.hu\/?attachment_id=3279\" class=\"wp-image-3279\" srcset=\"https:\/\/marcali.plebania.hu\/wp-content\/uploads\/2022\/01\/19-1024x683.jpg 1024w, https:\/\/marcali.plebania.hu\/wp-content\/uploads\/2022\/01\/19-300x200.jpg 300w, https:\/\/marcali.plebania.hu\/wp-content\/uploads\/2022\/01\/19-768x512.jpg 768w, https:\/\/marcali.plebania.hu\/wp-content\/uploads\/2022\/01\/19-1536x1024.jpg 1536w, https:\/\/marcali.plebania.hu\/wp-content\/uploads\/2022\/01\/19-2048x1365.jpg 2048w, https:\/\/marcali.plebania.hu\/wp-content\/uploads\/2022\/01\/19-405x270.jpg 405w\" sizes=\"auto, (max-width: 1024px) 100vw, 1024px\" \/><\/figure><\/li><\/ul><\/figure>\n\n\n\n<p>Az \u00f6kumenikus programsorozat Marcaliban\ntavaly, a koronav\u00edrus-j\u00e1rv\u00e1ny miatt, elmaradt. Az id\u00e9n pedig a pand\u00e9mia miatt, biztons\u00e1gi\nokokb\u00f3l, csak a katolikusokn\u00e1l tartott\u00e1k meg.<\/p>\n","protected":false},"excerpt":{"rendered":"<p>2022. janu\u00e1r 23-\u00e1n, vas\u00e1rnap a Gy\u00fcm\u00f6lcsolt\u00f3 Boldogasszony pl\u00e9b\u00e1niatemplomban 9 \u00f3rakor \u00fcnnepi istentisztelettel z\u00e1rult az \u00f6kumenikus imah\u00e9t Marcaliban, melyet Kiss Iv\u00e1n c. pr\u00e9post, pl\u00e9b\u00e1nos celebr\u00e1lt. Ig\u00e9t nagytisztelet\u0171 Fazekas Kriszti\u00e1n \u00c1rp\u00e1d reform\u00e1tus lelkip\u00e1sztor hirdetett a r\u00e9sztvev\u0151 katolikus \u00e9s a reform\u00e1tus h\u00edveknek. Az id\u00e9n orsz\u00e1gszerte janu\u00e1r 16-23. k\u00f6z\u00f6tt tartott\u00e1k meg az \u00f6kumenikus imahetet a kereszt\u00e9nyek egys\u00e9g\u00e9\u00e9rt, melynek anyag\u00e1t a K\u00f6zel-Keleti Egyh\u00e1zak Tan\u00e1csa \u00e1ll\u00edtotta \u00f6ssze. Jelmondatait ism\u00e9t a Bibli\u00e1b\u00f3l vett\u00e9k: \u201eL\u00e1ttuk az \u0151 csillag\u00e1t napkeleten, \u00e9s elj\u00f6tt\u00fcnk, hogy im\u00e1djuk \u0151t\u201d\/\u201eL\u00e1ttuk csillag\u00e1t napkeleten, \u00e9s elj\u00f6tt\u00fcnk,&#8230;<\/p>\n<p class=\"read-more\"><a class=\"btn btn-default\" href=\"https:\/\/marcali.plebania.hu\/?p=3266\"> Read More<span class=\"screen-reader-text\">  Read More<\/span><\/a><\/p>\n","protected":false},"author":2,"featured_media":0,"comment_status":"closed","ping_status":"open","sticky":false,"template":"","format":"standard","meta":{"footnotes":""},"categories":[1],"tags":[],"class_list":["post-3266","post","type-post","status-publish","format-standard","hentry","category-egyeb"],"_links":{"self":[{"href":"https:\/\/marcali.plebania.hu\/index.php?rest_route=\/wp\/v2\/posts\/3266","targetHints":{"allow":["GET"]}}],"collection":[{"href":"https:\/\/marcali.plebania.hu\/index.php?rest_route=\/wp\/v2\/posts"}],"about":[{"href":"https:\/\/marcali.plebania.hu\/index.php?rest_route=\/wp\/v2\/types\/post"}],"author":[{"embeddable":true,"href":"https:\/\/marcali.plebania.hu\/index.php?rest_route=\/wp\/v2\/users\/2"}],"replies":[{"embeddable":true,"href":"https:\/\/marcali.plebania.hu\/index.php?rest_route=%2Fwp%2Fv2%2Fcomments&post=3266"}],"version-history":[{"count":1,"href":"https:\/\/marcali.plebania.hu\/index.php?rest_route=\/wp\/v2\/posts\/3266\/revisions"}],"predecessor-version":[{"id":3280,"href":"https:\/\/marcali.plebania.hu\/index.php?rest_route=\/wp\/v2\/posts\/3266\/revisions\/3280"}],"wp:attachment":[{"href":"https:\/\/marcali.plebania.hu\/index.php?rest_route=%2Fwp%2Fv2%2Fmedia&parent=3266"}],"wp:term":[{"taxonomy":"category","embeddable":true,"href":"https:\/\/marcali.plebania.hu\/index.php?rest_route=%2Fwp%2Fv2%2Fcategories&post=3266"},{"taxonomy":"post_tag","embeddable":true,"href":"https:\/\/marcali.plebania.hu\/index.php?rest_route=%2Fwp%2Fv2%2Ftags&post=3266"}],"curies":[{"name":"wp","href":"https:\/\/api.w.org\/{rel}","templated":true}]}}