{"id":327,"date":"2018-08-31T06:54:04","date_gmt":"2018-08-31T06:54:04","guid":{"rendered":"https:\/\/marcali.plebania.hu\/?p=327"},"modified":"2018-08-31T06:54:04","modified_gmt":"2018-08-31T06:54:04","slug":"tovabbkepzes-marcaliban-az-uj-bellarmin-hitoktatas-nyilvantarto-rendszer-hasznalatarol","status":"publish","type":"post","link":"https:\/\/marcali.plebania.hu\/?p=327","title":{"rendered":"Tov\u00e1bbk\u00e9pz\u00e9s Marcaliban az \u00faj Bellarmin Hitoktat\u00e1s-nyilv\u00e1ntart\u00f3 rendszer haszn\u00e1lat\u00e1r\u00f3l"},"content":{"rendered":"<p>2018. augusztus 27-\u00e9n, a Kaposv\u00e1ri Egyh\u00e1zmegye ter\u00fclet\u00e9n egyszerre h\u00e1rom helysz\u00ednen is \u2013 a marcali, a nagykanizsai J\u00e9zus Sz\u00edve \u00e9s a si\u00f3foki pl\u00e9b\u00e1ni\u00e1kon \u2013 tartottak tov\u00e1bbk\u00e9pz\u00e9st az \u00faj Bellarmin Hitoktat\u00e1s-nyilv\u00e1ntart\u00f3 rendszerr\u0151l.<\/p>\n<p><img loading=\"lazy\" decoding=\"async\" class=\"aligncenter wp-image-328 size-large\" src=\"https:\/\/marcali.plebania.hu\/wp-content\/uploads\/2018\/08\/02-1024x678.jpg\" alt=\"\" width=\"640\" height=\"424\" srcset=\"https:\/\/marcali.plebania.hu\/wp-content\/uploads\/2018\/08\/02-1024x678.jpg 1024w, https:\/\/marcali.plebania.hu\/wp-content\/uploads\/2018\/08\/02-300x199.jpg 300w, https:\/\/marcali.plebania.hu\/wp-content\/uploads\/2018\/08\/02-768x509.jpg 768w, https:\/\/marcali.plebania.hu\/wp-content\/uploads\/2018\/08\/02-408x270.jpg 408w\" sizes=\"auto, (max-width: 640px) 100vw, 640px\" \/><\/p>\n<p>A Marcali Pl\u00e9b\u00e1ni\u00e1n \u00f6sszesen 13 pap \u00e9s hitoktat\u00f3 gy\u0171lt \u00f6ssze a k\u00f6rny\u00e9kr\u0151l, akiknek Bics\u00e1r L\u00e1szl\u00f3 kutasi pl\u00e9b\u00e1nos \u00e9s Billege Edit hitoktat\u00f3n\u0151 ismertette az \u00faj elektronikus rendszerrel kapcsolatos tudnival\u00f3kat, illetve mutatta be egy teszt oldalon az internetes fel\u00fclet haszn\u00e1lat\u00e1t a gyakorlatban is.<\/p>\n<p><img loading=\"lazy\" decoding=\"async\" class=\"aligncenter wp-image-330 size-large\" src=\"https:\/\/marcali.plebania.hu\/wp-content\/uploads\/2018\/08\/04-1024x678.jpg\" alt=\"\" width=\"640\" height=\"424\" srcset=\"https:\/\/marcali.plebania.hu\/wp-content\/uploads\/2018\/08\/04-1024x678.jpg 1024w, https:\/\/marcali.plebania.hu\/wp-content\/uploads\/2018\/08\/04-300x199.jpg 300w, https:\/\/marcali.plebania.hu\/wp-content\/uploads\/2018\/08\/04-768x509.jpg 768w, https:\/\/marcali.plebania.hu\/wp-content\/uploads\/2018\/08\/04-408x270.jpg 408w\" sizes=\"auto, (max-width: 640px) 100vw, 640px\" \/><\/p>\n<p>Ugyanis 2018 szeptember\u00e9t\u0151l a Kaposv\u00e1ri Egyh\u00e1zmegy\u00e9ben is k\u00f6telez\u0151en bevezet\u00e9sre ker\u00fcl a Bellarmin Hitoktat\u00e1s-nyilv\u00e1ntart\u00f3 rendszer. Ennek k\u00f6vetkezt\u00e9ben gyorsan \u00e9s k\u00f6nnyen lehet majd a hittan\u00f3r\u00e1kat, \u00f3rarendeket nyilv\u00e1ntartani, valamint halad\u00e1si napl\u00f3t vezetni, vagy az \u00e9rdemjegeket be\u00edrni, illetve ezen kereszt\u00fcl tudj\u00e1k majd a pl\u00e9b\u00e1nosok a saj\u00e1t, \u00e9s a hitoktat\u00f3ik hittan\u00f3r\u00e1it minden h\u00f3nap v\u00e9g\u00e9n j\u00f3v\u00e1hagyni.<\/p>\n<p><img loading=\"lazy\" decoding=\"async\" class=\"aligncenter wp-image-331 size-large\" src=\"https:\/\/marcali.plebania.hu\/wp-content\/uploads\/2018\/08\/05-1024x678.jpg\" alt=\"\" width=\"640\" height=\"424\" srcset=\"https:\/\/marcali.plebania.hu\/wp-content\/uploads\/2018\/08\/05-1024x678.jpg 1024w, https:\/\/marcali.plebania.hu\/wp-content\/uploads\/2018\/08\/05-300x199.jpg 300w, https:\/\/marcali.plebania.hu\/wp-content\/uploads\/2018\/08\/05-768x509.jpg 768w, https:\/\/marcali.plebania.hu\/wp-content\/uploads\/2018\/08\/05-408x270.jpg 408w\" sizes=\"auto, (max-width: 640px) 100vw, 640px\" \/><\/p>\n<p>A Kaposv\u00e1ri Egyh\u00e1zmegy\u00e9ben 2017 \u0151sz\u00e9n ideiglenesen vezett\u00e9k be a Bellarmin rendszert, amit p\u00e9ld\u00e1ul a Veszpr\u00e9mi \u00e9s V\u00e1ci Egyh\u00e1zmegy\u00e9ben m\u00e1r kor\u00e1bban is sikeresen haszn\u00e1ltak. A z\u00e1rt elektronikus rendszer haszn\u00e1l\u00f3i a hit- \u00e9s erk\u00f6lcstan oktat\u00e1sban r\u00e9sztvev\u0151 olyan egyh\u00e1zi \u00e9s vil\u00e1gi hitoktat\u00f3k lehetnek, akik a p\u00fcsp\u00f6ks\u00e9gen kor\u00e1bban felhaszn\u00e1l\u00f3i nevet \u00e9s jelsz\u00f3t ig\u00e9nyeltek, amivel be tudnak l\u00e9pni az internetes oldalra. A Bellarmin z\u00f6kken\u0151mentes haszn\u00e1lat\u00e1hoz \u00e9s m\u0171k\u00f6d\u00e9s\u00e9hez mind\u00f6ssze megfelel\u0151 internet el\u00e9rhet\u0151s\u00e9gre \u00e9s laptopra, t\u00e1blag\u00e9pre vagy sz\u00e1m\u00edt\u00f3g\u00e9pre van csup\u00e1n sz\u00fcks\u00e9g.<\/p>\n<p><img loading=\"lazy\" decoding=\"async\" class=\"aligncenter wp-image-329 size-large\" src=\"https:\/\/marcali.plebania.hu\/wp-content\/uploads\/2018\/08\/08-1024x678.jpg\" alt=\"\" width=\"640\" height=\"424\" srcset=\"https:\/\/marcali.plebania.hu\/wp-content\/uploads\/2018\/08\/08-1024x678.jpg 1024w, https:\/\/marcali.plebania.hu\/wp-content\/uploads\/2018\/08\/08-300x199.jpg 300w, https:\/\/marcali.plebania.hu\/wp-content\/uploads\/2018\/08\/08-768x509.jpg 768w, https:\/\/marcali.plebania.hu\/wp-content\/uploads\/2018\/08\/08-408x270.jpg 408w\" sizes=\"auto, (max-width: 640px) 100vw, 640px\" \/><\/p>\n<p>Kiss Iv\u00e1n c. pr\u00e9post, esperes-pl\u00e9b\u00e1nos, a Kaposv\u00e1ri Egyh\u00e1zmegye hitoktat\u00e1si referense elmondta, hogy 2018 \u0151sz\u00e9n az egyh\u00e1zmegye ter\u00fclet\u00e9n mintegy t\u00edzezer hittanos gyermek kezdi meg az iskolai \u00f3rarendbe \u00e9p\u00edtett hit- \u00e9s erk\u00f6lcstan tanulm\u00e1nyait. A tank\u00f6nyveket pedig szeptember elej\u00e9n, az els\u0151 \u00f3r\u00e1kon ingyen kapj\u00e1k meg hitoktat\u00f3ikt\u00f3l a di\u00e1kok.<\/p>\n","protected":false},"excerpt":{"rendered":"<p>2018. augusztus 27-\u00e9n, a Kaposv\u00e1ri Egyh\u00e1zmegye ter\u00fclet\u00e9n egyszerre h\u00e1rom helysz\u00ednen is \u2013 a marcali, a nagykanizsai J\u00e9zus Sz\u00edve \u00e9s a si\u00f3foki pl\u00e9b\u00e1ni\u00e1kon \u2013 tartottak tov\u00e1bbk\u00e9pz\u00e9st az \u00faj Bellarmin Hitoktat\u00e1s-nyilv\u00e1ntart\u00f3 rendszerr\u0151l. A Marcali Pl\u00e9b\u00e1ni\u00e1n \u00f6sszesen 13 pap \u00e9s hitoktat\u00f3 gy\u0171lt \u00f6ssze a k\u00f6rny\u00e9kr\u0151l, akiknek Bics\u00e1r L\u00e1szl\u00f3 kutasi pl\u00e9b\u00e1nos \u00e9s Billege Edit hitoktat\u00f3n\u0151 ismertette az \u00faj elektronikus rendszerrel kapcsolatos tudnival\u00f3kat, illetve mutatta be egy teszt oldalon az internetes fel\u00fclet haszn\u00e1lat\u00e1t a gyakorlatban is. Ugyanis 2018 szeptember\u00e9t\u0151l a Kaposv\u00e1ri Egyh\u00e1zmegy\u00e9ben is k\u00f6telez\u0151en bevezet\u00e9sre&#8230;<\/p>\n<p class=\"read-more\"><a class=\"btn btn-default\" href=\"https:\/\/marcali.plebania.hu\/?p=327\"> Read More<span class=\"screen-reader-text\">  Read More<\/span><\/a><\/p>\n","protected":false},"author":2,"featured_media":0,"comment_status":"closed","ping_status":"open","sticky":false,"template":"","format":"standard","meta":{"footnotes":""},"categories":[1],"tags":[],"class_list":["post-327","post","type-post","status-publish","format-standard","hentry","category-egyeb"],"_links":{"self":[{"href":"https:\/\/marcali.plebania.hu\/index.php?rest_route=\/wp\/v2\/posts\/327","targetHints":{"allow":["GET"]}}],"collection":[{"href":"https:\/\/marcali.plebania.hu\/index.php?rest_route=\/wp\/v2\/posts"}],"about":[{"href":"https:\/\/marcali.plebania.hu\/index.php?rest_route=\/wp\/v2\/types\/post"}],"author":[{"embeddable":true,"href":"https:\/\/marcali.plebania.hu\/index.php?rest_route=\/wp\/v2\/users\/2"}],"replies":[{"embeddable":true,"href":"https:\/\/marcali.plebania.hu\/index.php?rest_route=%2Fwp%2Fv2%2Fcomments&post=327"}],"version-history":[{"count":1,"href":"https:\/\/marcali.plebania.hu\/index.php?rest_route=\/wp\/v2\/posts\/327\/revisions"}],"predecessor-version":[{"id":332,"href":"https:\/\/marcali.plebania.hu\/index.php?rest_route=\/wp\/v2\/posts\/327\/revisions\/332"}],"wp:attachment":[{"href":"https:\/\/marcali.plebania.hu\/index.php?rest_route=%2Fwp%2Fv2%2Fmedia&parent=327"}],"wp:term":[{"taxonomy":"category","embeddable":true,"href":"https:\/\/marcali.plebania.hu\/index.php?rest_route=%2Fwp%2Fv2%2Fcategories&post=327"},{"taxonomy":"post_tag","embeddable":true,"href":"https:\/\/marcali.plebania.hu\/index.php?rest_route=%2Fwp%2Fv2%2Ftags&post=327"}],"curies":[{"name":"wp","href":"https:\/\/api.w.org\/{rel}","templated":true}]}}