{"id":3281,"date":"2022-01-28T08:18:15","date_gmt":"2022-01-28T08:18:15","guid":{"rendered":"https:\/\/marcali.plebania.hu\/?p=3281"},"modified":"2022-01-30T14:45:54","modified_gmt":"2022-01-30T14:45:54","slug":"hirdetesek-2022-01-30","status":"publish","type":"post","link":"https:\/\/marcali.plebania.hu\/?p=3281","title":{"rendered":"Hirdet\u00e9sek, 2022. 01. 30."},"content":{"rendered":"\n<ol class=\"wp-block-list\"><li>Ma van az \u00e9vk\u00f6zi 4. vas\u00e1rnap.<\/li><li>A j\u00f6v\u0151 h\u00e9ten, szerd\u00e1n, febru\u00e1r 2-\u00e1n Gyertyaszentel\u0151 Boldogasszony \u00fcnnepe, este 5 \u00f3rakor lesz szentmise a pl\u00e9b\u00e1niatemplomban.<\/li><li>P\u00e9nteken els\u0151 p\u00e9ntek, 16.30-kor gy\u00f3ntat\u00e1s, szents\u00e9gim\u00e1d\u00e1s, 17 \u00f3rakor igeliturgia.<\/li><li>Szombaton 17 \u00f3rakor szentmise.<\/li><li>A h\u00e9tv\u00e9g\u00e9n, miden szentmise ut\u00e1n (p\u00e9ntek, szombat, vas\u00e1rnap) bal\u00e1zsol\u00e1s.<\/li><\/ol>\n","protected":false},"excerpt":{"rendered":"<p>Ma van az \u00e9vk\u00f6zi 4. vas\u00e1rnap. A j\u00f6v\u0151 h\u00e9ten, szerd\u00e1n, febru\u00e1r 2-\u00e1n Gyertyaszentel\u0151 Boldogasszony \u00fcnnepe, este 5 \u00f3rakor lesz szentmise a pl\u00e9b\u00e1niatemplomban. P\u00e9nteken els\u0151 p\u00e9ntek, 16.30-kor gy\u00f3ntat\u00e1s, szents\u00e9gim\u00e1d\u00e1s, 17 \u00f3rakor igeliturgia. Szombaton 17 \u00f3rakor szentmise. A h\u00e9tv\u00e9g\u00e9n, miden szentmise ut\u00e1n (p\u00e9ntek, szombat, vas\u00e1rnap) bal\u00e1zsol\u00e1s.<\/p>\n","protected":false},"author":2,"featured_media":0,"comment_status":"closed","ping_status":"open","sticky":false,"template":"","format":"standard","meta":{"footnotes":""},"categories":[1],"tags":[],"class_list":["post-3281","post","type-post","status-publish","format-standard","hentry","category-egyeb"],"_links":{"self":[{"href":"https:\/\/marcali.plebania.hu\/index.php?rest_route=\/wp\/v2\/posts\/3281","targetHints":{"allow":["GET"]}}],"collection":[{"href":"https:\/\/marcali.plebania.hu\/index.php?rest_route=\/wp\/v2\/posts"}],"about":[{"href":"https:\/\/marcali.plebania.hu\/index.php?rest_route=\/wp\/v2\/types\/post"}],"author":[{"embeddable":true,"href":"https:\/\/marcali.plebania.hu\/index.php?rest_route=\/wp\/v2\/users\/2"}],"replies":[{"embeddable":true,"href":"https:\/\/marcali.plebania.hu\/index.php?rest_route=%2Fwp%2Fv2%2Fcomments&post=3281"}],"version-history":[{"count":2,"href":"https:\/\/marcali.plebania.hu\/index.php?rest_route=\/wp\/v2\/posts\/3281\/revisions"}],"predecessor-version":[{"id":3285,"href":"https:\/\/marcali.plebania.hu\/index.php?rest_route=\/wp\/v2\/posts\/3281\/revisions\/3285"}],"wp:attachment":[{"href":"https:\/\/marcali.plebania.hu\/index.php?rest_route=%2Fwp%2Fv2%2Fmedia&parent=3281"}],"wp:term":[{"taxonomy":"category","embeddable":true,"href":"https:\/\/marcali.plebania.hu\/index.php?rest_route=%2Fwp%2Fv2%2Fcategories&post=3281"},{"taxonomy":"post_tag","embeddable":true,"href":"https:\/\/marcali.plebania.hu\/index.php?rest_route=%2Fwp%2Fv2%2Ftags&post=3281"}],"curies":[{"name":"wp","href":"https:\/\/api.w.org\/{rel}","templated":true}]}}