{"id":3292,"date":"2022-02-04T08:35:27","date_gmt":"2022-02-04T08:35:27","guid":{"rendered":"https:\/\/marcali.plebania.hu\/?p=3292"},"modified":"2022-02-04T09:34:48","modified_gmt":"2022-02-04T09:34:48","slug":"hirdetesek-2022-02-06","status":"publish","type":"post","link":"https:\/\/marcali.plebania.hu\/?p=3292","title":{"rendered":"Hirdet\u00e9sek, 2022. 02. 06."},"content":{"rendered":"\n<ol class=\"wp-block-list\"><li>Ma van az \u00e9vk\u00f6zi 5. vas\u00e1rnap.<\/li><li>P\u00e9nteken 16.30-kor szents\u00e9gim\u00e1d\u00e1s, 17 \u00f3rakor szentmise.<\/li><li>Ugyancsak p\u00e9nteken lesz a Betegek vil\u00e1gnapja, mivel a covid-j\u00e1rv\u00e1ny miatt a betegek szents\u00e9g\u00e9nek kiszolg\u00e1ltat\u00e1sa nem lehets\u00e9ges, egy k\u00e9s\u0151bbi id\u0151pontra (Nagyb\u00f6jtre) halasszuk a betegek szents\u00e9g\u00e9nek kiszolg\u00e1ltat\u00e1s\u00e1t.<\/li><li>Szombaton 16 \u00f3rakor fatimai ima\u00f3r\u00e1t tartunk, 17 \u00f3rakor szentmise.<\/li><li>A Kaposv\u00e1ri Egyh\u00e1zmegye rajzp\u00e1ly\u00e1zatot \u00edrt ki hittanos gyermekeknek: M\u00e1ria az \u00e9n \u00e9gi \u00e9desany\u00e1m c\u00edmmel. A rajzp\u00e1ly\u00e1zatr\u00f3l r\u00e9szletesen a hitoktat\u00f3k t\u00e1j\u00e9koztatj\u00e1k a gyermekeket.<\/li><li>A Marcali Pl\u00e9b\u00e1nia 300 \u00e9ve lett \u00fajj\u00e1alap\u00edtva. Mint hirdett\u00fck eg\u00e9sz \u00e9vi programban fogunk megeml\u00e9kezni r\u00f3la. \u00c9rkeztek be m\u00e1r javaslatok, de tov\u00e1bbra is v\u00e1rjuk a h\u00edvek javaslatait. K\u00fcl\u00f6n\u00f6sen a hitoktat\u00f3kra sz\u00e1m\u00edtunk, hogy megmozgass\u00e1k az iskol\u00e1inkban hittanoktat\u00e1sban r\u00e9szes\u00fcl\u0151 di\u00e1kjainkat.<\/li><li>A b\u00e9rm\u00e1l\u00e1s id\u0151pontja: m\u00e1jus 29. (vas\u00e1rnap) 11 \u00f3ra. Csak azok a gyermekek b\u00e9rm\u00e1lkozhatnak, akik rendszeresen (minden vas\u00e1rnap) j\u00e1rnak szentmis\u00e9re.<\/li><li>A Marcali Pl\u00e9b\u00e1ni\u00e1nak \u00faj k\u00f6nyvel\u0151je van: Forr\u00f3 Barbara szem\u00e9ly\u00e9ben. Szeretn\u00e9nk megk\u00f6sz\u00f6nni J\u00e1ki Zolt\u00e1nn\u00e9 t\u00f6bb \u00e9vtizedes munk\u00e1j\u00e1t, amit nagy szorgalommal, \u00f6nzetlen\u00fcl v\u00e9gzett. Tov\u00e1bbra is sz\u00e1m\u00edtunk tev\u00e9keny munk\u00e1j\u00e1ra az egyh\u00e1zk\u00f6zs\u00e9g \u00e9let\u00e9ben. K\u00f6sz\u00f6nj\u00fck sz\u00e9pen!<\/li><\/ol>\n","protected":false},"excerpt":{"rendered":"<p>Ma van az \u00e9vk\u00f6zi 5. vas\u00e1rnap. P\u00e9nteken 16.30-kor szents\u00e9gim\u00e1d\u00e1s, 17 \u00f3rakor szentmise. Ugyancsak p\u00e9nteken lesz a Betegek vil\u00e1gnapja, mivel a covid-j\u00e1rv\u00e1ny miatt a betegek szents\u00e9g\u00e9nek kiszolg\u00e1ltat\u00e1sa nem lehets\u00e9ges, egy k\u00e9s\u0151bbi id\u0151pontra (Nagyb\u00f6jtre) halasszuk a betegek szents\u00e9g\u00e9nek kiszolg\u00e1ltat\u00e1s\u00e1t. Szombaton 16 \u00f3rakor fatimai ima\u00f3r\u00e1t tartunk, 17 \u00f3rakor szentmise. A Kaposv\u00e1ri Egyh\u00e1zmegye rajzp\u00e1ly\u00e1zatot \u00edrt ki hittanos gyermekeknek: M\u00e1ria az \u00e9n \u00e9gi \u00e9desany\u00e1m c\u00edmmel. A rajzp\u00e1ly\u00e1zatr\u00f3l r\u00e9szletesen a hitoktat\u00f3k t\u00e1j\u00e9koztatj\u00e1k a gyermekeket. A Marcali Pl\u00e9b\u00e1nia 300 \u00e9ve lett \u00fajj\u00e1alap\u00edtva. Mint hirdett\u00fck eg\u00e9sz \u00e9vi programban&#8230;<\/p>\n<p class=\"read-more\"><a class=\"btn btn-default\" href=\"https:\/\/marcali.plebania.hu\/?p=3292\"> Read More<span class=\"screen-reader-text\">  Read More<\/span><\/a><\/p>\n","protected":false},"author":2,"featured_media":0,"comment_status":"closed","ping_status":"open","sticky":false,"template":"","format":"standard","meta":{"footnotes":""},"categories":[1],"tags":[],"class_list":["post-3292","post","type-post","status-publish","format-standard","hentry","category-egyeb"],"_links":{"self":[{"href":"https:\/\/marcali.plebania.hu\/index.php?rest_route=\/wp\/v2\/posts\/3292","targetHints":{"allow":["GET"]}}],"collection":[{"href":"https:\/\/marcali.plebania.hu\/index.php?rest_route=\/wp\/v2\/posts"}],"about":[{"href":"https:\/\/marcali.plebania.hu\/index.php?rest_route=\/wp\/v2\/types\/post"}],"author":[{"embeddable":true,"href":"https:\/\/marcali.plebania.hu\/index.php?rest_route=\/wp\/v2\/users\/2"}],"replies":[{"embeddable":true,"href":"https:\/\/marcali.plebania.hu\/index.php?rest_route=%2Fwp%2Fv2%2Fcomments&post=3292"}],"version-history":[{"count":2,"href":"https:\/\/marcali.plebania.hu\/index.php?rest_route=\/wp\/v2\/posts\/3292\/revisions"}],"predecessor-version":[{"id":3296,"href":"https:\/\/marcali.plebania.hu\/index.php?rest_route=\/wp\/v2\/posts\/3292\/revisions\/3296"}],"wp:attachment":[{"href":"https:\/\/marcali.plebania.hu\/index.php?rest_route=%2Fwp%2Fv2%2Fmedia&parent=3292"}],"wp:term":[{"taxonomy":"category","embeddable":true,"href":"https:\/\/marcali.plebania.hu\/index.php?rest_route=%2Fwp%2Fv2%2Fcategories&post=3292"},{"taxonomy":"post_tag","embeddable":true,"href":"https:\/\/marcali.plebania.hu\/index.php?rest_route=%2Fwp%2Fv2%2Ftags&post=3292"}],"curies":[{"name":"wp","href":"https:\/\/api.w.org\/{rel}","templated":true}]}}