{"id":3297,"date":"2022-02-07T15:15:00","date_gmt":"2022-02-07T15:15:00","guid":{"rendered":"https:\/\/marcali.plebania.hu\/?p=3297"},"modified":"2022-02-07T15:15:00","modified_gmt":"2022-02-07T15:15:00","slug":"megkoszontek-jaki-zoltanne-tobb-evtizedes-konyveloi-munkajat","status":"publish","type":"post","link":"https:\/\/marcali.plebania.hu\/?p=3297","title":{"rendered":"Megk\u00f6sz\u00f6nt\u00e9k J\u00e1ki Zolt\u00e1nn\u00e9 t\u00f6bb \u00e9vtizedes k\u00f6nyvel\u0151i munk\u00e1j\u00e1t"},"content":{"rendered":"\n<p>2021. febru\u00e1r 6-\u00e1n, vas\u00e1rnap a 9 \u00f3r\u00e1s szentmise keret\u00e9ben Kiss Iv\u00e1n c. pr\u00e9post, pl\u00e9b\u00e1nos aj\u00e1nd\u00e9kkos\u00e1rral \u00e9s n\u00e9h\u00e1ny m\u00e9ltat\u00f3 sz\u00f3val k\u00f6sz\u00f6nte meg J\u00e1ki Zolt\u00e1nn\u00e9 k\u00f6nyvel\u0151i munk\u00e1j\u00e1t a Gy\u00fcm\u00f6lcsolt\u00f3 Boldogasszony pl\u00e9b\u00e1niatemplomban.<\/p>\n\n\n\n<p>J\u00e1ki Zolt\u00e1nn\u00e9 t\u00f6bb mint k\u00e9t \u00e9vtizedig tev\u00e9kenykedett a Marcali R\u00f3mai Katolikus Egyh\u00e1zk\u00f6zs\u00e9gn\u00e9l \u00f6nzetlen\u00fcl, nagy szorgalommal \u00e9s precizit\u00e1ssal.<\/p>\n\n\n\n<figure class=\"wp-block-gallery columns-3 is-cropped wp-block-gallery-1 is-layout-flex wp-block-gallery-is-layout-flex\"><ul class=\"blocks-gallery-grid\"><li class=\"blocks-gallery-item\"><figure><img loading=\"lazy\" decoding=\"async\" width=\"1024\" height=\"768\" src=\"https:\/\/marcali.plebania.hu\/wp-content\/uploads\/2022\/02\/IMG_1378-1024x768.jpg\" alt=\"\" data-id=\"3298\" data-link=\"https:\/\/marcali.plebania.hu\/?attachment_id=3298\" class=\"wp-image-3298\" srcset=\"https:\/\/marcali.plebania.hu\/wp-content\/uploads\/2022\/02\/IMG_1378-1024x768.jpg 1024w, https:\/\/marcali.plebania.hu\/wp-content\/uploads\/2022\/02\/IMG_1378-300x225.jpg 300w, https:\/\/marcali.plebania.hu\/wp-content\/uploads\/2022\/02\/IMG_1378-768x576.jpg 768w, https:\/\/marcali.plebania.hu\/wp-content\/uploads\/2022\/02\/IMG_1378-1536x1152.jpg 1536w, https:\/\/marcali.plebania.hu\/wp-content\/uploads\/2022\/02\/IMG_1378-2048x1536.jpg 2048w, https:\/\/marcali.plebania.hu\/wp-content\/uploads\/2022\/02\/IMG_1378-360x270.jpg 360w\" sizes=\"auto, (max-width: 1024px) 100vw, 1024px\" \/><\/figure><\/li><li class=\"blocks-gallery-item\"><figure><img loading=\"lazy\" decoding=\"async\" width=\"1024\" height=\"768\" src=\"https:\/\/marcali.plebania.hu\/wp-content\/uploads\/2022\/02\/IMG_1380-1024x768.jpg\" alt=\"\" data-id=\"3299\" data-link=\"https:\/\/marcali.plebania.hu\/?attachment_id=3299\" class=\"wp-image-3299\" srcset=\"https:\/\/marcali.plebania.hu\/wp-content\/uploads\/2022\/02\/IMG_1380-1024x768.jpg 1024w, https:\/\/marcali.plebania.hu\/wp-content\/uploads\/2022\/02\/IMG_1380-300x225.jpg 300w, https:\/\/marcali.plebania.hu\/wp-content\/uploads\/2022\/02\/IMG_1380-768x576.jpg 768w, https:\/\/marcali.plebania.hu\/wp-content\/uploads\/2022\/02\/IMG_1380-1536x1152.jpg 1536w, https:\/\/marcali.plebania.hu\/wp-content\/uploads\/2022\/02\/IMG_1380-2048x1536.jpg 2048w, https:\/\/marcali.plebania.hu\/wp-content\/uploads\/2022\/02\/IMG_1380-360x270.jpg 360w\" sizes=\"auto, (max-width: 1024px) 100vw, 1024px\" \/><\/figure><\/li><li class=\"blocks-gallery-item\"><figure><img loading=\"lazy\" decoding=\"async\" width=\"1024\" height=\"768\" src=\"https:\/\/marcali.plebania.hu\/wp-content\/uploads\/2022\/02\/IMG_1381-1024x768.jpg\" alt=\"\" data-id=\"3300\" data-link=\"https:\/\/marcali.plebania.hu\/?attachment_id=3300\" class=\"wp-image-3300\" srcset=\"https:\/\/marcali.plebania.hu\/wp-content\/uploads\/2022\/02\/IMG_1381-1024x768.jpg 1024w, https:\/\/marcali.plebania.hu\/wp-content\/uploads\/2022\/02\/IMG_1381-300x225.jpg 300w, https:\/\/marcali.plebania.hu\/wp-content\/uploads\/2022\/02\/IMG_1381-768x576.jpg 768w, https:\/\/marcali.plebania.hu\/wp-content\/uploads\/2022\/02\/IMG_1381-1536x1152.jpg 1536w, https:\/\/marcali.plebania.hu\/wp-content\/uploads\/2022\/02\/IMG_1381-2048x1536.jpg 2048w, https:\/\/marcali.plebania.hu\/wp-content\/uploads\/2022\/02\/IMG_1381-360x270.jpg 360w\" sizes=\"auto, (max-width: 1024px) 100vw, 1024px\" \/><\/figure><\/li><li class=\"blocks-gallery-item\"><figure><img loading=\"lazy\" decoding=\"async\" width=\"1024\" height=\"768\" src=\"https:\/\/marcali.plebania.hu\/wp-content\/uploads\/2022\/02\/IMG_1383-1024x768.jpg\" alt=\"\" data-id=\"3301\" data-full-url=\"https:\/\/marcali.plebania.hu\/wp-content\/uploads\/2022\/02\/IMG_1383-scaled.jpg\" data-link=\"https:\/\/marcali.plebania.hu\/?attachment_id=3301\" class=\"wp-image-3301\" srcset=\"https:\/\/marcali.plebania.hu\/wp-content\/uploads\/2022\/02\/IMG_1383-1024x768.jpg 1024w, https:\/\/marcali.plebania.hu\/wp-content\/uploads\/2022\/02\/IMG_1383-300x225.jpg 300w, https:\/\/marcali.plebania.hu\/wp-content\/uploads\/2022\/02\/IMG_1383-768x576.jpg 768w, https:\/\/marcali.plebania.hu\/wp-content\/uploads\/2022\/02\/IMG_1383-1536x1152.jpg 1536w, https:\/\/marcali.plebania.hu\/wp-content\/uploads\/2022\/02\/IMG_1383-2048x1536.jpg 2048w, https:\/\/marcali.plebania.hu\/wp-content\/uploads\/2022\/02\/IMG_1383-360x270.jpg 360w\" sizes=\"auto, (max-width: 1024px) 100vw, 1024px\" \/><\/figure><\/li><\/ul><\/figure>\n\n\n\n<p>Az\naj\u00e1nd\u00e9kkosarat Iv\u00e1n atya \u00e9s Kir\u00e1ly Jen\u0151 templomatya adta \u00e1t a volt k\u00f6nyvel\u0151nek,\nvalamint a F\u00e9ny Gyermekei Zenekar k\u00f6zrem\u0171k\u00f6d\u00e9s\u00e9vel, s a h\u00edvekkel egy\u00fctt\nel\u00e9nekelt\u00e9k neki az \u00e1roni \u00e1ld\u00e1st \u00e9s k\u00e9rt\u00e9k Isten \u00e1ld\u00e1s\u00e1t tov\u00e1bbi \u00e9let\u00e9re.<\/p>\n\n\n\n<p>A\npl\u00e9b\u00e1nos \u00far a k\u00f6sz\u00f6net hangjain t\u00fal kihangs\u00falyozta m\u00e9g, hogy tov\u00e1bbra is sz\u00e1m\u00edt\nJ\u00e1ki Zolt\u00e1nn\u00e9 tev\u00e9keny munk\u00e1j\u00e1ra az egyh\u00e1zk\u00f6zs\u00e9g \u00e9let\u00e9ben.<\/p>\n\n\n\n<p>A Marcali Pl\u00e9b\u00e1nia k\u00f6nyvel\u0151i\nfeladatait Forr\u00f3 Barbara v\u00e1llalta el \u00e9s l\u00e1tja el a j\u00f6v\u0151ben.<\/p>\n","protected":false},"excerpt":{"rendered":"<p>2021. febru\u00e1r 6-\u00e1n, vas\u00e1rnap a 9 \u00f3r\u00e1s szentmise keret\u00e9ben Kiss Iv\u00e1n c. pr\u00e9post, pl\u00e9b\u00e1nos aj\u00e1nd\u00e9kkos\u00e1rral \u00e9s n\u00e9h\u00e1ny m\u00e9ltat\u00f3 sz\u00f3val k\u00f6sz\u00f6nte meg J\u00e1ki Zolt\u00e1nn\u00e9 k\u00f6nyvel\u0151i munk\u00e1j\u00e1t a Gy\u00fcm\u00f6lcsolt\u00f3 Boldogasszony pl\u00e9b\u00e1niatemplomban. J\u00e1ki Zolt\u00e1nn\u00e9 t\u00f6bb mint k\u00e9t \u00e9vtizedig tev\u00e9kenykedett a Marcali R\u00f3mai Katolikus Egyh\u00e1zk\u00f6zs\u00e9gn\u00e9l \u00f6nzetlen\u00fcl, nagy szorgalommal \u00e9s precizit\u00e1ssal. Az aj\u00e1nd\u00e9kkosarat Iv\u00e1n atya \u00e9s Kir\u00e1ly Jen\u0151 templomatya adta \u00e1t a volt k\u00f6nyvel\u0151nek, valamint a F\u00e9ny Gyermekei Zenekar k\u00f6zrem\u0171k\u00f6d\u00e9s\u00e9vel, s a h\u00edvekkel egy\u00fctt el\u00e9nekelt\u00e9k neki az \u00e1roni \u00e1ld\u00e1st \u00e9s k\u00e9rt\u00e9k Isten \u00e1ld\u00e1s\u00e1t tov\u00e1bbi \u00e9let\u00e9re&#8230;.<\/p>\n<p class=\"read-more\"><a class=\"btn btn-default\" href=\"https:\/\/marcali.plebania.hu\/?p=3297\"> Read More<span class=\"screen-reader-text\">  Read More<\/span><\/a><\/p>\n","protected":false},"author":2,"featured_media":0,"comment_status":"closed","ping_status":"open","sticky":false,"template":"","format":"standard","meta":{"footnotes":""},"categories":[1],"tags":[],"class_list":["post-3297","post","type-post","status-publish","format-standard","hentry","category-egyeb"],"_links":{"self":[{"href":"https:\/\/marcali.plebania.hu\/index.php?rest_route=\/wp\/v2\/posts\/3297","targetHints":{"allow":["GET"]}}],"collection":[{"href":"https:\/\/marcali.plebania.hu\/index.php?rest_route=\/wp\/v2\/posts"}],"about":[{"href":"https:\/\/marcali.plebania.hu\/index.php?rest_route=\/wp\/v2\/types\/post"}],"author":[{"embeddable":true,"href":"https:\/\/marcali.plebania.hu\/index.php?rest_route=\/wp\/v2\/users\/2"}],"replies":[{"embeddable":true,"href":"https:\/\/marcali.plebania.hu\/index.php?rest_route=%2Fwp%2Fv2%2Fcomments&post=3297"}],"version-history":[{"count":1,"href":"https:\/\/marcali.plebania.hu\/index.php?rest_route=\/wp\/v2\/posts\/3297\/revisions"}],"predecessor-version":[{"id":3302,"href":"https:\/\/marcali.plebania.hu\/index.php?rest_route=\/wp\/v2\/posts\/3297\/revisions\/3302"}],"wp:attachment":[{"href":"https:\/\/marcali.plebania.hu\/index.php?rest_route=%2Fwp%2Fv2%2Fmedia&parent=3297"}],"wp:term":[{"taxonomy":"category","embeddable":true,"href":"https:\/\/marcali.plebania.hu\/index.php?rest_route=%2Fwp%2Fv2%2Fcategories&post=3297"},{"taxonomy":"post_tag","embeddable":true,"href":"https:\/\/marcali.plebania.hu\/index.php?rest_route=%2Fwp%2Fv2%2Ftags&post=3297"}],"curies":[{"name":"wp","href":"https:\/\/api.w.org\/{rel}","templated":true}]}}