{"id":3306,"date":"2022-02-11T08:27:58","date_gmt":"2022-02-11T08:27:58","guid":{"rendered":"https:\/\/marcali.plebania.hu\/?p=3306"},"modified":"2022-02-11T08:27:58","modified_gmt":"2022-02-11T08:27:58","slug":"hirdetesek-2022-02-13","status":"publish","type":"post","link":"https:\/\/marcali.plebania.hu\/?p=3306","title":{"rendered":"Hirdet\u00e9sek, 2022. 02. 13."},"content":{"rendered":"\n<ol class=\"wp-block-list\"><li>Ma van az \u00e9vk\u00f6zi 6. vas\u00e1rnap.<\/li><li>A h\u00e9ten, p\u00e9nteken 16.30-kor szents\u00e9gim\u00e1d\u00e1s, 17 \u00f3rakor szentmise.<\/li><li>J\u00f6v\u0151 vas\u00e1rnap 9 \u00f3rakor a pl\u00e9b\u00e1niatemplomban a H\u00e1zass\u00e1g Het\u00e9nek keret\u00e9ben meg\u00e1ldjuk a h\u00e1zasp\u00e1rokat. Erre az alkalomra h\u00edvjuk a h\u00e1zasp\u00e1rokat, szerelmeseket, p\u00e1rokat. Els\u0151sorban a hittanos gyermekek sz\u00fcleit v\u00e1rjuk, hogy \u0151k is r\u00e9szes\u00fcljenek ebb\u0151l az \u00e1ld\u00e1sb\u00f3l. K\u00e9rem a hitoktat\u00f3kat, hogy a hittan\u00f3r\u00e1kon h\u00edvj\u00e1k meg a gyermekeken kereszt\u00fcl a sz\u00fcl\u0151ket.<\/li><li>A b\u00e9rm\u00e1l\u00e1s id\u0151pontja: M\u00e1jus 29. (vas\u00e1rnap) 11 \u00f3ra, pl\u00e9b\u00e1niatemplom. Ism\u00e9telten felh\u00edvom a figyelmet arra, hogy a b\u00e9rm\u00e1l\u00e1sra val\u00f3 felk\u00e9sz\u00fcl\u00e9s eleme a rendszeres vas\u00e1rnapi szentmis\u00e9re j\u00e1r\u00e1s.<\/li><\/ol>\n","protected":false},"excerpt":{"rendered":"<p>Ma van az \u00e9vk\u00f6zi 6. vas\u00e1rnap. A h\u00e9ten, p\u00e9nteken 16.30-kor szents\u00e9gim\u00e1d\u00e1s, 17 \u00f3rakor szentmise. J\u00f6v\u0151 vas\u00e1rnap 9 \u00f3rakor a pl\u00e9b\u00e1niatemplomban a H\u00e1zass\u00e1g Het\u00e9nek keret\u00e9ben meg\u00e1ldjuk a h\u00e1zasp\u00e1rokat. Erre az alkalomra h\u00edvjuk a h\u00e1zasp\u00e1rokat, szerelmeseket, p\u00e1rokat. Els\u0151sorban a hittanos gyermekek sz\u00fcleit v\u00e1rjuk, hogy \u0151k is r\u00e9szes\u00fcljenek ebb\u0151l az \u00e1ld\u00e1sb\u00f3l. K\u00e9rem a hitoktat\u00f3kat, hogy a hittan\u00f3r\u00e1kon h\u00edvj\u00e1k meg a gyermekeken kereszt\u00fcl a sz\u00fcl\u0151ket. A b\u00e9rm\u00e1l\u00e1s id\u0151pontja: M\u00e1jus 29. (vas\u00e1rnap) 11 \u00f3ra, pl\u00e9b\u00e1niatemplom. Ism\u00e9telten felh\u00edvom a figyelmet arra, hogy a b\u00e9rm\u00e1l\u00e1sra val\u00f3 felk\u00e9sz\u00fcl\u00e9s&#8230;<\/p>\n<p class=\"read-more\"><a class=\"btn btn-default\" href=\"https:\/\/marcali.plebania.hu\/?p=3306\"> Read More<span class=\"screen-reader-text\">  Read More<\/span><\/a><\/p>\n","protected":false},"author":2,"featured_media":0,"comment_status":"closed","ping_status":"open","sticky":false,"template":"","format":"standard","meta":{"footnotes":""},"categories":[1],"tags":[],"class_list":["post-3306","post","type-post","status-publish","format-standard","hentry","category-egyeb"],"_links":{"self":[{"href":"https:\/\/marcali.plebania.hu\/index.php?rest_route=\/wp\/v2\/posts\/3306","targetHints":{"allow":["GET"]}}],"collection":[{"href":"https:\/\/marcali.plebania.hu\/index.php?rest_route=\/wp\/v2\/posts"}],"about":[{"href":"https:\/\/marcali.plebania.hu\/index.php?rest_route=\/wp\/v2\/types\/post"}],"author":[{"embeddable":true,"href":"https:\/\/marcali.plebania.hu\/index.php?rest_route=\/wp\/v2\/users\/2"}],"replies":[{"embeddable":true,"href":"https:\/\/marcali.plebania.hu\/index.php?rest_route=%2Fwp%2Fv2%2Fcomments&post=3306"}],"version-history":[{"count":1,"href":"https:\/\/marcali.plebania.hu\/index.php?rest_route=\/wp\/v2\/posts\/3306\/revisions"}],"predecessor-version":[{"id":3307,"href":"https:\/\/marcali.plebania.hu\/index.php?rest_route=\/wp\/v2\/posts\/3306\/revisions\/3307"}],"wp:attachment":[{"href":"https:\/\/marcali.plebania.hu\/index.php?rest_route=%2Fwp%2Fv2%2Fmedia&parent=3306"}],"wp:term":[{"taxonomy":"category","embeddable":true,"href":"https:\/\/marcali.plebania.hu\/index.php?rest_route=%2Fwp%2Fv2%2Fcategories&post=3306"},{"taxonomy":"post_tag","embeddable":true,"href":"https:\/\/marcali.plebania.hu\/index.php?rest_route=%2Fwp%2Fv2%2Ftags&post=3306"}],"curies":[{"name":"wp","href":"https:\/\/api.w.org\/{rel}","templated":true}]}}