{"id":3308,"date":"2022-02-17T08:55:23","date_gmt":"2022-02-17T08:55:23","guid":{"rendered":"https:\/\/marcali.plebania.hu\/?p=3308"},"modified":"2022-02-17T08:55:23","modified_gmt":"2022-02-17T08:55:23","slug":"kurucz-adam-konrad-valogatas-magyar-koltok-istenes-muveibol-meghivo-eloadasra","status":"publish","type":"post","link":"https:\/\/marcali.plebania.hu\/?p=3308","title":{"rendered":"Kurucz \u00c1d\u00e1m Konr\u00e1d: V\u00e1logat\u00e1s Magyar K\u00f6lt\u0151k Istenes m\u0171veib\u0151l &#8211; Megh\u00edv\u00f3 el\u0151ad\u00e1sra"},"content":{"rendered":"\n<figure class=\"wp-block-image size-large\"><img loading=\"lazy\" decoding=\"async\" width=\"940\" height=\"788\" src=\"https:\/\/marcali.plebania.hu\/wp-content\/uploads\/2022\/02\/273184339_4716717141709005_7907961307371073922_n.jpg\" alt=\"\" class=\"wp-image-3309\" srcset=\"https:\/\/marcali.plebania.hu\/wp-content\/uploads\/2022\/02\/273184339_4716717141709005_7907961307371073922_n.jpg 940w, https:\/\/marcali.plebania.hu\/wp-content\/uploads\/2022\/02\/273184339_4716717141709005_7907961307371073922_n-300x251.jpg 300w, https:\/\/marcali.plebania.hu\/wp-content\/uploads\/2022\/02\/273184339_4716717141709005_7907961307371073922_n-768x644.jpg 768w, https:\/\/marcali.plebania.hu\/wp-content\/uploads\/2022\/02\/273184339_4716717141709005_7907961307371073922_n-322x270.jpg 322w\" sizes=\"auto, (max-width: 940px) 100vw, 940px\" \/><\/figure>\n","protected":false},"excerpt":{"rendered":"","protected":false},"author":2,"featured_media":0,"comment_status":"closed","ping_status":"open","sticky":false,"template":"","format":"standard","meta":{"footnotes":""},"categories":[1],"tags":[],"class_list":["post-3308","post","type-post","status-publish","format-standard","hentry","category-egyeb"],"_links":{"self":[{"href":"https:\/\/marcali.plebania.hu\/index.php?rest_route=\/wp\/v2\/posts\/3308","targetHints":{"allow":["GET"]}}],"collection":[{"href":"https:\/\/marcali.plebania.hu\/index.php?rest_route=\/wp\/v2\/posts"}],"about":[{"href":"https:\/\/marcali.plebania.hu\/index.php?rest_route=\/wp\/v2\/types\/post"}],"author":[{"embeddable":true,"href":"https:\/\/marcali.plebania.hu\/index.php?rest_route=\/wp\/v2\/users\/2"}],"replies":[{"embeddable":true,"href":"https:\/\/marcali.plebania.hu\/index.php?rest_route=%2Fwp%2Fv2%2Fcomments&post=3308"}],"version-history":[{"count":1,"href":"https:\/\/marcali.plebania.hu\/index.php?rest_route=\/wp\/v2\/posts\/3308\/revisions"}],"predecessor-version":[{"id":3310,"href":"https:\/\/marcali.plebania.hu\/index.php?rest_route=\/wp\/v2\/posts\/3308\/revisions\/3310"}],"wp:attachment":[{"href":"https:\/\/marcali.plebania.hu\/index.php?rest_route=%2Fwp%2Fv2%2Fmedia&parent=3308"}],"wp:term":[{"taxonomy":"category","embeddable":true,"href":"https:\/\/marcali.plebania.hu\/index.php?rest_route=%2Fwp%2Fv2%2Fcategories&post=3308"},{"taxonomy":"post_tag","embeddable":true,"href":"https:\/\/marcali.plebania.hu\/index.php?rest_route=%2Fwp%2Fv2%2Ftags&post=3308"}],"curies":[{"name":"wp","href":"https:\/\/api.w.org\/{rel}","templated":true}]}}