{"id":3311,"date":"2022-02-17T10:52:43","date_gmt":"2022-02-17T10:52:43","guid":{"rendered":"https:\/\/marcali.plebania.hu\/?p=3311"},"modified":"2022-02-17T10:52:43","modified_gmt":"2022-02-17T10:52:43","slug":"megemlekezes-a-kommunizmus-aldozatainak-emleknapjan-meghivo","status":"publish","type":"post","link":"https:\/\/marcali.plebania.hu\/?p=3311","title":{"rendered":"Megeml\u00e9kez\u00e9s a Kommunizmus \u00c1ldozatainak Eml\u00e9knapj\u00e1n &#8211; Megh\u00edv\u00f3"},"content":{"rendered":"\n<figure class=\"wp-block-image size-large\"><img loading=\"lazy\" decoding=\"async\" width=\"960\" height=\"720\" src=\"https:\/\/marcali.plebania.hu\/wp-content\/uploads\/2022\/02\/2022.02.25.jpg\" alt=\"\" class=\"wp-image-3312\" srcset=\"https:\/\/marcali.plebania.hu\/wp-content\/uploads\/2022\/02\/2022.02.25.jpg 960w, https:\/\/marcali.plebania.hu\/wp-content\/uploads\/2022\/02\/2022.02.25-300x225.jpg 300w, https:\/\/marcali.plebania.hu\/wp-content\/uploads\/2022\/02\/2022.02.25-768x576.jpg 768w, https:\/\/marcali.plebania.hu\/wp-content\/uploads\/2022\/02\/2022.02.25-360x270.jpg 360w\" sizes=\"auto, (max-width: 960px) 100vw, 960px\" \/><\/figure>\n","protected":false},"excerpt":{"rendered":"","protected":false},"author":2,"featured_media":0,"comment_status":"closed","ping_status":"open","sticky":false,"template":"","format":"standard","meta":{"footnotes":""},"categories":[1],"tags":[],"class_list":["post-3311","post","type-post","status-publish","format-standard","hentry","category-egyeb"],"_links":{"self":[{"href":"https:\/\/marcali.plebania.hu\/index.php?rest_route=\/wp\/v2\/posts\/3311","targetHints":{"allow":["GET"]}}],"collection":[{"href":"https:\/\/marcali.plebania.hu\/index.php?rest_route=\/wp\/v2\/posts"}],"about":[{"href":"https:\/\/marcali.plebania.hu\/index.php?rest_route=\/wp\/v2\/types\/post"}],"author":[{"embeddable":true,"href":"https:\/\/marcali.plebania.hu\/index.php?rest_route=\/wp\/v2\/users\/2"}],"replies":[{"embeddable":true,"href":"https:\/\/marcali.plebania.hu\/index.php?rest_route=%2Fwp%2Fv2%2Fcomments&post=3311"}],"version-history":[{"count":1,"href":"https:\/\/marcali.plebania.hu\/index.php?rest_route=\/wp\/v2\/posts\/3311\/revisions"}],"predecessor-version":[{"id":3313,"href":"https:\/\/marcali.plebania.hu\/index.php?rest_route=\/wp\/v2\/posts\/3311\/revisions\/3313"}],"wp:attachment":[{"href":"https:\/\/marcali.plebania.hu\/index.php?rest_route=%2Fwp%2Fv2%2Fmedia&parent=3311"}],"wp:term":[{"taxonomy":"category","embeddable":true,"href":"https:\/\/marcali.plebania.hu\/index.php?rest_route=%2Fwp%2Fv2%2Fcategories&post=3311"},{"taxonomy":"post_tag","embeddable":true,"href":"https:\/\/marcali.plebania.hu\/index.php?rest_route=%2Fwp%2Fv2%2Ftags&post=3311"}],"curies":[{"name":"wp","href":"https:\/\/api.w.org\/{rel}","templated":true}]}}