{"id":3314,"date":"2022-02-18T08:58:14","date_gmt":"2022-02-18T08:58:14","guid":{"rendered":"https:\/\/marcali.plebania.hu\/?p=3314"},"modified":"2022-02-18T08:58:14","modified_gmt":"2022-02-18T08:58:14","slug":"hirdetesek-2022-02-20","status":"publish","type":"post","link":"https:\/\/marcali.plebania.hu\/?p=3314","title":{"rendered":"Hirdet\u00e9sek, 2022. 02. 20."},"content":{"rendered":"\n<ol class=\"wp-block-list\"><li>Ma\nvan az \u00e9vk\u00f6zi 7 vas\u00e1rnap.<\/li><li>A\nh\u00e9ten h\u00e9tf\u0151n, 18 \u00f3rakor az X-h\u00e1zban Kurucz \u00c1d\u00e1m Konr\u00e1d szaval\u00f3estje lesz Istenes\nversekb\u0151l. Az el\u0151ad\u00e1s regisztr\u00e1ci\u00f3hoz k\u00f6t\u00f6tt.<\/li><li>A\nj\u00f6v\u0151 h\u00e9ten, szerda este 17.30 \u00f3r\u00e1ra az X-h\u00e1z nagyterm\u00e9be \u00f6sszeh\u00edvtam az Egyh\u00e1zk\u00f6zs\u00e9g\nK\u00e9pvisel\u0151 Test\u00fclet\u00e9t \u00e9vi rendes gy\u0171l\u00e9sre, melynek t\u00e9m\u00e1i: az elm\u00falt \u00e9vi sz\u00e1mad\u00e1s\n\u00e9s az idei k\u00f6lts\u00e9gvet\u00e9s elk\u00e9sz\u00edt\u00e9se. Sz\u00f3 lesz m\u00e9g a pl\u00e9b\u00e1nia 300 \u00e9ves programjair\u00f3l\n\u00e9s hitoktat\u00e1s helyzet\u00e9r\u0151l.<\/li><li>P\u00e9nteken,\nfebru\u00e1r 25-\u00e9n eml\u00e9kez\u00fcnk a kommunizmus \u00e1ldozataira, 17 \u00f3rakor szentmise lesz\n\u00e9rt\u00fck a pl\u00e9b\u00e1niatemplomban, majd gyertyagy\u00fajt\u00e1s a H\u0151s\u00f6k ter\u00e9n. El\u0151tte 16.30-kor\nszents\u00e9gim\u00e1d\u00e1s.<\/li><li>J\u00f6v\u0151\nvas\u00e1rnap az orsz\u00e1g valamennyi katolikus templom\u00e1ban gy\u0171jt\u00e9s lesz a katolikus\niskol\u00e1k jav\u00e1ra.<\/li><li>A\nb\u00e9rm\u00e1l\u00e1s id\u0151pontja: M\u00e1jus 29. (vas\u00e1rnap) 11 \u00f3ra, pl\u00e9b\u00e1niatemplom. Ism\u00e9telten\nfelh\u00edvom a figyelmet arra, hogy a b\u00e9rm\u00e1l\u00e1sra val\u00f3 felk\u00e9sz\u00fcl\u00e9s eleme a\nrendszeres vas\u00e1rnapi szentmis\u00e9re j\u00e1r\u00e1s.<\/li><\/ol>\n","protected":false},"excerpt":{"rendered":"<p>Ma van az \u00e9vk\u00f6zi 7 vas\u00e1rnap. A h\u00e9ten h\u00e9tf\u0151n, 18 \u00f3rakor az X-h\u00e1zban Kurucz \u00c1d\u00e1m Konr\u00e1d szaval\u00f3estje lesz Istenes versekb\u0151l. Az el\u0151ad\u00e1s regisztr\u00e1ci\u00f3hoz k\u00f6t\u00f6tt. A j\u00f6v\u0151 h\u00e9ten, szerda este 17.30 \u00f3r\u00e1ra az X-h\u00e1z nagyterm\u00e9be \u00f6sszeh\u00edvtam az Egyh\u00e1zk\u00f6zs\u00e9g K\u00e9pvisel\u0151 Test\u00fclet\u00e9t \u00e9vi rendes gy\u0171l\u00e9sre, melynek t\u00e9m\u00e1i: az elm\u00falt \u00e9vi sz\u00e1mad\u00e1s \u00e9s az idei k\u00f6lts\u00e9gvet\u00e9s elk\u00e9sz\u00edt\u00e9se. Sz\u00f3 lesz m\u00e9g a pl\u00e9b\u00e1nia 300 \u00e9ves programjair\u00f3l \u00e9s hitoktat\u00e1s helyzet\u00e9r\u0151l. P\u00e9nteken, febru\u00e1r 25-\u00e9n eml\u00e9kez\u00fcnk a kommunizmus \u00e1ldozataira, 17 \u00f3rakor szentmise lesz \u00e9rt\u00fck a pl\u00e9b\u00e1niatemplomban, majd gyertyagy\u00fajt\u00e1s&#8230;<\/p>\n<p class=\"read-more\"><a class=\"btn btn-default\" href=\"https:\/\/marcali.plebania.hu\/?p=3314\"> Read More<span class=\"screen-reader-text\">  Read More<\/span><\/a><\/p>\n","protected":false},"author":2,"featured_media":0,"comment_status":"closed","ping_status":"open","sticky":false,"template":"","format":"standard","meta":{"footnotes":""},"categories":[1],"tags":[],"class_list":["post-3314","post","type-post","status-publish","format-standard","hentry","category-egyeb"],"_links":{"self":[{"href":"https:\/\/marcali.plebania.hu\/index.php?rest_route=\/wp\/v2\/posts\/3314","targetHints":{"allow":["GET"]}}],"collection":[{"href":"https:\/\/marcali.plebania.hu\/index.php?rest_route=\/wp\/v2\/posts"}],"about":[{"href":"https:\/\/marcali.plebania.hu\/index.php?rest_route=\/wp\/v2\/types\/post"}],"author":[{"embeddable":true,"href":"https:\/\/marcali.plebania.hu\/index.php?rest_route=\/wp\/v2\/users\/2"}],"replies":[{"embeddable":true,"href":"https:\/\/marcali.plebania.hu\/index.php?rest_route=%2Fwp%2Fv2%2Fcomments&post=3314"}],"version-history":[{"count":1,"href":"https:\/\/marcali.plebania.hu\/index.php?rest_route=\/wp\/v2\/posts\/3314\/revisions"}],"predecessor-version":[{"id":3315,"href":"https:\/\/marcali.plebania.hu\/index.php?rest_route=\/wp\/v2\/posts\/3314\/revisions\/3315"}],"wp:attachment":[{"href":"https:\/\/marcali.plebania.hu\/index.php?rest_route=%2Fwp%2Fv2%2Fmedia&parent=3314"}],"wp:term":[{"taxonomy":"category","embeddable":true,"href":"https:\/\/marcali.plebania.hu\/index.php?rest_route=%2Fwp%2Fv2%2Fcategories&post=3314"},{"taxonomy":"post_tag","embeddable":true,"href":"https:\/\/marcali.plebania.hu\/index.php?rest_route=%2Fwp%2Fv2%2Ftags&post=3314"}],"curies":[{"name":"wp","href":"https:\/\/api.w.org\/{rel}","templated":true}]}}