{"id":3316,"date":"2022-02-21T16:05:18","date_gmt":"2022-02-21T16:05:18","guid":{"rendered":"https:\/\/marcali.plebania.hu\/?p=3316"},"modified":"2022-02-21T16:05:18","modified_gmt":"2022-02-21T16:05:18","slug":"a-hazasparok-megaldasaval-fejezodott-be-a-hazassag-hete-marcaliban","status":"publish","type":"post","link":"https:\/\/marcali.plebania.hu\/?p=3316","title":{"rendered":"A h\u00e1zasp\u00e1rok meg\u00e1ld\u00e1s\u00e1val fejez\u0151d\u00f6tt be a \u201eH\u00e1zass\u00e1g hete\u201d Marcaliban"},"content":{"rendered":"\n<p>2022. febru\u00e1r 20-\u00e1n, vas\u00e1rnap a 9 \u00f3r\u00e1s szentmis\u00e9n, Kiss Iv\u00e1n c. pr\u00e9post, pl\u00e9b\u00e1nos a \u201eH\u00e1zass\u00e1g hete\u201d c\u00edm\u0171 rendezv\u00e9nysorozat befejez\u00e9sek\u00e9nt \u2013 \u00fcnnepi keretek k\u00f6z\u00f6tt \u2013 mintegy 30 h\u00e1zasp\u00e1rt, szerelmesp\u00e1rt \u00e1ldott meg, az \u00e9rv\u00e9nyben l\u00e9v\u0151 j\u00e1rv\u00e1ny\u00fcgyi int\u00e9zked\u00e9sek betart\u00e1s\u00e1val, a Marcali Gy\u00fcm\u00f6lcsolt\u00f3 Boldogasszony pl\u00e9b\u00e1niatemplomban.<\/p>\n\n\n\n<figure class=\"wp-block-gallery columns-3 is-cropped wp-block-gallery-1 is-layout-flex wp-block-gallery-is-layout-flex\"><ul class=\"blocks-gallery-grid\"><li class=\"blocks-gallery-item\"><figure><img loading=\"lazy\" decoding=\"async\" width=\"1024\" height=\"683\" src=\"https:\/\/marcali.plebania.hu\/wp-content\/uploads\/2022\/02\/01-1024x683.jpg\" alt=\"\" data-id=\"3317\" data-link=\"https:\/\/marcali.plebania.hu\/?attachment_id=3317\" class=\"wp-image-3317\" srcset=\"https:\/\/marcali.plebania.hu\/wp-content\/uploads\/2022\/02\/01-1024x683.jpg 1024w, https:\/\/marcali.plebania.hu\/wp-content\/uploads\/2022\/02\/01-300x200.jpg 300w, https:\/\/marcali.plebania.hu\/wp-content\/uploads\/2022\/02\/01-768x512.jpg 768w, https:\/\/marcali.plebania.hu\/wp-content\/uploads\/2022\/02\/01-1536x1024.jpg 1536w, https:\/\/marcali.plebania.hu\/wp-content\/uploads\/2022\/02\/01-2048x1365.jpg 2048w, https:\/\/marcali.plebania.hu\/wp-content\/uploads\/2022\/02\/01-405x270.jpg 405w\" sizes=\"auto, (max-width: 1024px) 100vw, 1024px\" \/><\/figure><\/li><li class=\"blocks-gallery-item\"><figure><img loading=\"lazy\" decoding=\"async\" width=\"1024\" height=\"683\" src=\"https:\/\/marcali.plebania.hu\/wp-content\/uploads\/2022\/02\/02-1024x683.jpg\" alt=\"\" data-id=\"3318\" data-link=\"https:\/\/marcali.plebania.hu\/?attachment_id=3318\" class=\"wp-image-3318\" srcset=\"https:\/\/marcali.plebania.hu\/wp-content\/uploads\/2022\/02\/02-1024x683.jpg 1024w, https:\/\/marcali.plebania.hu\/wp-content\/uploads\/2022\/02\/02-300x200.jpg 300w, https:\/\/marcali.plebania.hu\/wp-content\/uploads\/2022\/02\/02-768x512.jpg 768w, https:\/\/marcali.plebania.hu\/wp-content\/uploads\/2022\/02\/02-1536x1024.jpg 1536w, https:\/\/marcali.plebania.hu\/wp-content\/uploads\/2022\/02\/02-2048x1365.jpg 2048w, https:\/\/marcali.plebania.hu\/wp-content\/uploads\/2022\/02\/02-405x270.jpg 405w\" sizes=\"auto, (max-width: 1024px) 100vw, 1024px\" \/><\/figure><\/li><li class=\"blocks-gallery-item\"><figure><img loading=\"lazy\" decoding=\"async\" width=\"1024\" height=\"683\" src=\"https:\/\/marcali.plebania.hu\/wp-content\/uploads\/2022\/02\/04-1024x683.jpg\" alt=\"\" data-id=\"3319\" data-link=\"https:\/\/marcali.plebania.hu\/?attachment_id=3319\" class=\"wp-image-3319\" srcset=\"https:\/\/marcali.plebania.hu\/wp-content\/uploads\/2022\/02\/04-1024x683.jpg 1024w, https:\/\/marcali.plebania.hu\/wp-content\/uploads\/2022\/02\/04-300x200.jpg 300w, https:\/\/marcali.plebania.hu\/wp-content\/uploads\/2022\/02\/04-768x512.jpg 768w, https:\/\/marcali.plebania.hu\/wp-content\/uploads\/2022\/02\/04-1536x1024.jpg 1536w, https:\/\/marcali.plebania.hu\/wp-content\/uploads\/2022\/02\/04-2048x1365.jpg 2048w, https:\/\/marcali.plebania.hu\/wp-content\/uploads\/2022\/02\/04-405x270.jpg 405w\" sizes=\"auto, (max-width: 1024px) 100vw, 1024px\" \/><\/figure><\/li><li class=\"blocks-gallery-item\"><figure><img loading=\"lazy\" decoding=\"async\" width=\"1024\" height=\"683\" src=\"https:\/\/marcali.plebania.hu\/wp-content\/uploads\/2022\/02\/03-1024x683.jpg\" alt=\"\" data-id=\"3320\" data-full-url=\"https:\/\/marcali.plebania.hu\/wp-content\/uploads\/2022\/02\/03-scaled.jpg\" data-link=\"https:\/\/marcali.plebania.hu\/?attachment_id=3320\" class=\"wp-image-3320\" srcset=\"https:\/\/marcali.plebania.hu\/wp-content\/uploads\/2022\/02\/03-1024x683.jpg 1024w, https:\/\/marcali.plebania.hu\/wp-content\/uploads\/2022\/02\/03-300x200.jpg 300w, https:\/\/marcali.plebania.hu\/wp-content\/uploads\/2022\/02\/03-768x512.jpg 768w, https:\/\/marcali.plebania.hu\/wp-content\/uploads\/2022\/02\/03-1536x1024.jpg 1536w, https:\/\/marcali.plebania.hu\/wp-content\/uploads\/2022\/02\/03-2048x1365.jpg 2048w, https:\/\/marcali.plebania.hu\/wp-content\/uploads\/2022\/02\/03-405x270.jpg 405w\" sizes=\"auto, (max-width: 1024px) 100vw, 1024px\" \/><\/figure><\/li><\/ul><\/figure>\n\n\n\n<p>Az idei \u00e9vben, a febru\u00e1r 13-20.\nk\u00f6z\u00f6tt megrendezett az orsz\u00e1gos program mott\u00f3ja: \u201eMaradjunk egy\u00fctt!\u201d C\u00e9lja,\nhogy felh\u00edvja a figyelmet a h\u00e1zass\u00e1g, a csal\u00e1d \u00e9rt\u00e9keire \u00e9s fontoss\u00e1g\u00e1ra,\nvalamint arra, hogy seg\u00edts\u00e9get ny\u00fajtson a h\u00e1zass\u00e1gra k\u00e9sz\u00fcl\u0151knek, vagy a\np\u00e1rkapcsolati probl\u00e9m\u00e1kkal szembes\u00fcl\u0151knek. A h\u00e1zass\u00e1g hete k\u00f6zponti\nprogramjainak f\u0151v\u00e9dn\u00f6ke Herczegh Anita, a k\u00f6zt\u00e1rsas\u00e1gi eln\u00f6k feles\u00e9ge.<\/p>\n\n\n\n<p>Iv\u00e1n atya szentbesz\u00e9d\u00e9ben kiemelte, hogy az ut\u00f3bbi id\u0151kben jelent\u0151sen emelkedett a h\u00e1zass\u00e1gk\u00f6t\u00e9sek sz\u00e1ma Magyarorsz\u00e1gon, ugyanakkor a v\u00e1l\u00e1sok sz\u00e1ma cs\u00f6kkent. Az is b\u00edztat\u00f3, hogy az \u00e1tlagot tekintve szint\u00e9n n\u00f6vekedett a h\u00e1zass\u00e1gban elt\u00f6lt\u00f6tt \u00e9vek sz\u00e1ma is, ami tal\u00e1n a tudatosabb p\u00e1rv\u00e1laszt\u00e1ssal magyar\u00e1zhat\u00f3. De a legjobb az lenne, ha a \u201eMaradjunk egy\u00fctt\u201d elv \u00e9rv\u00e9nyes\u00fclne a v\u00e1l\u00e1sok helyett \u2013 hangs\u00falyozta a pl\u00e9b\u00e1nos.<\/p>\n\n\n\n<figure class=\"wp-block-gallery columns-3 is-cropped wp-block-gallery-2 is-layout-flex wp-block-gallery-is-layout-flex\"><ul class=\"blocks-gallery-grid\"><li class=\"blocks-gallery-item\"><figure><img loading=\"lazy\" decoding=\"async\" width=\"1024\" height=\"683\" src=\"https:\/\/marcali.plebania.hu\/wp-content\/uploads\/2022\/02\/07-1024x683.jpg\" alt=\"\" data-id=\"3321\" data-link=\"https:\/\/marcali.plebania.hu\/?attachment_id=3321\" class=\"wp-image-3321\" srcset=\"https:\/\/marcali.plebania.hu\/wp-content\/uploads\/2022\/02\/07-1024x683.jpg 1024w, https:\/\/marcali.plebania.hu\/wp-content\/uploads\/2022\/02\/07-300x200.jpg 300w, https:\/\/marcali.plebania.hu\/wp-content\/uploads\/2022\/02\/07-768x512.jpg 768w, https:\/\/marcali.plebania.hu\/wp-content\/uploads\/2022\/02\/07-1536x1024.jpg 1536w, https:\/\/marcali.plebania.hu\/wp-content\/uploads\/2022\/02\/07-2048x1365.jpg 2048w, https:\/\/marcali.plebania.hu\/wp-content\/uploads\/2022\/02\/07-405x270.jpg 405w\" sizes=\"auto, (max-width: 1024px) 100vw, 1024px\" \/><\/figure><\/li><li class=\"blocks-gallery-item\"><figure><img loading=\"lazy\" decoding=\"async\" width=\"1024\" height=\"683\" src=\"https:\/\/marcali.plebania.hu\/wp-content\/uploads\/2022\/02\/14-1024x683.jpg\" alt=\"\" data-id=\"3323\" data-link=\"https:\/\/marcali.plebania.hu\/?attachment_id=3323\" class=\"wp-image-3323\" srcset=\"https:\/\/marcali.plebania.hu\/wp-content\/uploads\/2022\/02\/14-1024x683.jpg 1024w, https:\/\/marcali.plebania.hu\/wp-content\/uploads\/2022\/02\/14-300x200.jpg 300w, https:\/\/marcali.plebania.hu\/wp-content\/uploads\/2022\/02\/14-768x512.jpg 768w, https:\/\/marcali.plebania.hu\/wp-content\/uploads\/2022\/02\/14-1536x1024.jpg 1536w, https:\/\/marcali.plebania.hu\/wp-content\/uploads\/2022\/02\/14-2048x1365.jpg 2048w, https:\/\/marcali.plebania.hu\/wp-content\/uploads\/2022\/02\/14-405x270.jpg 405w\" sizes=\"auto, (max-width: 1024px) 100vw, 1024px\" \/><\/figure><\/li><li class=\"blocks-gallery-item\"><figure><img loading=\"lazy\" decoding=\"async\" width=\"1024\" height=\"683\" src=\"https:\/\/marcali.plebania.hu\/wp-content\/uploads\/2022\/02\/15-1024x683.jpg\" alt=\"\" data-id=\"3324\" data-link=\"https:\/\/marcali.plebania.hu\/?attachment_id=3324\" class=\"wp-image-3324\" srcset=\"https:\/\/marcali.plebania.hu\/wp-content\/uploads\/2022\/02\/15-1024x683.jpg 1024w, https:\/\/marcali.plebania.hu\/wp-content\/uploads\/2022\/02\/15-300x200.jpg 300w, https:\/\/marcali.plebania.hu\/wp-content\/uploads\/2022\/02\/15-768x512.jpg 768w, https:\/\/marcali.plebania.hu\/wp-content\/uploads\/2022\/02\/15-1536x1024.jpg 1536w, https:\/\/marcali.plebania.hu\/wp-content\/uploads\/2022\/02\/15-2048x1365.jpg 2048w, https:\/\/marcali.plebania.hu\/wp-content\/uploads\/2022\/02\/15-405x270.jpg 405w\" sizes=\"auto, (max-width: 1024px) 100vw, 1024px\" \/><\/figure><\/li><li class=\"blocks-gallery-item\"><figure><img loading=\"lazy\" decoding=\"async\" width=\"1024\" height=\"683\" src=\"https:\/\/marcali.plebania.hu\/wp-content\/uploads\/2022\/02\/12-1024x683.jpg\" alt=\"\" data-id=\"3325\" data-full-url=\"https:\/\/marcali.plebania.hu\/wp-content\/uploads\/2022\/02\/12-scaled.jpg\" data-link=\"https:\/\/marcali.plebania.hu\/?attachment_id=3325\" class=\"wp-image-3325\" srcset=\"https:\/\/marcali.plebania.hu\/wp-content\/uploads\/2022\/02\/12-1024x683.jpg 1024w, https:\/\/marcali.plebania.hu\/wp-content\/uploads\/2022\/02\/12-300x200.jpg 300w, https:\/\/marcali.plebania.hu\/wp-content\/uploads\/2022\/02\/12-768x512.jpg 768w, https:\/\/marcali.plebania.hu\/wp-content\/uploads\/2022\/02\/12-1536x1024.jpg 1536w, https:\/\/marcali.plebania.hu\/wp-content\/uploads\/2022\/02\/12-2048x1365.jpg 2048w, https:\/\/marcali.plebania.hu\/wp-content\/uploads\/2022\/02\/12-405x270.jpg 405w\" sizes=\"auto, (max-width: 1024px) 100vw, 1024px\" \/><\/figure><\/li><\/ul><\/figure>\n\n\n\n<p>A megjelent h\u00e1zasp\u00e1rokat, szerelmeseket \u00e9s p\u00e1rokat ezut\u00e1n Iv\u00e1n atya a szentmise keret\u00e9ben meg\u00e1ldotta, akik fogadalmat is tettek egym\u00e1snak, mik\u00f6zben Isten \u00e1ld\u00e1s\u00e1t \u00e9s a szerelmesek v\u00e9d\u0151szentj\u00e9nek Szent B\u00e1lint k\u00f6zbenj\u00e1r\u00e1s\u00e1t k\u00e9rt\u00e9k tov\u00e1bbi \u00e9let\u00fckre. Rajtuk k\u00edv\u00fcl fiatal, h\u00e1zass\u00e1gra k\u00e9sz\u00fcl\u0151 p\u00e1rokat, valamint nagycsal\u00e1dosokat is k\u00fcl\u00f6n egyh\u00e1zi \u00e1ld\u00e1sban r\u00e9szes\u00edtett az \u00fcnneps\u00e9gen.<\/p>\n\n\n\n<figure class=\"wp-block-gallery columns-3 is-cropped wp-block-gallery-3 is-layout-flex wp-block-gallery-is-layout-flex\"><ul class=\"blocks-gallery-grid\"><li class=\"blocks-gallery-item\"><figure><img loading=\"lazy\" decoding=\"async\" width=\"1024\" height=\"683\" src=\"https:\/\/marcali.plebania.hu\/wp-content\/uploads\/2022\/02\/24-1024x683.jpg\" alt=\"\" data-id=\"3330\" data-link=\"https:\/\/marcali.plebania.hu\/?attachment_id=3330\" class=\"wp-image-3330\" srcset=\"https:\/\/marcali.plebania.hu\/wp-content\/uploads\/2022\/02\/24-1024x683.jpg 1024w, https:\/\/marcali.plebania.hu\/wp-content\/uploads\/2022\/02\/24-300x200.jpg 300w, https:\/\/marcali.plebania.hu\/wp-content\/uploads\/2022\/02\/24-768x512.jpg 768w, https:\/\/marcali.plebania.hu\/wp-content\/uploads\/2022\/02\/24-1536x1024.jpg 1536w, https:\/\/marcali.plebania.hu\/wp-content\/uploads\/2022\/02\/24-2048x1365.jpg 2048w, https:\/\/marcali.plebania.hu\/wp-content\/uploads\/2022\/02\/24-405x270.jpg 405w\" sizes=\"auto, (max-width: 1024px) 100vw, 1024px\" \/><\/figure><\/li><li class=\"blocks-gallery-item\"><figure><img loading=\"lazy\" decoding=\"async\" width=\"1024\" height=\"683\" src=\"https:\/\/marcali.plebania.hu\/wp-content\/uploads\/2022\/02\/25-1024x683.jpg\" alt=\"\" data-id=\"3331\" data-link=\"https:\/\/marcali.plebania.hu\/?attachment_id=3331\" class=\"wp-image-3331\" srcset=\"https:\/\/marcali.plebania.hu\/wp-content\/uploads\/2022\/02\/25-1024x683.jpg 1024w, https:\/\/marcali.plebania.hu\/wp-content\/uploads\/2022\/02\/25-300x200.jpg 300w, https:\/\/marcali.plebania.hu\/wp-content\/uploads\/2022\/02\/25-768x512.jpg 768w, https:\/\/marcali.plebania.hu\/wp-content\/uploads\/2022\/02\/25-1536x1024.jpg 1536w, https:\/\/marcali.plebania.hu\/wp-content\/uploads\/2022\/02\/25-2048x1365.jpg 2048w, https:\/\/marcali.plebania.hu\/wp-content\/uploads\/2022\/02\/25-405x270.jpg 405w\" sizes=\"auto, (max-width: 1024px) 100vw, 1024px\" \/><\/figure><\/li><li class=\"blocks-gallery-item\"><figure><img loading=\"lazy\" decoding=\"async\" width=\"1024\" height=\"683\" src=\"https:\/\/marcali.plebania.hu\/wp-content\/uploads\/2022\/02\/35-1024x683.jpg\" alt=\"\" data-id=\"3332\" data-link=\"https:\/\/marcali.plebania.hu\/?attachment_id=3332\" class=\"wp-image-3332\" srcset=\"https:\/\/marcali.plebania.hu\/wp-content\/uploads\/2022\/02\/35-1024x683.jpg 1024w, https:\/\/marcali.plebania.hu\/wp-content\/uploads\/2022\/02\/35-300x200.jpg 300w, https:\/\/marcali.plebania.hu\/wp-content\/uploads\/2022\/02\/35-768x512.jpg 768w, https:\/\/marcali.plebania.hu\/wp-content\/uploads\/2022\/02\/35-1536x1024.jpg 1536w, https:\/\/marcali.plebania.hu\/wp-content\/uploads\/2022\/02\/35-2048x1365.jpg 2048w, https:\/\/marcali.plebania.hu\/wp-content\/uploads\/2022\/02\/35-405x270.jpg 405w\" sizes=\"auto, (max-width: 1024px) 100vw, 1024px\" \/><\/figure><\/li><li class=\"blocks-gallery-item\"><figure><img loading=\"lazy\" decoding=\"async\" width=\"1024\" height=\"683\" src=\"https:\/\/marcali.plebania.hu\/wp-content\/uploads\/2022\/02\/26-1024x683.jpg\" alt=\"\" data-id=\"3333\" data-full-url=\"https:\/\/marcali.plebania.hu\/wp-content\/uploads\/2022\/02\/26-scaled.jpg\" data-link=\"https:\/\/marcali.plebania.hu\/?attachment_id=3333\" class=\"wp-image-3333\" srcset=\"https:\/\/marcali.plebania.hu\/wp-content\/uploads\/2022\/02\/26-1024x683.jpg 1024w, https:\/\/marcali.plebania.hu\/wp-content\/uploads\/2022\/02\/26-300x200.jpg 300w, https:\/\/marcali.plebania.hu\/wp-content\/uploads\/2022\/02\/26-768x512.jpg 768w, https:\/\/marcali.plebania.hu\/wp-content\/uploads\/2022\/02\/26-1536x1024.jpg 1536w, https:\/\/marcali.plebania.hu\/wp-content\/uploads\/2022\/02\/26-2048x1365.jpg 2048w, https:\/\/marcali.plebania.hu\/wp-content\/uploads\/2022\/02\/26-405x270.jpg 405w\" sizes=\"auto, (max-width: 1024px) 100vw, 1024px\" \/><\/figure><\/li><\/ul><\/figure>\n\n\n\n<p>Az istentiszteleten T\u00f3th Eszter \u00c1gnes gimnazista elmondta Sikl\u00f3s J\u00f3zsef: Boldogok c\u00edm\u0171 vers\u00e9t, majd dr. Gyulai Botond akolitus \u00e9s feles\u00e9ge, dr. Gyulain\u00e9 Domj\u00e1n Zsuzsanna hitoktat\u00f3n\u0151 pedig egy im\u00e1ds\u00e1got olvasott fel a h\u00e1zass\u00e1gok siker\u00e9\u00e9rt. Ezen k\u00edv\u00fcl jelk\u00e9pesen a h\u00e1zasp\u00e1rok olvast\u00e1k fel a k\u00f6ny\u00f6rg\u00e9seket tov\u00e1bbi k\u00f6z\u00f6s \u00e9let\u00fck meger\u0151s\u00edt\u00e9sre.<\/p>\n\n\n\n<figure class=\"wp-block-gallery columns-3 is-cropped wp-block-gallery-4 is-layout-flex wp-block-gallery-is-layout-flex\"><ul class=\"blocks-gallery-grid\"><li class=\"blocks-gallery-item\"><figure><img loading=\"lazy\" decoding=\"async\" width=\"1024\" height=\"683\" src=\"https:\/\/marcali.plebania.hu\/wp-content\/uploads\/2022\/02\/16-1024x683.jpg\" alt=\"\" data-id=\"3326\" data-link=\"https:\/\/marcali.plebania.hu\/?attachment_id=3326\" class=\"wp-image-3326\" srcset=\"https:\/\/marcali.plebania.hu\/wp-content\/uploads\/2022\/02\/16-1024x683.jpg 1024w, https:\/\/marcali.plebania.hu\/wp-content\/uploads\/2022\/02\/16-300x200.jpg 300w, https:\/\/marcali.plebania.hu\/wp-content\/uploads\/2022\/02\/16-768x512.jpg 768w, https:\/\/marcali.plebania.hu\/wp-content\/uploads\/2022\/02\/16-1536x1024.jpg 1536w, https:\/\/marcali.plebania.hu\/wp-content\/uploads\/2022\/02\/16-2048x1365.jpg 2048w, https:\/\/marcali.plebania.hu\/wp-content\/uploads\/2022\/02\/16-405x270.jpg 405w\" sizes=\"auto, (max-width: 1024px) 100vw, 1024px\" \/><\/figure><\/li><li class=\"blocks-gallery-item\"><figure><img loading=\"lazy\" decoding=\"async\" width=\"1024\" height=\"683\" src=\"https:\/\/marcali.plebania.hu\/wp-content\/uploads\/2022\/02\/17-1024x683.jpg\" alt=\"\" data-id=\"3327\" data-link=\"https:\/\/marcali.plebania.hu\/?attachment_id=3327\" class=\"wp-image-3327\" srcset=\"https:\/\/marcali.plebania.hu\/wp-content\/uploads\/2022\/02\/17-1024x683.jpg 1024w, https:\/\/marcali.plebania.hu\/wp-content\/uploads\/2022\/02\/17-300x200.jpg 300w, https:\/\/marcali.plebania.hu\/wp-content\/uploads\/2022\/02\/17-768x512.jpg 768w, https:\/\/marcali.plebania.hu\/wp-content\/uploads\/2022\/02\/17-1536x1024.jpg 1536w, https:\/\/marcali.plebania.hu\/wp-content\/uploads\/2022\/02\/17-2048x1365.jpg 2048w, https:\/\/marcali.plebania.hu\/wp-content\/uploads\/2022\/02\/17-405x270.jpg 405w\" sizes=\"auto, (max-width: 1024px) 100vw, 1024px\" \/><\/figure><\/li><li class=\"blocks-gallery-item\"><figure><img loading=\"lazy\" decoding=\"async\" width=\"1024\" height=\"683\" src=\"https:\/\/marcali.plebania.hu\/wp-content\/uploads\/2022\/02\/18-1024x683.jpg\" alt=\"\" data-id=\"3328\" data-link=\"https:\/\/marcali.plebania.hu\/?attachment_id=3328\" class=\"wp-image-3328\" srcset=\"https:\/\/marcali.plebania.hu\/wp-content\/uploads\/2022\/02\/18-1024x683.jpg 1024w, https:\/\/marcali.plebania.hu\/wp-content\/uploads\/2022\/02\/18-300x200.jpg 300w, https:\/\/marcali.plebania.hu\/wp-content\/uploads\/2022\/02\/18-768x512.jpg 768w, https:\/\/marcali.plebania.hu\/wp-content\/uploads\/2022\/02\/18-1536x1024.jpg 1536w, https:\/\/marcali.plebania.hu\/wp-content\/uploads\/2022\/02\/18-2048x1365.jpg 2048w, https:\/\/marcali.plebania.hu\/wp-content\/uploads\/2022\/02\/18-405x270.jpg 405w\" sizes=\"auto, (max-width: 1024px) 100vw, 1024px\" \/><\/figure><\/li><li class=\"blocks-gallery-item\"><figure><img loading=\"lazy\" decoding=\"async\" width=\"1024\" height=\"683\" src=\"https:\/\/marcali.plebania.hu\/wp-content\/uploads\/2022\/02\/20-1024x683.jpg\" alt=\"\" data-id=\"3329\" data-full-url=\"https:\/\/marcali.plebania.hu\/wp-content\/uploads\/2022\/02\/20-scaled.jpg\" data-link=\"https:\/\/marcali.plebania.hu\/?attachment_id=3329\" class=\"wp-image-3329\" srcset=\"https:\/\/marcali.plebania.hu\/wp-content\/uploads\/2022\/02\/20-1024x683.jpg 1024w, https:\/\/marcali.plebania.hu\/wp-content\/uploads\/2022\/02\/20-300x200.jpg 300w, https:\/\/marcali.plebania.hu\/wp-content\/uploads\/2022\/02\/20-768x512.jpg 768w, https:\/\/marcali.plebania.hu\/wp-content\/uploads\/2022\/02\/20-1536x1024.jpg 1536w, https:\/\/marcali.plebania.hu\/wp-content\/uploads\/2022\/02\/20-2048x1365.jpg 2048w, https:\/\/marcali.plebania.hu\/wp-content\/uploads\/2022\/02\/20-405x270.jpg 405w\" sizes=\"auto, (max-width: 1024px) 100vw, 1024px\" \/><\/figure><\/li><\/ul><\/figure>\n\n\n\n<p>A szentmis\u00e9n orgon\u00e1val\nk\u00f6zrem\u0171k\u00f6d\u00f6tt Balogh B\u00e1lint k\u00e1ntor, heged\u0171vel pedig J\u00e1ki Zolt\u00e1n a F\u00e9ny\nGyermekei Katolikus Zenekar k\u00e9pviselet\u00e9ben.<\/p>\n","protected":false},"excerpt":{"rendered":"<p>2022. febru\u00e1r 20-\u00e1n, vas\u00e1rnap a 9 \u00f3r\u00e1s szentmis\u00e9n, Kiss Iv\u00e1n c. pr\u00e9post, pl\u00e9b\u00e1nos a \u201eH\u00e1zass\u00e1g hete\u201d c\u00edm\u0171 rendezv\u00e9nysorozat befejez\u00e9sek\u00e9nt \u2013 \u00fcnnepi keretek k\u00f6z\u00f6tt \u2013 mintegy 30 h\u00e1zasp\u00e1rt, szerelmesp\u00e1rt \u00e1ldott meg, az \u00e9rv\u00e9nyben l\u00e9v\u0151 j\u00e1rv\u00e1ny\u00fcgyi int\u00e9zked\u00e9sek betart\u00e1s\u00e1val, a Marcali Gy\u00fcm\u00f6lcsolt\u00f3 Boldogasszony pl\u00e9b\u00e1niatemplomban. Az idei \u00e9vben, a febru\u00e1r 13-20. k\u00f6z\u00f6tt megrendezett az orsz\u00e1gos program mott\u00f3ja: \u201eMaradjunk egy\u00fctt!\u201d C\u00e9lja, hogy felh\u00edvja a figyelmet a h\u00e1zass\u00e1g, a csal\u00e1d \u00e9rt\u00e9keire \u00e9s fontoss\u00e1g\u00e1ra, valamint arra, hogy seg\u00edts\u00e9get ny\u00fajtson a h\u00e1zass\u00e1gra k\u00e9sz\u00fcl\u0151knek, vagy a p\u00e1rkapcsolati probl\u00e9m\u00e1kkal szembes\u00fcl\u0151knek&#8230;.<\/p>\n<p class=\"read-more\"><a class=\"btn btn-default\" href=\"https:\/\/marcali.plebania.hu\/?p=3316\"> Read More<span class=\"screen-reader-text\">  Read More<\/span><\/a><\/p>\n","protected":false},"author":2,"featured_media":0,"comment_status":"closed","ping_status":"open","sticky":false,"template":"","format":"standard","meta":{"footnotes":""},"categories":[1],"tags":[],"class_list":["post-3316","post","type-post","status-publish","format-standard","hentry","category-egyeb"],"_links":{"self":[{"href":"https:\/\/marcali.plebania.hu\/index.php?rest_route=\/wp\/v2\/posts\/3316","targetHints":{"allow":["GET"]}}],"collection":[{"href":"https:\/\/marcali.plebania.hu\/index.php?rest_route=\/wp\/v2\/posts"}],"about":[{"href":"https:\/\/marcali.plebania.hu\/index.php?rest_route=\/wp\/v2\/types\/post"}],"author":[{"embeddable":true,"href":"https:\/\/marcali.plebania.hu\/index.php?rest_route=\/wp\/v2\/users\/2"}],"replies":[{"embeddable":true,"href":"https:\/\/marcali.plebania.hu\/index.php?rest_route=%2Fwp%2Fv2%2Fcomments&post=3316"}],"version-history":[{"count":1,"href":"https:\/\/marcali.plebania.hu\/index.php?rest_route=\/wp\/v2\/posts\/3316\/revisions"}],"predecessor-version":[{"id":3334,"href":"https:\/\/marcali.plebania.hu\/index.php?rest_route=\/wp\/v2\/posts\/3316\/revisions\/3334"}],"wp:attachment":[{"href":"https:\/\/marcali.plebania.hu\/index.php?rest_route=%2Fwp%2Fv2%2Fmedia&parent=3316"}],"wp:term":[{"taxonomy":"category","embeddable":true,"href":"https:\/\/marcali.plebania.hu\/index.php?rest_route=%2Fwp%2Fv2%2Fcategories&post=3316"},{"taxonomy":"post_tag","embeddable":true,"href":"https:\/\/marcali.plebania.hu\/index.php?rest_route=%2Fwp%2Fv2%2Ftags&post=3316"}],"curies":[{"name":"wp","href":"https:\/\/api.w.org\/{rel}","templated":true}]}}