{"id":333,"date":"2018-08-31T06:54:49","date_gmt":"2018-08-31T06:54:49","guid":{"rendered":"https:\/\/marcali.plebania.hu\/?p=333"},"modified":"2018-08-31T08:55:35","modified_gmt":"2018-08-31T08:55:35","slug":"hirdetesek-2018-09-02","status":"publish","type":"post","link":"https:\/\/marcali.plebania.hu\/?p=333","title":{"rendered":"Hirdet\u00e9sek, 2018. 09. 02."},"content":{"rendered":"<ol>\n<li>Ma van az \u00e9vk\u00f6zi 22. vas\u00e1rnap.<\/li>\n<li>A h\u00e9ten keddt\u0151l kezdve este 18 \u00f3rakor vannak a szentmis\u00e9k.<\/li>\n<li>P\u00e9nteken, els\u0151 p\u00e9ntek, 17 \u00f3r\u00e1t\u00f3l gy\u00f3ntat\u00e1s, szents\u00e9gim\u00e1d\u00e1s, majd 18 \u00f3rakor szentmise.<\/li>\n<li>Az esti szentmis\u00e9k id\u0151pontja 18 \u00f3r\u00e1ra v\u00e1ltozott.<\/li>\n<li>J\u00f6v\u0151 vas\u00e1rnap k\u00e9t tan\u00e9vnyit\u00f3 szentmis\u00e9t is tartunk: 9 \u00f3rakor a pl\u00e9b\u00e1niatemplomban, 18 \u00f3rakor a B. Gizella templomban. A 7. \u00e9s 8. oszt\u00e1lyos tanul\u00f3k a szentmise ut\u00e1n r\u00f6vid megbesz\u00e9l\u00e9sre ottmaradnak.<\/li>\n<li>H\u00e9tf\u0151n marcali iskol\u00e1iban megkezd\u0151dik a tan\u00edt\u00e1s, benne a hit- \u00e9s erk\u00f6lcstan \u00f3r\u00e1k is. A gyermekek az els\u0151 \u00f3r\u00e1n kapj\u00e1k meg ingyenesen a hittank\u00f6nyveket.<\/li>\n<li>Szombaton, Kisboldogasszony \u00fcnnep\u00e9n este 18 \u00f3rakor szentmise.<\/li>\n<\/ol>\n","protected":false},"excerpt":{"rendered":"<p>Ma van az \u00e9vk\u00f6zi 22. vas\u00e1rnap. A h\u00e9ten keddt\u0151l kezdve este 18 \u00f3rakor vannak a szentmis\u00e9k. P\u00e9nteken, els\u0151 p\u00e9ntek, 17 \u00f3r\u00e1t\u00f3l gy\u00f3ntat\u00e1s, szents\u00e9gim\u00e1d\u00e1s, majd 18 \u00f3rakor szentmise. Az esti szentmis\u00e9k id\u0151pontja 18 \u00f3r\u00e1ra v\u00e1ltozott. J\u00f6v\u0151 vas\u00e1rnap k\u00e9t tan\u00e9vnyit\u00f3 szentmis\u00e9t is tartunk: 9 \u00f3rakor a pl\u00e9b\u00e1niatemplomban, 18 \u00f3rakor a B. Gizella templomban. A 7. \u00e9s 8. oszt\u00e1lyos tanul\u00f3k a szentmise ut\u00e1n r\u00f6vid megbesz\u00e9l\u00e9sre ottmaradnak. H\u00e9tf\u0151n marcali iskol\u00e1iban megkezd\u0151dik a tan\u00edt\u00e1s, benne a hit- \u00e9s erk\u00f6lcstan \u00f3r\u00e1k is. A gyermekek az els\u0151&#8230;<\/p>\n<p class=\"read-more\"><a class=\"btn btn-default\" href=\"https:\/\/marcali.plebania.hu\/?p=333\"> Read More<span class=\"screen-reader-text\">  Read More<\/span><\/a><\/p>\n","protected":false},"author":2,"featured_media":0,"comment_status":"closed","ping_status":"open","sticky":false,"template":"","format":"standard","meta":{"footnotes":""},"categories":[1],"tags":[],"class_list":["post-333","post","type-post","status-publish","format-standard","hentry","category-egyeb"],"_links":{"self":[{"href":"https:\/\/marcali.plebania.hu\/index.php?rest_route=\/wp\/v2\/posts\/333","targetHints":{"allow":["GET"]}}],"collection":[{"href":"https:\/\/marcali.plebania.hu\/index.php?rest_route=\/wp\/v2\/posts"}],"about":[{"href":"https:\/\/marcali.plebania.hu\/index.php?rest_route=\/wp\/v2\/types\/post"}],"author":[{"embeddable":true,"href":"https:\/\/marcali.plebania.hu\/index.php?rest_route=\/wp\/v2\/users\/2"}],"replies":[{"embeddable":true,"href":"https:\/\/marcali.plebania.hu\/index.php?rest_route=%2Fwp%2Fv2%2Fcomments&post=333"}],"version-history":[{"count":2,"href":"https:\/\/marcali.plebania.hu\/index.php?rest_route=\/wp\/v2\/posts\/333\/revisions"}],"predecessor-version":[{"id":335,"href":"https:\/\/marcali.plebania.hu\/index.php?rest_route=\/wp\/v2\/posts\/333\/revisions\/335"}],"wp:attachment":[{"href":"https:\/\/marcali.plebania.hu\/index.php?rest_route=%2Fwp%2Fv2%2Fmedia&parent=333"}],"wp:term":[{"taxonomy":"category","embeddable":true,"href":"https:\/\/marcali.plebania.hu\/index.php?rest_route=%2Fwp%2Fv2%2Fcategories&post=333"},{"taxonomy":"post_tag","embeddable":true,"href":"https:\/\/marcali.plebania.hu\/index.php?rest_route=%2Fwp%2Fv2%2Ftags&post=333"}],"curies":[{"name":"wp","href":"https:\/\/api.w.org\/{rel}","templated":true}]}}