{"id":3335,"date":"2022-02-25T09:29:31","date_gmt":"2022-02-25T09:29:31","guid":{"rendered":"https:\/\/marcali.plebania.hu\/?p=3335"},"modified":"2022-02-25T09:29:31","modified_gmt":"2022-02-25T09:29:31","slug":"kurucz-adam-konrad-magyar-koltok-istenes-versei-az-x-hazban","status":"publish","type":"post","link":"https:\/\/marcali.plebania.hu\/?p=3335","title":{"rendered":"Kurucz \u00c1d\u00e1m Konr\u00e1d: Magyar k\u00f6lt\u0151k Istenes versei az X-h\u00e1zban"},"content":{"rendered":"\n<p>2022. febru\u00e1r 21-\u00e9n, h\u00e9tf\u0151n 18 \u00f3r\u00e1t\u00f3l dr. Kurucz \u00c1d\u00e1m Konr\u00e1d sz\u00edn\u00e9sz, Latinovits-d\u00edjas versmond\u00f3 tartott el\u0151ad\u00e1st magyar k\u00f6lt\u0151k Istenes m\u0171veib\u0151l az X-h\u00e1zban.<\/p>\n\n\n\n<figure class=\"wp-block-gallery columns-3 is-cropped wp-block-gallery-1 is-layout-flex wp-block-gallery-is-layout-flex\"><ul class=\"blocks-gallery-grid\"><li class=\"blocks-gallery-item\"><figure><img loading=\"lazy\" decoding=\"async\" width=\"1024\" height=\"683\" src=\"https:\/\/marcali.plebania.hu\/wp-content\/uploads\/2022\/02\/04-1-1024x683.jpg\" alt=\"\" data-id=\"3336\" data-link=\"https:\/\/marcali.plebania.hu\/?attachment_id=3336\" class=\"wp-image-3336\" srcset=\"https:\/\/marcali.plebania.hu\/wp-content\/uploads\/2022\/02\/04-1-1024x683.jpg 1024w, https:\/\/marcali.plebania.hu\/wp-content\/uploads\/2022\/02\/04-1-300x200.jpg 300w, https:\/\/marcali.plebania.hu\/wp-content\/uploads\/2022\/02\/04-1-768x512.jpg 768w, https:\/\/marcali.plebania.hu\/wp-content\/uploads\/2022\/02\/04-1-1536x1024.jpg 1536w, https:\/\/marcali.plebania.hu\/wp-content\/uploads\/2022\/02\/04-1-2048x1365.jpg 2048w, https:\/\/marcali.plebania.hu\/wp-content\/uploads\/2022\/02\/04-1-405x270.jpg 405w\" sizes=\"auto, (max-width: 1024px) 100vw, 1024px\" \/><\/figure><\/li><li class=\"blocks-gallery-item\"><figure><img loading=\"lazy\" decoding=\"async\" width=\"1024\" height=\"683\" src=\"https:\/\/marcali.plebania.hu\/wp-content\/uploads\/2022\/02\/05-1024x683.jpg\" alt=\"\" data-id=\"3337\" data-link=\"https:\/\/marcali.plebania.hu\/?attachment_id=3337\" class=\"wp-image-3337\" srcset=\"https:\/\/marcali.plebania.hu\/wp-content\/uploads\/2022\/02\/05-1024x683.jpg 1024w, https:\/\/marcali.plebania.hu\/wp-content\/uploads\/2022\/02\/05-300x200.jpg 300w, https:\/\/marcali.plebania.hu\/wp-content\/uploads\/2022\/02\/05-768x512.jpg 768w, https:\/\/marcali.plebania.hu\/wp-content\/uploads\/2022\/02\/05-1536x1024.jpg 1536w, https:\/\/marcali.plebania.hu\/wp-content\/uploads\/2022\/02\/05-2048x1365.jpg 2048w, https:\/\/marcali.plebania.hu\/wp-content\/uploads\/2022\/02\/05-405x270.jpg 405w\" sizes=\"auto, (max-width: 1024px) 100vw, 1024px\" \/><\/figure><\/li><li class=\"blocks-gallery-item\"><figure><img loading=\"lazy\" decoding=\"async\" width=\"1024\" height=\"683\" src=\"https:\/\/marcali.plebania.hu\/wp-content\/uploads\/2022\/02\/07-1-1024x683.jpg\" alt=\"\" data-id=\"3338\" data-link=\"https:\/\/marcali.plebania.hu\/?attachment_id=3338\" class=\"wp-image-3338\" srcset=\"https:\/\/marcali.plebania.hu\/wp-content\/uploads\/2022\/02\/07-1-1024x683.jpg 1024w, https:\/\/marcali.plebania.hu\/wp-content\/uploads\/2022\/02\/07-1-300x200.jpg 300w, https:\/\/marcali.plebania.hu\/wp-content\/uploads\/2022\/02\/07-1-768x512.jpg 768w, https:\/\/marcali.plebania.hu\/wp-content\/uploads\/2022\/02\/07-1-1536x1024.jpg 1536w, https:\/\/marcali.plebania.hu\/wp-content\/uploads\/2022\/02\/07-1-2048x1365.jpg 2048w, https:\/\/marcali.plebania.hu\/wp-content\/uploads\/2022\/02\/07-1-405x270.jpg 405w\" sizes=\"auto, (max-width: 1024px) 100vw, 1024px\" \/><\/figure><\/li><li class=\"blocks-gallery-item\"><figure><img loading=\"lazy\" decoding=\"async\" width=\"1024\" height=\"683\" src=\"https:\/\/marcali.plebania.hu\/wp-content\/uploads\/2022\/02\/01-1-1024x683.jpg\" alt=\"\" data-id=\"3339\" data-full-url=\"https:\/\/marcali.plebania.hu\/wp-content\/uploads\/2022\/02\/01-1-scaled.jpg\" data-link=\"https:\/\/marcali.plebania.hu\/?attachment_id=3339\" class=\"wp-image-3339\" srcset=\"https:\/\/marcali.plebania.hu\/wp-content\/uploads\/2022\/02\/01-1-1024x683.jpg 1024w, https:\/\/marcali.plebania.hu\/wp-content\/uploads\/2022\/02\/01-1-300x200.jpg 300w, https:\/\/marcali.plebania.hu\/wp-content\/uploads\/2022\/02\/01-1-768x512.jpg 768w, https:\/\/marcali.plebania.hu\/wp-content\/uploads\/2022\/02\/01-1-1536x1024.jpg 1536w, https:\/\/marcali.plebania.hu\/wp-content\/uploads\/2022\/02\/01-1-2048x1365.jpg 2048w, https:\/\/marcali.plebania.hu\/wp-content\/uploads\/2022\/02\/01-1-405x270.jpg 405w\" sizes=\"auto, (max-width: 1024px) 100vw, 1024px\" \/><\/figure><\/li><\/ul><\/figure>\n\n\n\n<p>A k\u00f6zel egy \u00f3r\u00e1s m\u0171sort Horv\u00e1th Hajnalka nyitotta meg, majd pedig az ismert k\u00f6lt\u0151k verseib\u0151l k\u00f6vetkezett egy tartalmas verses-zen\u00e9s \u00f6ssze\u00e1ll\u00edt\u00e1s, melyben a hallgat\u00f3s\u00e1g nemcsak az sz\u00e9p alkot\u00e1sokb\u00f3l kapott \u00edzel\u00edt\u0151t, hanem bepillant\u00e1st nyerhetett az egyes po\u00e9t\u00e1k Istenhez val\u00f3 viszony\u00e1r\u00f3l, hit\u00e9r\u0151l is.<\/p>\n\n\n\n<figure class=\"wp-block-gallery columns-3 is-cropped wp-block-gallery-2 is-layout-flex wp-block-gallery-is-layout-flex\"><ul class=\"blocks-gallery-grid\"><li class=\"blocks-gallery-item\"><figure><img loading=\"lazy\" decoding=\"async\" width=\"1024\" height=\"683\" src=\"https:\/\/marcali.plebania.hu\/wp-content\/uploads\/2022\/02\/09-1024x683.jpg\" alt=\"\" data-id=\"3340\" data-link=\"https:\/\/marcali.plebania.hu\/?attachment_id=3340\" class=\"wp-image-3340\" srcset=\"https:\/\/marcali.plebania.hu\/wp-content\/uploads\/2022\/02\/09-1024x683.jpg 1024w, https:\/\/marcali.plebania.hu\/wp-content\/uploads\/2022\/02\/09-300x200.jpg 300w, https:\/\/marcali.plebania.hu\/wp-content\/uploads\/2022\/02\/09-768x512.jpg 768w, https:\/\/marcali.plebania.hu\/wp-content\/uploads\/2022\/02\/09-1536x1024.jpg 1536w, https:\/\/marcali.plebania.hu\/wp-content\/uploads\/2022\/02\/09-2048x1365.jpg 2048w, https:\/\/marcali.plebania.hu\/wp-content\/uploads\/2022\/02\/09-405x270.jpg 405w\" sizes=\"auto, (max-width: 1024px) 100vw, 1024px\" \/><\/figure><\/li><li class=\"blocks-gallery-item\"><figure><img loading=\"lazy\" decoding=\"async\" width=\"1024\" height=\"683\" src=\"https:\/\/marcali.plebania.hu\/wp-content\/uploads\/2022\/02\/10-1024x683.jpg\" alt=\"\" data-id=\"3341\" data-link=\"https:\/\/marcali.plebania.hu\/?attachment_id=3341\" class=\"wp-image-3341\" srcset=\"https:\/\/marcali.plebania.hu\/wp-content\/uploads\/2022\/02\/10-1024x683.jpg 1024w, https:\/\/marcali.plebania.hu\/wp-content\/uploads\/2022\/02\/10-300x200.jpg 300w, https:\/\/marcali.plebania.hu\/wp-content\/uploads\/2022\/02\/10-768x512.jpg 768w, https:\/\/marcali.plebania.hu\/wp-content\/uploads\/2022\/02\/10-1536x1024.jpg 1536w, https:\/\/marcali.plebania.hu\/wp-content\/uploads\/2022\/02\/10-2048x1365.jpg 2048w, https:\/\/marcali.plebania.hu\/wp-content\/uploads\/2022\/02\/10-405x270.jpg 405w\" sizes=\"auto, (max-width: 1024px) 100vw, 1024px\" \/><\/figure><\/li><li class=\"blocks-gallery-item\"><figure><img loading=\"lazy\" decoding=\"async\" width=\"1024\" height=\"683\" src=\"https:\/\/marcali.plebania.hu\/wp-content\/uploads\/2022\/02\/14-1-1024x683.jpg\" alt=\"\" data-id=\"3342\" data-full-url=\"https:\/\/marcali.plebania.hu\/wp-content\/uploads\/2022\/02\/14-1-scaled.jpg\" data-link=\"https:\/\/marcali.plebania.hu\/?attachment_id=3342\" class=\"wp-image-3342\" srcset=\"https:\/\/marcali.plebania.hu\/wp-content\/uploads\/2022\/02\/14-1-1024x683.jpg 1024w, https:\/\/marcali.plebania.hu\/wp-content\/uploads\/2022\/02\/14-1-300x200.jpg 300w, https:\/\/marcali.plebania.hu\/wp-content\/uploads\/2022\/02\/14-1-768x512.jpg 768w, https:\/\/marcali.plebania.hu\/wp-content\/uploads\/2022\/02\/14-1-1536x1024.jpg 1536w, https:\/\/marcali.plebania.hu\/wp-content\/uploads\/2022\/02\/14-1-2048x1365.jpg 2048w, https:\/\/marcali.plebania.hu\/wp-content\/uploads\/2022\/02\/14-1-405x270.jpg 405w\" sizes=\"auto, (max-width: 1024px) 100vw, 1024px\" \/><\/figure><\/li><li class=\"blocks-gallery-item\"><figure><img loading=\"lazy\" decoding=\"async\" width=\"1024\" height=\"683\" src=\"https:\/\/marcali.plebania.hu\/wp-content\/uploads\/2022\/02\/15-1-1024x683.jpg\" alt=\"\" data-id=\"3343\" data-full-url=\"https:\/\/marcali.plebania.hu\/wp-content\/uploads\/2022\/02\/15-1-scaled.jpg\" data-link=\"https:\/\/marcali.plebania.hu\/?attachment_id=3343\" class=\"wp-image-3343\" srcset=\"https:\/\/marcali.plebania.hu\/wp-content\/uploads\/2022\/02\/15-1-1024x683.jpg 1024w, https:\/\/marcali.plebania.hu\/wp-content\/uploads\/2022\/02\/15-1-300x200.jpg 300w, https:\/\/marcali.plebania.hu\/wp-content\/uploads\/2022\/02\/15-1-768x512.jpg 768w, https:\/\/marcali.plebania.hu\/wp-content\/uploads\/2022\/02\/15-1-1536x1024.jpg 1536w, https:\/\/marcali.plebania.hu\/wp-content\/uploads\/2022\/02\/15-1-2048x1365.jpg 2048w, https:\/\/marcali.plebania.hu\/wp-content\/uploads\/2022\/02\/15-1-405x270.jpg 405w\" sizes=\"auto, (max-width: 1024px) 100vw, 1024px\" \/><\/figure><\/li><\/ul><\/figure>\n\n\n\n<p>A m\u0171sorban: Ady Endre, Babits Mih\u00e1ly, Rem\u00e9nyik S\u00e1ndor, J\u00f3zsef Attila, S\u00edk S\u00e1ndor, Pilinszky J\u00e1nos \u00e9s Wass Albert gy\u00f6ny\u00f6r\u0171 verseib\u0151l volt egy csokorra val\u00f3, melyet a nagysz\u00e1m\u00fa k\u00f6z\u00f6ns\u00e9g az el\u0151ad\u00e1s v\u00e9g\u00e9n vastapssal jutalmazott.<\/p>\n\n\n\n<figure class=\"wp-block-gallery columns-3 is-cropped wp-block-gallery-3 is-layout-flex wp-block-gallery-is-layout-flex\"><ul class=\"blocks-gallery-grid\"><li class=\"blocks-gallery-item\"><figure><img loading=\"lazy\" decoding=\"async\" width=\"1024\" height=\"683\" src=\"https:\/\/marcali.plebania.hu\/wp-content\/uploads\/2022\/02\/17-1-1024x683.jpg\" alt=\"\" data-id=\"3344\" data-link=\"https:\/\/marcali.plebania.hu\/?attachment_id=3344\" class=\"wp-image-3344\" srcset=\"https:\/\/marcali.plebania.hu\/wp-content\/uploads\/2022\/02\/17-1-1024x683.jpg 1024w, https:\/\/marcali.plebania.hu\/wp-content\/uploads\/2022\/02\/17-1-300x200.jpg 300w, https:\/\/marcali.plebania.hu\/wp-content\/uploads\/2022\/02\/17-1-768x512.jpg 768w, https:\/\/marcali.plebania.hu\/wp-content\/uploads\/2022\/02\/17-1-1536x1024.jpg 1536w, https:\/\/marcali.plebania.hu\/wp-content\/uploads\/2022\/02\/17-1-2048x1365.jpg 2048w, https:\/\/marcali.plebania.hu\/wp-content\/uploads\/2022\/02\/17-1-405x270.jpg 405w\" sizes=\"auto, (max-width: 1024px) 100vw, 1024px\" \/><\/figure><\/li><li class=\"blocks-gallery-item\"><figure><img loading=\"lazy\" decoding=\"async\" width=\"1024\" height=\"683\" src=\"https:\/\/marcali.plebania.hu\/wp-content\/uploads\/2022\/02\/22-1024x683.jpg\" alt=\"\" data-id=\"3345\" data-link=\"https:\/\/marcali.plebania.hu\/?attachment_id=3345\" class=\"wp-image-3345\" srcset=\"https:\/\/marcali.plebania.hu\/wp-content\/uploads\/2022\/02\/22-1024x683.jpg 1024w, https:\/\/marcali.plebania.hu\/wp-content\/uploads\/2022\/02\/22-300x200.jpg 300w, https:\/\/marcali.plebania.hu\/wp-content\/uploads\/2022\/02\/22-768x512.jpg 768w, https:\/\/marcali.plebania.hu\/wp-content\/uploads\/2022\/02\/22-1536x1024.jpg 1536w, https:\/\/marcali.plebania.hu\/wp-content\/uploads\/2022\/02\/22-2048x1365.jpg 2048w, https:\/\/marcali.plebania.hu\/wp-content\/uploads\/2022\/02\/22-405x270.jpg 405w\" sizes=\"auto, (max-width: 1024px) 100vw, 1024px\" \/><\/figure><\/li><li class=\"blocks-gallery-item\"><figure><img loading=\"lazy\" decoding=\"async\" width=\"1024\" height=\"683\" src=\"https:\/\/marcali.plebania.hu\/wp-content\/uploads\/2022\/02\/23-1024x683.jpg\" alt=\"\" data-id=\"3346\" data-link=\"https:\/\/marcali.plebania.hu\/?attachment_id=3346\" class=\"wp-image-3346\" srcset=\"https:\/\/marcali.plebania.hu\/wp-content\/uploads\/2022\/02\/23-1024x683.jpg 1024w, https:\/\/marcali.plebania.hu\/wp-content\/uploads\/2022\/02\/23-300x200.jpg 300w, https:\/\/marcali.plebania.hu\/wp-content\/uploads\/2022\/02\/23-768x512.jpg 768w, https:\/\/marcali.plebania.hu\/wp-content\/uploads\/2022\/02\/23-1536x1024.jpg 1536w, https:\/\/marcali.plebania.hu\/wp-content\/uploads\/2022\/02\/23-2048x1365.jpg 2048w, https:\/\/marcali.plebania.hu\/wp-content\/uploads\/2022\/02\/23-405x270.jpg 405w\" sizes=\"auto, (max-width: 1024px) 100vw, 1024px\" \/><\/figure><\/li><li class=\"blocks-gallery-item\"><figure><img loading=\"lazy\" decoding=\"async\" width=\"1024\" height=\"683\" src=\"https:\/\/marcali.plebania.hu\/wp-content\/uploads\/2022\/02\/25-1-1024x683.jpg\" alt=\"\" data-id=\"3347\" data-full-url=\"https:\/\/marcali.plebania.hu\/wp-content\/uploads\/2022\/02\/25-1-scaled.jpg\" data-link=\"https:\/\/marcali.plebania.hu\/?attachment_id=3347\" class=\"wp-image-3347\" srcset=\"https:\/\/marcali.plebania.hu\/wp-content\/uploads\/2022\/02\/25-1-1024x683.jpg 1024w, https:\/\/marcali.plebania.hu\/wp-content\/uploads\/2022\/02\/25-1-300x200.jpg 300w, https:\/\/marcali.plebania.hu\/wp-content\/uploads\/2022\/02\/25-1-768x512.jpg 768w, https:\/\/marcali.plebania.hu\/wp-content\/uploads\/2022\/02\/25-1-1536x1024.jpg 1536w, https:\/\/marcali.plebania.hu\/wp-content\/uploads\/2022\/02\/25-1-2048x1365.jpg 2048w, https:\/\/marcali.plebania.hu\/wp-content\/uploads\/2022\/02\/25-1-405x270.jpg 405w\" sizes=\"auto, (max-width: 1024px) 100vw, 1024px\" \/><\/figure><\/li><\/ul><\/figure>\n\n\n\n<p>Kurucz \u00c1d\u00e1m Konr\u00e1d el\u00e1rulta, hogy az irodalmi el\u0151ad\u00e1snak tavasszal lesz m\u00e9g folytat\u00e1sa az R\u00f3mai Katolikus Egyh\u00e1zk\u00f6zs\u00e9g k\u00f6z\u00f6ss\u00e9gi h\u00e1z\u00e1ban.<\/p>\n\n\n\n<figure class=\"wp-block-gallery columns-1 is-cropped wp-block-gallery-4 is-layout-flex wp-block-gallery-is-layout-flex\"><ul class=\"blocks-gallery-grid\"><li class=\"blocks-gallery-item\"><figure><img loading=\"lazy\" decoding=\"async\" width=\"1024\" height=\"683\" src=\"https:\/\/marcali.plebania.hu\/wp-content\/uploads\/2022\/02\/28-1024x683.jpg\" alt=\"\" data-id=\"3348\" data-full-url=\"https:\/\/marcali.plebania.hu\/wp-content\/uploads\/2022\/02\/28-scaled.jpg\" data-link=\"https:\/\/marcali.plebania.hu\/?attachment_id=3348\" class=\"wp-image-3348\" srcset=\"https:\/\/marcali.plebania.hu\/wp-content\/uploads\/2022\/02\/28-1024x683.jpg 1024w, https:\/\/marcali.plebania.hu\/wp-content\/uploads\/2022\/02\/28-300x200.jpg 300w, https:\/\/marcali.plebania.hu\/wp-content\/uploads\/2022\/02\/28-768x512.jpg 768w, https:\/\/marcali.plebania.hu\/wp-content\/uploads\/2022\/02\/28-1536x1024.jpg 1536w, https:\/\/marcali.plebania.hu\/wp-content\/uploads\/2022\/02\/28-2048x1365.jpg 2048w, https:\/\/marcali.plebania.hu\/wp-content\/uploads\/2022\/02\/28-405x270.jpg 405w\" sizes=\"auto, (max-width: 1024px) 100vw, 1024px\" \/><\/figure><\/li><\/ul><\/figure>\n","protected":false},"excerpt":{"rendered":"<p>2022. febru\u00e1r 21-\u00e9n, h\u00e9tf\u0151n 18 \u00f3r\u00e1t\u00f3l dr. Kurucz \u00c1d\u00e1m Konr\u00e1d sz\u00edn\u00e9sz, Latinovits-d\u00edjas versmond\u00f3 tartott el\u0151ad\u00e1st magyar k\u00f6lt\u0151k Istenes m\u0171veib\u0151l az X-h\u00e1zban. A k\u00f6zel egy \u00f3r\u00e1s m\u0171sort Horv\u00e1th Hajnalka nyitotta meg, majd pedig az ismert k\u00f6lt\u0151k verseib\u0151l k\u00f6vetkezett egy tartalmas verses-zen\u00e9s \u00f6ssze\u00e1ll\u00edt\u00e1s, melyben a hallgat\u00f3s\u00e1g nemcsak az sz\u00e9p alkot\u00e1sokb\u00f3l kapott \u00edzel\u00edt\u0151t, hanem bepillant\u00e1st nyerhetett az egyes po\u00e9t\u00e1k Istenhez val\u00f3 viszony\u00e1r\u00f3l, hit\u00e9r\u0151l is. A m\u0171sorban: Ady Endre, Babits Mih\u00e1ly, Rem\u00e9nyik S\u00e1ndor, J\u00f3zsef Attila, S\u00edk S\u00e1ndor, Pilinszky J\u00e1nos \u00e9s Wass Albert gy\u00f6ny\u00f6r\u0171 verseib\u0151l&#8230;<\/p>\n<p class=\"read-more\"><a class=\"btn btn-default\" href=\"https:\/\/marcali.plebania.hu\/?p=3335\"> Read More<span class=\"screen-reader-text\">  Read More<\/span><\/a><\/p>\n","protected":false},"author":2,"featured_media":0,"comment_status":"closed","ping_status":"open","sticky":false,"template":"","format":"standard","meta":{"footnotes":""},"categories":[1],"tags":[],"class_list":["post-3335","post","type-post","status-publish","format-standard","hentry","category-egyeb"],"_links":{"self":[{"href":"https:\/\/marcali.plebania.hu\/index.php?rest_route=\/wp\/v2\/posts\/3335","targetHints":{"allow":["GET"]}}],"collection":[{"href":"https:\/\/marcali.plebania.hu\/index.php?rest_route=\/wp\/v2\/posts"}],"about":[{"href":"https:\/\/marcali.plebania.hu\/index.php?rest_route=\/wp\/v2\/types\/post"}],"author":[{"embeddable":true,"href":"https:\/\/marcali.plebania.hu\/index.php?rest_route=\/wp\/v2\/users\/2"}],"replies":[{"embeddable":true,"href":"https:\/\/marcali.plebania.hu\/index.php?rest_route=%2Fwp%2Fv2%2Fcomments&post=3335"}],"version-history":[{"count":1,"href":"https:\/\/marcali.plebania.hu\/index.php?rest_route=\/wp\/v2\/posts\/3335\/revisions"}],"predecessor-version":[{"id":3349,"href":"https:\/\/marcali.plebania.hu\/index.php?rest_route=\/wp\/v2\/posts\/3335\/revisions\/3349"}],"wp:attachment":[{"href":"https:\/\/marcali.plebania.hu\/index.php?rest_route=%2Fwp%2Fv2%2Fmedia&parent=3335"}],"wp:term":[{"taxonomy":"category","embeddable":true,"href":"https:\/\/marcali.plebania.hu\/index.php?rest_route=%2Fwp%2Fv2%2Fcategories&post=3335"},{"taxonomy":"post_tag","embeddable":true,"href":"https:\/\/marcali.plebania.hu\/index.php?rest_route=%2Fwp%2Fv2%2Ftags&post=3335"}],"curies":[{"name":"wp","href":"https:\/\/api.w.org\/{rel}","templated":true}]}}