{"id":3350,"date":"2022-02-25T09:30:04","date_gmt":"2022-02-25T09:30:04","guid":{"rendered":"https:\/\/marcali.plebania.hu\/?p=3350"},"modified":"2022-02-25T09:30:04","modified_gmt":"2022-02-25T09:30:04","slug":"hirdetesek-2022-02-27","status":"publish","type":"post","link":"https:\/\/marcali.plebania.hu\/?p=3350","title":{"rendered":"Hirdet\u00e9sek, 2022. 02. 27."},"content":{"rendered":"\n<ol class=\"wp-block-list\"><li>Ma van az \u00e9vk\u00f6zi 8. vas\u00e1rnap.<\/li><li>A j\u00f6v\u0151 h\u00e9ten hamvaz\u00f3szerda, a nagyb\u00f6jt kezdete. Este\n17 \u00f3rakor szentmise, hamvaz\u00e1ssal. Szigor\u00fa b\u00f6jti nap!<\/li><li>Nagyb\u00f6jt p\u00e9ntekjein 16.30-kor kereszt\u00fati \u00e1jtatoss\u00e1got\nv\u00e9gz\u00fcnk a pl\u00e9b\u00e1niatemplomban, melyet a k\u00f6z\u00f6ss\u00e9gek v\u00e9geznek. A j\u00f6v\u0151 h\u00e9ten a\nJ\u00e9zus Testv\u00e9rei Kisk\u00f6z\u00f6ss\u00e9g vezeti a kereszt\u00fati \u00e1jtatoss\u00e1got. Egyben els\u0151\np\u00e9ntek, 16.15-t\u0151l gy\u00f3ntat\u00e1s, 17 \u00f3rakor szentmise. K\u00e9rem a gombai \u00e9s a B.\nGizella templomban a vas\u00e1rnapi szentmis\u00e9k el\u0151tt v\u00e9gezzenek kereszt\u00fati\n\u00e1jtatoss\u00e1got.<\/li><li>Im\u00e1dkozzunk a b\u00e9k\u00e9\u00e9rt!<\/li><li>Az elm\u00falt h\u00e9ten \u00fcl\u00e9st tartott az Egyh\u00e1zk\u00f6zs\u00e9g\nK\u00e9pvisel\u0151 Test\u00fclete. Az \u00fcl\u00e9sen a K\u00e9pvisel\u0151 test\u00fcleti tagok elfogadt\u00e1k az elm\u00falt\n\u00e9vi sz\u00e1mad\u00e1st, \u00e9s k\u00f6lts\u00e9gvet\u00e9st k\u00e9sz\u00edtettek erre az esztend\u0151re. Az \u00fcl\u00e9sen jelen\nvoltak a hitoktat\u00f3k is, akik besz\u00e1moltak a hitoktat\u00e1s jelenlegi helyzet\u00e9r\u0151l. Az\n\u00fcl\u00e9sen dr. Gyulain\u00e9 Domj\u00e1n Zsuzsanna t\u00e1j\u00e9koztat\u00e1st adott a test\u00fcletnek a\nMarcali k\u00f6zponti temet\u0151ben hamarosan elk\u00e9sz\u00fclend\u0151 \u201eMeg nem sz\u00fcletett gyermekek\u201d\neml\u00e9khely\u00e9r\u0151l, aminek felavat\u00e1sa \u00e1prilis 9-\u00e9n lesz.<\/li><li>A nagyb\u00f6jti id\u0151szakban Lelki Napot is tervez\u00fcnk\n\u00e1prilis 9-re, ha a j\u00e1rv\u00e1nyhelyzet megengedi.<\/li><li>A b\u00e9rm\u00e1l\u00e1s id\u0151pontja: M\u00e1jus 29. (vas\u00e1rnap) 11 \u00f3ra,\npl\u00e9b\u00e1niatemplom. Ism\u00e9telten felh\u00edvom a figyelmet arra, hogy a b\u00e9rm\u00e1l\u00e1sra val\u00f3\nfelk\u00e9sz\u00fcl\u00e9s eleme a rendszeres vas\u00e1rnapi szentmis\u00e9re j\u00e1r\u00e1s.<\/li><\/ol>\n","protected":false},"excerpt":{"rendered":"<p>Ma van az \u00e9vk\u00f6zi 8. vas\u00e1rnap. A j\u00f6v\u0151 h\u00e9ten hamvaz\u00f3szerda, a nagyb\u00f6jt kezdete. Este 17 \u00f3rakor szentmise, hamvaz\u00e1ssal. Szigor\u00fa b\u00f6jti nap! Nagyb\u00f6jt p\u00e9ntekjein 16.30-kor kereszt\u00fati \u00e1jtatoss\u00e1got v\u00e9gz\u00fcnk a pl\u00e9b\u00e1niatemplomban, melyet a k\u00f6z\u00f6ss\u00e9gek v\u00e9geznek. A j\u00f6v\u0151 h\u00e9ten a J\u00e9zus Testv\u00e9rei Kisk\u00f6z\u00f6ss\u00e9g vezeti a kereszt\u00fati \u00e1jtatoss\u00e1got. Egyben els\u0151 p\u00e9ntek, 16.15-t\u0151l gy\u00f3ntat\u00e1s, 17 \u00f3rakor szentmise. K\u00e9rem a gombai \u00e9s a B. Gizella templomban a vas\u00e1rnapi szentmis\u00e9k el\u0151tt v\u00e9gezzenek kereszt\u00fati \u00e1jtatoss\u00e1got. Im\u00e1dkozzunk a b\u00e9k\u00e9\u00e9rt! Az elm\u00falt h\u00e9ten \u00fcl\u00e9st tartott az Egyh\u00e1zk\u00f6zs\u00e9g K\u00e9pvisel\u0151 Test\u00fclete. Az&#8230;<\/p>\n<p class=\"read-more\"><a class=\"btn btn-default\" href=\"https:\/\/marcali.plebania.hu\/?p=3350\"> Read More<span class=\"screen-reader-text\">  Read More<\/span><\/a><\/p>\n","protected":false},"author":2,"featured_media":0,"comment_status":"closed","ping_status":"open","sticky":false,"template":"","format":"standard","meta":{"footnotes":""},"categories":[1],"tags":[],"class_list":["post-3350","post","type-post","status-publish","format-standard","hentry","category-egyeb"],"_links":{"self":[{"href":"https:\/\/marcali.plebania.hu\/index.php?rest_route=\/wp\/v2\/posts\/3350","targetHints":{"allow":["GET"]}}],"collection":[{"href":"https:\/\/marcali.plebania.hu\/index.php?rest_route=\/wp\/v2\/posts"}],"about":[{"href":"https:\/\/marcali.plebania.hu\/index.php?rest_route=\/wp\/v2\/types\/post"}],"author":[{"embeddable":true,"href":"https:\/\/marcali.plebania.hu\/index.php?rest_route=\/wp\/v2\/users\/2"}],"replies":[{"embeddable":true,"href":"https:\/\/marcali.plebania.hu\/index.php?rest_route=%2Fwp%2Fv2%2Fcomments&post=3350"}],"version-history":[{"count":1,"href":"https:\/\/marcali.plebania.hu\/index.php?rest_route=\/wp\/v2\/posts\/3350\/revisions"}],"predecessor-version":[{"id":3351,"href":"https:\/\/marcali.plebania.hu\/index.php?rest_route=\/wp\/v2\/posts\/3350\/revisions\/3351"}],"wp:attachment":[{"href":"https:\/\/marcali.plebania.hu\/index.php?rest_route=%2Fwp%2Fv2%2Fmedia&parent=3350"}],"wp:term":[{"taxonomy":"category","embeddable":true,"href":"https:\/\/marcali.plebania.hu\/index.php?rest_route=%2Fwp%2Fv2%2Fcategories&post=3350"},{"taxonomy":"post_tag","embeddable":true,"href":"https:\/\/marcali.plebania.hu\/index.php?rest_route=%2Fwp%2Fv2%2Ftags&post=3350"}],"curies":[{"name":"wp","href":"https:\/\/api.w.org\/{rel}","templated":true}]}}