{"id":3352,"date":"2022-03-03T15:37:18","date_gmt":"2022-03-03T15:37:18","guid":{"rendered":"https:\/\/marcali.plebania.hu\/?p=3352"},"modified":"2022-03-03T15:37:18","modified_gmt":"2022-03-03T15:37:18","slug":"a-kommunizmus-aldozatainak-emleknapjan-szentmisevel-es-gyertyagyujtassal-emlekeztek-marcaliban","status":"publish","type":"post","link":"https:\/\/marcali.plebania.hu\/?p=3352","title":{"rendered":"A Kommunizmus \u00c1ldozatainak Eml\u00e9knapj\u00e1n szentmis\u00e9vel \u00e9s gyertyagy\u00fajt\u00e1ssal eml\u00e9keztek Marcaliban"},"content":{"rendered":"\n<p>2022. febru\u00e1r 25-\u00e9n, p\u00e9nteken Marcaliban is megeml\u00e9keztek a Kommunizmus \u00c1ldozatainak Eml\u00e9knapj\u00e1n.<\/p>\n\n\n\n<figure class=\"wp-block-gallery columns-3 is-cropped wp-block-gallery-1 is-layout-flex wp-block-gallery-is-layout-flex\"><ul class=\"blocks-gallery-grid\"><li class=\"blocks-gallery-item\"><figure><img loading=\"lazy\" decoding=\"async\" width=\"1024\" height=\"683\" src=\"https:\/\/marcali.plebania.hu\/wp-content\/uploads\/2022\/03\/05-1024x683.jpg\" alt=\"\" data-id=\"3353\" data-link=\"https:\/\/marcali.plebania.hu\/?attachment_id=3353\" class=\"wp-image-3353\" srcset=\"https:\/\/marcali.plebania.hu\/wp-content\/uploads\/2022\/03\/05-1024x683.jpg 1024w, https:\/\/marcali.plebania.hu\/wp-content\/uploads\/2022\/03\/05-300x200.jpg 300w, https:\/\/marcali.plebania.hu\/wp-content\/uploads\/2022\/03\/05-768x512.jpg 768w, https:\/\/marcali.plebania.hu\/wp-content\/uploads\/2022\/03\/05-1536x1024.jpg 1536w, https:\/\/marcali.plebania.hu\/wp-content\/uploads\/2022\/03\/05-2048x1365.jpg 2048w, https:\/\/marcali.plebania.hu\/wp-content\/uploads\/2022\/03\/05-405x270.jpg 405w\" sizes=\"auto, (max-width: 1024px) 100vw, 1024px\" \/><\/figure><\/li><li class=\"blocks-gallery-item\"><figure><img loading=\"lazy\" decoding=\"async\" width=\"1024\" height=\"683\" src=\"https:\/\/marcali.plebania.hu\/wp-content\/uploads\/2022\/03\/06-1024x683.jpg\" alt=\"\" data-id=\"3354\" data-link=\"https:\/\/marcali.plebania.hu\/?attachment_id=3354\" class=\"wp-image-3354\" srcset=\"https:\/\/marcali.plebania.hu\/wp-content\/uploads\/2022\/03\/06-1024x683.jpg 1024w, https:\/\/marcali.plebania.hu\/wp-content\/uploads\/2022\/03\/06-300x200.jpg 300w, https:\/\/marcali.plebania.hu\/wp-content\/uploads\/2022\/03\/06-768x512.jpg 768w, https:\/\/marcali.plebania.hu\/wp-content\/uploads\/2022\/03\/06-1536x1024.jpg 1536w, https:\/\/marcali.plebania.hu\/wp-content\/uploads\/2022\/03\/06-2048x1365.jpg 2048w, https:\/\/marcali.plebania.hu\/wp-content\/uploads\/2022\/03\/06-405x270.jpg 405w\" sizes=\"auto, (max-width: 1024px) 100vw, 1024px\" \/><\/figure><\/li><li class=\"blocks-gallery-item\"><figure><img loading=\"lazy\" decoding=\"async\" width=\"1024\" height=\"683\" src=\"https:\/\/marcali.plebania.hu\/wp-content\/uploads\/2022\/03\/03-1024x683.jpg\" alt=\"\" data-id=\"3355\" data-link=\"https:\/\/marcali.plebania.hu\/?attachment_id=3355\" class=\"wp-image-3355\" srcset=\"https:\/\/marcali.plebania.hu\/wp-content\/uploads\/2022\/03\/03-1024x683.jpg 1024w, https:\/\/marcali.plebania.hu\/wp-content\/uploads\/2022\/03\/03-300x200.jpg 300w, https:\/\/marcali.plebania.hu\/wp-content\/uploads\/2022\/03\/03-768x512.jpg 768w, https:\/\/marcali.plebania.hu\/wp-content\/uploads\/2022\/03\/03-1536x1024.jpg 1536w, https:\/\/marcali.plebania.hu\/wp-content\/uploads\/2022\/03\/03-2048x1365.jpg 2048w, https:\/\/marcali.plebania.hu\/wp-content\/uploads\/2022\/03\/03-405x270.jpg 405w\" sizes=\"auto, (max-width: 1024px) 100vw, 1024px\" \/><\/figure><\/li><li class=\"blocks-gallery-item\"><figure><img loading=\"lazy\" decoding=\"async\" width=\"1024\" height=\"683\" src=\"https:\/\/marcali.plebania.hu\/wp-content\/uploads\/2022\/03\/04-1024x683.jpg\" alt=\"\" data-id=\"3356\" data-full-url=\"https:\/\/marcali.plebania.hu\/wp-content\/uploads\/2022\/03\/04-scaled.jpg\" data-link=\"https:\/\/marcali.plebania.hu\/?attachment_id=3356\" class=\"wp-image-3356\" srcset=\"https:\/\/marcali.plebania.hu\/wp-content\/uploads\/2022\/03\/04-1024x683.jpg 1024w, https:\/\/marcali.plebania.hu\/wp-content\/uploads\/2022\/03\/04-300x200.jpg 300w, https:\/\/marcali.plebania.hu\/wp-content\/uploads\/2022\/03\/04-768x512.jpg 768w, https:\/\/marcali.plebania.hu\/wp-content\/uploads\/2022\/03\/04-1536x1024.jpg 1536w, https:\/\/marcali.plebania.hu\/wp-content\/uploads\/2022\/03\/04-2048x1365.jpg 2048w, https:\/\/marcali.plebania.hu\/wp-content\/uploads\/2022\/03\/04-405x270.jpg 405w\" sizes=\"auto, (max-width: 1024px) 100vw, 1024px\" \/><\/figure><\/li><\/ul><\/figure>\n\n\n\n<p>17 \u00f3r\u00e1t\u00f3l a\nGy\u00fcm\u00f6lcsolt\u00f3 Boldogasszony pl\u00e9b\u00e1niatemplomban Kiss Iv\u00e1n c. pr\u00e9post, pl\u00e9b\u00e1nos engesztel\u0151\nszentmis\u00e9t celebr\u00e1lt a kommunizmus h\u0151sei\u00e9rt \u00e9s \u00e1ldozatai\u00e9rt. Pr\u00e9dik\u00e1ci\u00f3j\u00e1ban\nSzent II. J\u00e1nos P\u00e1l p\u00e1pa szerep\u00e9t \u00e9s k\u00fczdelmeit emelte ki, melyet a\ndiktat\u00f3rikus hatalommal kellett megv\u00edvnia. S eml\u00e9keztetett a Bibli\u00e1b\u00f3l vett\nid\u00e9zetre, amely a Szentatya egyik jelmondata volt: \u201eNe f\u00e9ljetek\u201d.<\/p>\n\n\n\n<p>Az\nistentisztelet v\u00e9g\u00e9n Iv\u00e1n atya a h\u00edvekkel egy\u00fctt egy tized r\u00f3zsaf\u00fcz\u00e9rt\nim\u00e1dkozott az orosz-ukr\u00e1n h\u00e1bor\u00fa megsz\u0171n\u00e9s\u00e9\u00e9rt \u00e9s a b\u00e9k\u00e9\u00e9rt.<\/p>\n\n\n\n<p>A mis\u00e9n k\u00f6zrem\u0171k\u00f6d\u00f6tt Balogh B\u00e1lint k\u00e1ntor orgon\u00e1val, \u00e9s J\u00e1ki Zolt\u00e1n pedig heged\u0171vel.<\/p>\n\n\n\n<figure class=\"wp-block-gallery columns-3 is-cropped wp-block-gallery-2 is-layout-flex wp-block-gallery-is-layout-flex\"><ul class=\"blocks-gallery-grid\"><li class=\"blocks-gallery-item\"><figure><img loading=\"lazy\" decoding=\"async\" width=\"1024\" height=\"683\" src=\"https:\/\/marcali.plebania.hu\/wp-content\/uploads\/2022\/03\/08-1024x683.jpg\" alt=\"\" data-id=\"3357\" data-link=\"https:\/\/marcali.plebania.hu\/?attachment_id=3357\" class=\"wp-image-3357\" srcset=\"https:\/\/marcali.plebania.hu\/wp-content\/uploads\/2022\/03\/08-1024x683.jpg 1024w, https:\/\/marcali.plebania.hu\/wp-content\/uploads\/2022\/03\/08-300x200.jpg 300w, https:\/\/marcali.plebania.hu\/wp-content\/uploads\/2022\/03\/08-768x512.jpg 768w, https:\/\/marcali.plebania.hu\/wp-content\/uploads\/2022\/03\/08-1536x1024.jpg 1536w, https:\/\/marcali.plebania.hu\/wp-content\/uploads\/2022\/03\/08-2048x1365.jpg 2048w, https:\/\/marcali.plebania.hu\/wp-content\/uploads\/2022\/03\/08-405x270.jpg 405w\" sizes=\"auto, (max-width: 1024px) 100vw, 1024px\" \/><\/figure><\/li><li class=\"blocks-gallery-item\"><figure><img loading=\"lazy\" decoding=\"async\" width=\"1024\" height=\"683\" src=\"https:\/\/marcali.plebania.hu\/wp-content\/uploads\/2022\/03\/09-1024x683.jpg\" alt=\"\" data-id=\"3358\" data-link=\"https:\/\/marcali.plebania.hu\/?attachment_id=3358\" class=\"wp-image-3358\" srcset=\"https:\/\/marcali.plebania.hu\/wp-content\/uploads\/2022\/03\/09-1024x683.jpg 1024w, https:\/\/marcali.plebania.hu\/wp-content\/uploads\/2022\/03\/09-300x200.jpg 300w, https:\/\/marcali.plebania.hu\/wp-content\/uploads\/2022\/03\/09-768x512.jpg 768w, https:\/\/marcali.plebania.hu\/wp-content\/uploads\/2022\/03\/09-1536x1024.jpg 1536w, https:\/\/marcali.plebania.hu\/wp-content\/uploads\/2022\/03\/09-2048x1365.jpg 2048w, https:\/\/marcali.plebania.hu\/wp-content\/uploads\/2022\/03\/09-405x270.jpg 405w\" sizes=\"auto, (max-width: 1024px) 100vw, 1024px\" \/><\/figure><\/li><li class=\"blocks-gallery-item\"><figure><img loading=\"lazy\" decoding=\"async\" width=\"1024\" height=\"683\" src=\"https:\/\/marcali.plebania.hu\/wp-content\/uploads\/2022\/03\/12-1024x683.jpg\" alt=\"\" data-id=\"3359\" data-full-url=\"https:\/\/marcali.plebania.hu\/wp-content\/uploads\/2022\/03\/12-scaled.jpg\" data-link=\"https:\/\/marcali.plebania.hu\/?attachment_id=3359\" class=\"wp-image-3359\" srcset=\"https:\/\/marcali.plebania.hu\/wp-content\/uploads\/2022\/03\/12-1024x683.jpg 1024w, https:\/\/marcali.plebania.hu\/wp-content\/uploads\/2022\/03\/12-300x200.jpg 300w, https:\/\/marcali.plebania.hu\/wp-content\/uploads\/2022\/03\/12-768x512.jpg 768w, https:\/\/marcali.plebania.hu\/wp-content\/uploads\/2022\/03\/12-1536x1024.jpg 1536w, https:\/\/marcali.plebania.hu\/wp-content\/uploads\/2022\/03\/12-2048x1365.jpg 2048w, https:\/\/marcali.plebania.hu\/wp-content\/uploads\/2022\/03\/12-405x270.jpg 405w\" sizes=\"auto, (max-width: 1024px) 100vw, 1024px\" \/><\/figure><\/li><li class=\"blocks-gallery-item\"><figure><img loading=\"lazy\" decoding=\"async\" width=\"1024\" height=\"683\" src=\"https:\/\/marcali.plebania.hu\/wp-content\/uploads\/2022\/03\/13-1024x683.jpg\" alt=\"\" data-id=\"3360\" data-full-url=\"https:\/\/marcali.plebania.hu\/wp-content\/uploads\/2022\/03\/13-scaled.jpg\" data-link=\"https:\/\/marcali.plebania.hu\/?attachment_id=3360\" class=\"wp-image-3360\" srcset=\"https:\/\/marcali.plebania.hu\/wp-content\/uploads\/2022\/03\/13-1024x683.jpg 1024w, https:\/\/marcali.plebania.hu\/wp-content\/uploads\/2022\/03\/13-300x200.jpg 300w, https:\/\/marcali.plebania.hu\/wp-content\/uploads\/2022\/03\/13-768x512.jpg 768w, https:\/\/marcali.plebania.hu\/wp-content\/uploads\/2022\/03\/13-1536x1024.jpg 1536w, https:\/\/marcali.plebania.hu\/wp-content\/uploads\/2022\/03\/13-2048x1365.jpg 2048w, https:\/\/marcali.plebania.hu\/wp-content\/uploads\/2022\/03\/13-405x270.jpg 405w\" sizes=\"auto, (max-width: 1024px) 100vw, 1024px\" \/><\/figure><\/li><\/ul><\/figure>\n\n\n\n<p>Majd ezut\u00e1n a megjelentek kivonultak a templom el\u00e9, ahol a Boldog II. J\u00e1nos P\u00e1l p\u00e1pa szoborn\u00e1l \u00e9s az 1956-os eml\u00e9km\u0171n\u00e9l m\u00e9csesek elhelyez\u00e9s\u00e9vel, f\u0151hajt\u00e1ssal r\u00f3tt\u00e1k le kegyelet\u00fcket az \u00e1ldozatok eml\u00e9ke el\u0151tt.<\/p>\n\n\n\n<figure class=\"wp-block-gallery columns-3 is-cropped wp-block-gallery-3 is-layout-flex wp-block-gallery-is-layout-flex\"><ul class=\"blocks-gallery-grid\"><li class=\"blocks-gallery-item\"><figure><img loading=\"lazy\" decoding=\"async\" width=\"1024\" height=\"683\" src=\"https:\/\/marcali.plebania.hu\/wp-content\/uploads\/2022\/03\/14-1024x683.jpg\" alt=\"\" data-id=\"3361\" data-link=\"https:\/\/marcali.plebania.hu\/?attachment_id=3361\" class=\"wp-image-3361\" srcset=\"https:\/\/marcali.plebania.hu\/wp-content\/uploads\/2022\/03\/14-1024x683.jpg 1024w, https:\/\/marcali.plebania.hu\/wp-content\/uploads\/2022\/03\/14-300x200.jpg 300w, https:\/\/marcali.plebania.hu\/wp-content\/uploads\/2022\/03\/14-768x512.jpg 768w, https:\/\/marcali.plebania.hu\/wp-content\/uploads\/2022\/03\/14-1536x1024.jpg 1536w, https:\/\/marcali.plebania.hu\/wp-content\/uploads\/2022\/03\/14-2048x1365.jpg 2048w, https:\/\/marcali.plebania.hu\/wp-content\/uploads\/2022\/03\/14-405x270.jpg 405w\" sizes=\"auto, (max-width: 1024px) 100vw, 1024px\" \/><\/figure><\/li><li class=\"blocks-gallery-item\"><figure><img loading=\"lazy\" decoding=\"async\" width=\"1024\" height=\"683\" src=\"https:\/\/marcali.plebania.hu\/wp-content\/uploads\/2022\/03\/16-1024x683.jpg\" alt=\"\" data-id=\"3363\" data-link=\"https:\/\/marcali.plebania.hu\/?attachment_id=3363\" class=\"wp-image-3363\" srcset=\"https:\/\/marcali.plebania.hu\/wp-content\/uploads\/2022\/03\/16-1024x683.jpg 1024w, https:\/\/marcali.plebania.hu\/wp-content\/uploads\/2022\/03\/16-300x200.jpg 300w, https:\/\/marcali.plebania.hu\/wp-content\/uploads\/2022\/03\/16-768x512.jpg 768w, https:\/\/marcali.plebania.hu\/wp-content\/uploads\/2022\/03\/16-1536x1024.jpg 1536w, https:\/\/marcali.plebania.hu\/wp-content\/uploads\/2022\/03\/16-2048x1365.jpg 2048w, https:\/\/marcali.plebania.hu\/wp-content\/uploads\/2022\/03\/16-405x270.jpg 405w\" sizes=\"auto, (max-width: 1024px) 100vw, 1024px\" \/><\/figure><\/li><li class=\"blocks-gallery-item\"><figure><img loading=\"lazy\" decoding=\"async\" width=\"1024\" height=\"683\" src=\"https:\/\/marcali.plebania.hu\/wp-content\/uploads\/2022\/03\/21-1024x683.jpg\" alt=\"\" data-id=\"3364\" data-full-url=\"https:\/\/marcali.plebania.hu\/wp-content\/uploads\/2022\/03\/21-scaled.jpg\" data-link=\"https:\/\/marcali.plebania.hu\/?attachment_id=3364\" class=\"wp-image-3364\" srcset=\"https:\/\/marcali.plebania.hu\/wp-content\/uploads\/2022\/03\/21-1024x683.jpg 1024w, https:\/\/marcali.plebania.hu\/wp-content\/uploads\/2022\/03\/21-300x200.jpg 300w, https:\/\/marcali.plebania.hu\/wp-content\/uploads\/2022\/03\/21-768x512.jpg 768w, https:\/\/marcali.plebania.hu\/wp-content\/uploads\/2022\/03\/21-1536x1024.jpg 1536w, https:\/\/marcali.plebania.hu\/wp-content\/uploads\/2022\/03\/21-2048x1365.jpg 2048w, https:\/\/marcali.plebania.hu\/wp-content\/uploads\/2022\/03\/21-405x270.jpg 405w\" sizes=\"auto, (max-width: 1024px) 100vw, 1024px\" \/><\/figure><\/li><li class=\"blocks-gallery-item\"><figure><img loading=\"lazy\" decoding=\"async\" width=\"1024\" height=\"683\" src=\"https:\/\/marcali.plebania.hu\/wp-content\/uploads\/2022\/03\/22-1024x683.jpg\" alt=\"\" data-id=\"3365\" data-full-url=\"https:\/\/marcali.plebania.hu\/wp-content\/uploads\/2022\/03\/22-scaled.jpg\" data-link=\"https:\/\/marcali.plebania.hu\/?attachment_id=3365\" class=\"wp-image-3365\" srcset=\"https:\/\/marcali.plebania.hu\/wp-content\/uploads\/2022\/03\/22-1024x683.jpg 1024w, https:\/\/marcali.plebania.hu\/wp-content\/uploads\/2022\/03\/22-300x200.jpg 300w, https:\/\/marcali.plebania.hu\/wp-content\/uploads\/2022\/03\/22-768x512.jpg 768w, https:\/\/marcali.plebania.hu\/wp-content\/uploads\/2022\/03\/22-1536x1024.jpg 1536w, https:\/\/marcali.plebania.hu\/wp-content\/uploads\/2022\/03\/22-2048x1365.jpg 2048w, https:\/\/marcali.plebania.hu\/wp-content\/uploads\/2022\/03\/22-405x270.jpg 405w\" sizes=\"auto, (max-width: 1024px) 100vw, 1024px\" \/><\/figure><\/li><\/ul><\/figure>\n\n\n\n<p>A rendezv\u00e9nyen gyerty\u00e1t gy\u00fajtott \u00e9s jelen volt M\u00f3ring J\u00f3zsef Attila orsz\u00e1ggy\u0171l\u00e9si k\u00e9pvisel\u0151; Huszti G\u00e1bor, a Somogy Megyei K\u00f6zgy\u0171l\u00e9s aleln\u00f6ke; a R\u00f3mai Katolikus Egyh\u00e1zk\u00f6zs\u00e9g r\u00e9sz\u00e9r\u0151l pedig Kiss Iv\u00e1n c. pr\u00e9post, pl\u00e9b\u00e1nos; Gelencs\u00e9r R\u00f3bert, az egyh\u00e1zk\u00f6zs\u00e9g vil\u00e1gi eln\u00f6ke; Kir\u00e1ly Jen\u0151 templomatya; a civil szervezetek r\u00e9sz\u00e9r\u0151l: Szaka Zsolt, a Marcali \u00e9s K\u00f6rny\u00e9ke Hagyom\u00e1ny\u0151rz\u0151 Ipartest\u00fclet eln\u00f6ke; Pomozi Istv\u00e1nn\u00e9, a Marcali Sz\u00e9passzonyok \u00e9s Fi\u00fak Hagyom\u00e1ny\u0151rz\u0151 Egyes\u00fclet; Kiss K\u00e1lm\u00e1n, a Kereszt\u00e9ny \u00c9rtelmis\u00e9giek Sz\u00f6vets\u00e9ge (K\u00c9SZ) Marcali Csoportj\u00e1nak eln\u00f6ke; tov\u00e1bb\u00e1 a r\u00e9sztvev\u0151 k\u00f6z\u00f6ss\u00e9gek tagjai, a h\u00edvek \u00e9s a v\u00e1roslak\u00f3k.<\/p>\n\n\n\n<figure class=\"wp-block-gallery columns-3 is-cropped wp-block-gallery-4 is-layout-flex wp-block-gallery-is-layout-flex\"><ul class=\"blocks-gallery-grid\"><li class=\"blocks-gallery-item\"><figure><img loading=\"lazy\" decoding=\"async\" width=\"1024\" height=\"683\" src=\"https:\/\/marcali.plebania.hu\/wp-content\/uploads\/2022\/03\/24-1024x683.jpg\" alt=\"\" data-id=\"3366\" data-link=\"https:\/\/marcali.plebania.hu\/?attachment_id=3366\" class=\"wp-image-3366\" srcset=\"https:\/\/marcali.plebania.hu\/wp-content\/uploads\/2022\/03\/24-1024x683.jpg 1024w, https:\/\/marcali.plebania.hu\/wp-content\/uploads\/2022\/03\/24-300x200.jpg 300w, https:\/\/marcali.plebania.hu\/wp-content\/uploads\/2022\/03\/24-768x512.jpg 768w, https:\/\/marcali.plebania.hu\/wp-content\/uploads\/2022\/03\/24-1536x1024.jpg 1536w, https:\/\/marcali.plebania.hu\/wp-content\/uploads\/2022\/03\/24-2048x1365.jpg 2048w, https:\/\/marcali.plebania.hu\/wp-content\/uploads\/2022\/03\/24-405x270.jpg 405w\" sizes=\"auto, (max-width: 1024px) 100vw, 1024px\" \/><\/figure><\/li><li class=\"blocks-gallery-item\"><figure><img loading=\"lazy\" decoding=\"async\" width=\"1024\" height=\"683\" src=\"https:\/\/marcali.plebania.hu\/wp-content\/uploads\/2022\/03\/25-1024x683.jpg\" alt=\"\" data-id=\"3367\" data-link=\"https:\/\/marcali.plebania.hu\/?attachment_id=3367\" class=\"wp-image-3367\" srcset=\"https:\/\/marcali.plebania.hu\/wp-content\/uploads\/2022\/03\/25-1024x683.jpg 1024w, https:\/\/marcali.plebania.hu\/wp-content\/uploads\/2022\/03\/25-300x200.jpg 300w, https:\/\/marcali.plebania.hu\/wp-content\/uploads\/2022\/03\/25-768x512.jpg 768w, https:\/\/marcali.plebania.hu\/wp-content\/uploads\/2022\/03\/25-1536x1024.jpg 1536w, https:\/\/marcali.plebania.hu\/wp-content\/uploads\/2022\/03\/25-2048x1365.jpg 2048w, https:\/\/marcali.plebania.hu\/wp-content\/uploads\/2022\/03\/25-405x270.jpg 405w\" sizes=\"auto, (max-width: 1024px) 100vw, 1024px\" \/><\/figure><\/li><li class=\"blocks-gallery-item\"><figure><img loading=\"lazy\" decoding=\"async\" width=\"1024\" height=\"683\" src=\"https:\/\/marcali.plebania.hu\/wp-content\/uploads\/2022\/03\/26-1024x683.jpg\" alt=\"\" data-id=\"3368\" data-link=\"https:\/\/marcali.plebania.hu\/?attachment_id=3368\" class=\"wp-image-3368\" srcset=\"https:\/\/marcali.plebania.hu\/wp-content\/uploads\/2022\/03\/26-1024x683.jpg 1024w, https:\/\/marcali.plebania.hu\/wp-content\/uploads\/2022\/03\/26-300x200.jpg 300w, https:\/\/marcali.plebania.hu\/wp-content\/uploads\/2022\/03\/26-768x512.jpg 768w, https:\/\/marcali.plebania.hu\/wp-content\/uploads\/2022\/03\/26-1536x1024.jpg 1536w, https:\/\/marcali.plebania.hu\/wp-content\/uploads\/2022\/03\/26-2048x1365.jpg 2048w, https:\/\/marcali.plebania.hu\/wp-content\/uploads\/2022\/03\/26-405x270.jpg 405w\" sizes=\"auto, (max-width: 1024px) 100vw, 1024px\" \/><\/figure><\/li><li class=\"blocks-gallery-item\"><figure><img loading=\"lazy\" decoding=\"async\" width=\"1024\" height=\"683\" src=\"https:\/\/marcali.plebania.hu\/wp-content\/uploads\/2022\/03\/28-1024x683.jpg\" alt=\"\" data-id=\"3369\" data-full-url=\"https:\/\/marcali.plebania.hu\/wp-content\/uploads\/2022\/03\/28-scaled.jpg\" data-link=\"https:\/\/marcali.plebania.hu\/?attachment_id=3369\" class=\"wp-image-3369\" srcset=\"https:\/\/marcali.plebania.hu\/wp-content\/uploads\/2022\/03\/28-1024x683.jpg 1024w, https:\/\/marcali.plebania.hu\/wp-content\/uploads\/2022\/03\/28-300x200.jpg 300w, https:\/\/marcali.plebania.hu\/wp-content\/uploads\/2022\/03\/28-768x512.jpg 768w, https:\/\/marcali.plebania.hu\/wp-content\/uploads\/2022\/03\/28-1536x1024.jpg 1536w, https:\/\/marcali.plebania.hu\/wp-content\/uploads\/2022\/03\/28-2048x1365.jpg 2048w, https:\/\/marcali.plebania.hu\/wp-content\/uploads\/2022\/03\/28-405x270.jpg 405w\" sizes=\"auto, (max-width: 1024px) 100vw, 1024px\" \/><\/figure><\/li><\/ul><\/figure>\n\n\n\n<p>A megeml\u00e9kez\u00e9st a R\u00f3mai Katolikus Egyh\u00e1zk\u00f6zs\u00e9g, a K\u00c9SZ Marcali Csoportja, valamint a MKH. Ipartest\u00fclet k\u00f6z\u00f6sen szervezte.<\/p>\n\n\n\n<figure class=\"wp-block-gallery columns-3 is-cropped wp-block-gallery-5 is-layout-flex wp-block-gallery-is-layout-flex\"><ul class=\"blocks-gallery-grid\"><li class=\"blocks-gallery-item\"><figure><img loading=\"lazy\" decoding=\"async\" width=\"1024\" height=\"683\" src=\"https:\/\/marcali.plebania.hu\/wp-content\/uploads\/2022\/03\/30-1024x683.jpg\" alt=\"\" data-id=\"3370\" data-full-url=\"https:\/\/marcali.plebania.hu\/wp-content\/uploads\/2022\/03\/30-scaled.jpg\" data-link=\"https:\/\/marcali.plebania.hu\/?attachment_id=3370\" class=\"wp-image-3370\" srcset=\"https:\/\/marcali.plebania.hu\/wp-content\/uploads\/2022\/03\/30-1024x683.jpg 1024w, https:\/\/marcali.plebania.hu\/wp-content\/uploads\/2022\/03\/30-300x200.jpg 300w, https:\/\/marcali.plebania.hu\/wp-content\/uploads\/2022\/03\/30-768x512.jpg 768w, https:\/\/marcali.plebania.hu\/wp-content\/uploads\/2022\/03\/30-1536x1024.jpg 1536w, https:\/\/marcali.plebania.hu\/wp-content\/uploads\/2022\/03\/30-2048x1365.jpg 2048w, https:\/\/marcali.plebania.hu\/wp-content\/uploads\/2022\/03\/30-405x270.jpg 405w\" sizes=\"auto, (max-width: 1024px) 100vw, 1024px\" \/><\/figure><\/li><li class=\"blocks-gallery-item\"><figure><img loading=\"lazy\" decoding=\"async\" width=\"1024\" height=\"683\" src=\"https:\/\/marcali.plebania.hu\/wp-content\/uploads\/2022\/03\/31-1024x683.jpg\" alt=\"\" data-id=\"3371\" data-full-url=\"https:\/\/marcali.plebania.hu\/wp-content\/uploads\/2022\/03\/31-scaled.jpg\" data-link=\"https:\/\/marcali.plebania.hu\/?attachment_id=3371\" class=\"wp-image-3371\" srcset=\"https:\/\/marcali.plebania.hu\/wp-content\/uploads\/2022\/03\/31-1024x683.jpg 1024w, https:\/\/marcali.plebania.hu\/wp-content\/uploads\/2022\/03\/31-300x200.jpg 300w, https:\/\/marcali.plebania.hu\/wp-content\/uploads\/2022\/03\/31-768x512.jpg 768w, https:\/\/marcali.plebania.hu\/wp-content\/uploads\/2022\/03\/31-1536x1024.jpg 1536w, https:\/\/marcali.plebania.hu\/wp-content\/uploads\/2022\/03\/31-2048x1365.jpg 2048w, https:\/\/marcali.plebania.hu\/wp-content\/uploads\/2022\/03\/31-405x270.jpg 405w\" sizes=\"auto, (max-width: 1024px) 100vw, 1024px\" \/><\/figure><\/li><li class=\"blocks-gallery-item\"><figure><img loading=\"lazy\" decoding=\"async\" width=\"1024\" height=\"683\" src=\"https:\/\/marcali.plebania.hu\/wp-content\/uploads\/2022\/03\/32-1024x683.jpg\" alt=\"\" data-id=\"3372\" data-full-url=\"https:\/\/marcali.plebania.hu\/wp-content\/uploads\/2022\/03\/32-scaled.jpg\" data-link=\"https:\/\/marcali.plebania.hu\/?attachment_id=3372\" class=\"wp-image-3372\" srcset=\"https:\/\/marcali.plebania.hu\/wp-content\/uploads\/2022\/03\/32-1024x683.jpg 1024w, https:\/\/marcali.plebania.hu\/wp-content\/uploads\/2022\/03\/32-300x200.jpg 300w, https:\/\/marcali.plebania.hu\/wp-content\/uploads\/2022\/03\/32-768x512.jpg 768w, https:\/\/marcali.plebania.hu\/wp-content\/uploads\/2022\/03\/32-1536x1024.jpg 1536w, https:\/\/marcali.plebania.hu\/wp-content\/uploads\/2022\/03\/32-2048x1365.jpg 2048w, https:\/\/marcali.plebania.hu\/wp-content\/uploads\/2022\/03\/32-405x270.jpg 405w\" sizes=\"auto, (max-width: 1024px) 100vw, 1024px\" \/><\/figure><\/li><li class=\"blocks-gallery-item\"><figure><img loading=\"lazy\" decoding=\"async\" width=\"1024\" height=\"683\" src=\"https:\/\/marcali.plebania.hu\/wp-content\/uploads\/2022\/03\/33-1024x683.jpg\" alt=\"\" data-id=\"3373\" data-full-url=\"https:\/\/marcali.plebania.hu\/wp-content\/uploads\/2022\/03\/33-scaled.jpg\" data-link=\"https:\/\/marcali.plebania.hu\/?attachment_id=3373\" class=\"wp-image-3373\" srcset=\"https:\/\/marcali.plebania.hu\/wp-content\/uploads\/2022\/03\/33-1024x683.jpg 1024w, https:\/\/marcali.plebania.hu\/wp-content\/uploads\/2022\/03\/33-300x200.jpg 300w, https:\/\/marcali.plebania.hu\/wp-content\/uploads\/2022\/03\/33-768x512.jpg 768w, https:\/\/marcali.plebania.hu\/wp-content\/uploads\/2022\/03\/33-1536x1024.jpg 1536w, https:\/\/marcali.plebania.hu\/wp-content\/uploads\/2022\/03\/33-2048x1365.jpg 2048w, https:\/\/marcali.plebania.hu\/wp-content\/uploads\/2022\/03\/33-405x270.jpg 405w\" sizes=\"auto, (max-width: 1024px) 100vw, 1024px\" \/><\/figure><\/li><\/ul><\/figure>\n","protected":false},"excerpt":{"rendered":"<p>2022. febru\u00e1r 25-\u00e9n, p\u00e9nteken Marcaliban is megeml\u00e9keztek a Kommunizmus \u00c1ldozatainak Eml\u00e9knapj\u00e1n. 17 \u00f3r\u00e1t\u00f3l a Gy\u00fcm\u00f6lcsolt\u00f3 Boldogasszony pl\u00e9b\u00e1niatemplomban Kiss Iv\u00e1n c. pr\u00e9post, pl\u00e9b\u00e1nos engesztel\u0151 szentmis\u00e9t celebr\u00e1lt a kommunizmus h\u0151sei\u00e9rt \u00e9s \u00e1ldozatai\u00e9rt. Pr\u00e9dik\u00e1ci\u00f3j\u00e1ban Szent II. J\u00e1nos P\u00e1l p\u00e1pa szerep\u00e9t \u00e9s k\u00fczdelmeit emelte ki, melyet a diktat\u00f3rikus hatalommal kellett megv\u00edvnia. S eml\u00e9keztetett a Bibli\u00e1b\u00f3l vett id\u00e9zetre, amely a Szentatya egyik jelmondata volt: \u201eNe f\u00e9ljetek\u201d. Az istentisztelet v\u00e9g\u00e9n Iv\u00e1n atya a h\u00edvekkel egy\u00fctt egy tized r\u00f3zsaf\u00fcz\u00e9rt im\u00e1dkozott az orosz-ukr\u00e1n h\u00e1bor\u00fa megsz\u0171n\u00e9s\u00e9\u00e9rt \u00e9s a b\u00e9k\u00e9\u00e9rt&#8230;.<\/p>\n<p class=\"read-more\"><a class=\"btn btn-default\" href=\"https:\/\/marcali.plebania.hu\/?p=3352\"> Read More<span class=\"screen-reader-text\">  Read More<\/span><\/a><\/p>\n","protected":false},"author":2,"featured_media":0,"comment_status":"closed","ping_status":"open","sticky":false,"template":"","format":"standard","meta":{"footnotes":""},"categories":[1],"tags":[],"class_list":["post-3352","post","type-post","status-publish","format-standard","hentry","category-egyeb"],"_links":{"self":[{"href":"https:\/\/marcali.plebania.hu\/index.php?rest_route=\/wp\/v2\/posts\/3352","targetHints":{"allow":["GET"]}}],"collection":[{"href":"https:\/\/marcali.plebania.hu\/index.php?rest_route=\/wp\/v2\/posts"}],"about":[{"href":"https:\/\/marcali.plebania.hu\/index.php?rest_route=\/wp\/v2\/types\/post"}],"author":[{"embeddable":true,"href":"https:\/\/marcali.plebania.hu\/index.php?rest_route=\/wp\/v2\/users\/2"}],"replies":[{"embeddable":true,"href":"https:\/\/marcali.plebania.hu\/index.php?rest_route=%2Fwp%2Fv2%2Fcomments&post=3352"}],"version-history":[{"count":1,"href":"https:\/\/marcali.plebania.hu\/index.php?rest_route=\/wp\/v2\/posts\/3352\/revisions"}],"predecessor-version":[{"id":3374,"href":"https:\/\/marcali.plebania.hu\/index.php?rest_route=\/wp\/v2\/posts\/3352\/revisions\/3374"}],"wp:attachment":[{"href":"https:\/\/marcali.plebania.hu\/index.php?rest_route=%2Fwp%2Fv2%2Fmedia&parent=3352"}],"wp:term":[{"taxonomy":"category","embeddable":true,"href":"https:\/\/marcali.plebania.hu\/index.php?rest_route=%2Fwp%2Fv2%2Fcategories&post=3352"},{"taxonomy":"post_tag","embeddable":true,"href":"https:\/\/marcali.plebania.hu\/index.php?rest_route=%2Fwp%2Fv2%2Ftags&post=3352"}],"curies":[{"name":"wp","href":"https:\/\/api.w.org\/{rel}","templated":true}]}}