{"id":336,"date":"2018-09-07T10:11:17","date_gmt":"2018-09-07T10:11:17","guid":{"rendered":"https:\/\/marcali.plebania.hu\/?p=336"},"modified":"2018-09-07T10:11:17","modified_gmt":"2018-09-07T10:11:17","slug":"hirdetesek-2018-09-09","status":"publish","type":"post","link":"https:\/\/marcali.plebania.hu\/?p=336","title":{"rendered":"Hirdet\u00e9sek, 2018. 09. 09."},"content":{"rendered":"<ol>\n<li>Ma van az \u00e9vk\u00f6zi 23. vas\u00e1rnap, tan\u00e9vkezd\u0151 szentmis\u00e9k a pl\u00e9b\u00e1niatemplomban \u00e9s a B. Gizella templomban. A szentmis\u00e9k ut\u00e1n a 7. \u00e9s 8-os gyermekek egy r\u00f6vid megbesz\u00e9l\u00e9sre itt maradnak.<\/li>\n<li>A gyermekek sz\u00e1m\u00e1ra a j\u00f6v\u0151 vas\u00e1rnap a szentmis\u00e9k el\u0151tt tan\u00e9vkezd\u0151 szentgy\u00f3n\u00e1sra lesz lehet\u0151s\u00e9g.<\/li>\n<li>A h\u00e9ten, szerd\u00e1n, M\u00e1ria neve napja, ezen a napon tartjuk a fatimai \u00e1jtatoss\u00e1got 17 \u00f3rakor a pl\u00e9b\u00e1niatemplomban, 18 \u00f3rakor \u00fcnnepi szentmise.<\/li>\n<li>A h\u00e9tk\u00f6znap esti szentmis\u00e9k id\u0151pontja 18 \u00f3r\u00e1ra v\u00e1ltozott.<\/li>\n<li>Hittanos gyermekeink r\u00e9sz\u00e9re az Egyh\u00e1zmegye rajz- \u00e9s fot\u00f3p\u00e1ly\u00e1zatot \u00edrt ki, melynek t\u00e9m\u00e1ja az Olt\u00e1riszents\u00e9g. R\u00e9szletes t\u00e1j\u00e9koztat\u00e1st a hitoktat\u00f3kt\u00f3l lehet kapni. Bead\u00e1si hat\u00e1rid\u0151 szeptember 28.<\/li>\n<li>P\u00e9ldak\u00e9nt \u00e1ll\u00edtjuk azokat a gyermekeket, akik nemcsak a tan\u00e9vben, hanem a ny\u00e1ri sz\u00fcnid\u0151ben is v\u00e9gig j\u00e1rtak a vas\u00e1rnapi szentmis\u00e9re.<\/li>\n<li>A K\u00c9SZ Marcali csoportja kedden, 16.45 \u00f3rakor tartja tiszt\u00faj\u00edt\u00f3 gy\u0171l\u00e9s\u00e9t, melyre a tags\u00e1got h\u00edvj\u00e1k \u00e9s v\u00e1rj\u00e1k.<\/li>\n<\/ol>\n","protected":false},"excerpt":{"rendered":"<p>Ma van az \u00e9vk\u00f6zi 23. vas\u00e1rnap, tan\u00e9vkezd\u0151 szentmis\u00e9k a pl\u00e9b\u00e1niatemplomban \u00e9s a B. Gizella templomban. A szentmis\u00e9k ut\u00e1n a 7. \u00e9s 8-os gyermekek egy r\u00f6vid megbesz\u00e9l\u00e9sre itt maradnak. A gyermekek sz\u00e1m\u00e1ra a j\u00f6v\u0151 vas\u00e1rnap a szentmis\u00e9k el\u0151tt tan\u00e9vkezd\u0151 szentgy\u00f3n\u00e1sra lesz lehet\u0151s\u00e9g. A h\u00e9ten, szerd\u00e1n, M\u00e1ria neve napja, ezen a napon tartjuk a fatimai \u00e1jtatoss\u00e1got 17 \u00f3rakor a pl\u00e9b\u00e1niatemplomban, 18 \u00f3rakor \u00fcnnepi szentmise. A h\u00e9tk\u00f6znap esti szentmis\u00e9k id\u0151pontja 18 \u00f3r\u00e1ra v\u00e1ltozott. Hittanos gyermekeink r\u00e9sz\u00e9re az Egyh\u00e1zmegye rajz- \u00e9s fot\u00f3p\u00e1ly\u00e1zatot \u00edrt ki,&#8230;<\/p>\n<p class=\"read-more\"><a class=\"btn btn-default\" href=\"https:\/\/marcali.plebania.hu\/?p=336\"> Read More<span class=\"screen-reader-text\">  Read More<\/span><\/a><\/p>\n","protected":false},"author":2,"featured_media":0,"comment_status":"closed","ping_status":"open","sticky":false,"template":"","format":"standard","meta":{"footnotes":""},"categories":[1],"tags":[],"class_list":["post-336","post","type-post","status-publish","format-standard","hentry","category-egyeb"],"_links":{"self":[{"href":"https:\/\/marcali.plebania.hu\/index.php?rest_route=\/wp\/v2\/posts\/336","targetHints":{"allow":["GET"]}}],"collection":[{"href":"https:\/\/marcali.plebania.hu\/index.php?rest_route=\/wp\/v2\/posts"}],"about":[{"href":"https:\/\/marcali.plebania.hu\/index.php?rest_route=\/wp\/v2\/types\/post"}],"author":[{"embeddable":true,"href":"https:\/\/marcali.plebania.hu\/index.php?rest_route=\/wp\/v2\/users\/2"}],"replies":[{"embeddable":true,"href":"https:\/\/marcali.plebania.hu\/index.php?rest_route=%2Fwp%2Fv2%2Fcomments&post=336"}],"version-history":[{"count":1,"href":"https:\/\/marcali.plebania.hu\/index.php?rest_route=\/wp\/v2\/posts\/336\/revisions"}],"predecessor-version":[{"id":337,"href":"https:\/\/marcali.plebania.hu\/index.php?rest_route=\/wp\/v2\/posts\/336\/revisions\/337"}],"wp:attachment":[{"href":"https:\/\/marcali.plebania.hu\/index.php?rest_route=%2Fwp%2Fv2%2Fmedia&parent=336"}],"wp:term":[{"taxonomy":"category","embeddable":true,"href":"https:\/\/marcali.plebania.hu\/index.php?rest_route=%2Fwp%2Fv2%2Fcategories&post=336"},{"taxonomy":"post_tag","embeddable":true,"href":"https:\/\/marcali.plebania.hu\/index.php?rest_route=%2Fwp%2Fv2%2Ftags&post=336"}],"curies":[{"name":"wp","href":"https:\/\/api.w.org\/{rel}","templated":true}]}}