{"id":3375,"date":"2022-03-03T15:38:56","date_gmt":"2022-03-03T15:38:56","guid":{"rendered":"https:\/\/marcali.plebania.hu\/?p=3375"},"modified":"2022-03-03T15:47:27","modified_gmt":"2022-03-03T15:47:27","slug":"keresztut-nagybojtben-pentekenkent-16-30-kor","status":"publish","type":"post","link":"https:\/\/marcali.plebania.hu\/?p=3375","title":{"rendered":"Kereszt\u00fat Nagyb\u00f6jtben (p\u00e9ntekenk\u00e9nt 16.30-kor)"},"content":{"rendered":"\n<p><strong>M\u00e1rcius 4.: <em>J\u00e9zus\nTestv\u00e9rei Kisk\u00f6z\u00f6ss\u00e9g<\/em><\/strong><\/p>\n\n\n\n<p><strong>M\u00e1rcius 11.: <em>Szent\nErzs\u00e9bet Imak\u00f6r<\/em><\/strong><\/p>\n\n\n\n<p><strong>M\u00e1rcius 18.: <em>Engesztel\u0151\nImak\u00f6r<\/em><\/strong><\/p>\n\n\n\n<p><strong>M\u00e1rcius 25: <em>R\u00f3zsaf\u00fcz\u00e9r\nT\u00e1rsulat<\/em><\/strong><\/p>\n\n\n\n<p><strong>\u00c1prilis 1.: <em>Karit\u00e1sz<\/em><\/strong><\/p>\n\n\n\n<p><strong>\u00c1prilis 8.: <em>B\u00e9rm\u00e1lkoz\u00e1sra\nk\u00e9sz\u00fcl\u0151k<\/em><\/strong><\/p>\n\n\n\n<p><strong>\u00c1prilis 15. 15 \u00f3ra: <em>Kereszt\u00fat a temet\u0151i<\/em><\/strong> <strong><em>K\u00e1lv\u00e1ri\u00e1n<\/em><\/strong><\/p>\n","protected":false},"excerpt":{"rendered":"<p>M\u00e1rcius 4.: J\u00e9zus Testv\u00e9rei Kisk\u00f6z\u00f6ss\u00e9g M\u00e1rcius 11.: Szent Erzs\u00e9bet Imak\u00f6r M\u00e1rcius 18.: Engesztel\u0151 Imak\u00f6r M\u00e1rcius 25: R\u00f3zsaf\u00fcz\u00e9r T\u00e1rsulat \u00c1prilis 1.: Karit\u00e1sz \u00c1prilis 8.: B\u00e9rm\u00e1lkoz\u00e1sra k\u00e9sz\u00fcl\u0151k \u00c1prilis 15. 15 \u00f3ra: Kereszt\u00fat a temet\u0151i K\u00e1lv\u00e1ri\u00e1n<\/p>\n","protected":false},"author":2,"featured_media":0,"comment_status":"closed","ping_status":"open","sticky":false,"template":"","format":"standard","meta":{"footnotes":""},"categories":[1],"tags":[],"class_list":["post-3375","post","type-post","status-publish","format-standard","hentry","category-egyeb"],"_links":{"self":[{"href":"https:\/\/marcali.plebania.hu\/index.php?rest_route=\/wp\/v2\/posts\/3375","targetHints":{"allow":["GET"]}}],"collection":[{"href":"https:\/\/marcali.plebania.hu\/index.php?rest_route=\/wp\/v2\/posts"}],"about":[{"href":"https:\/\/marcali.plebania.hu\/index.php?rest_route=\/wp\/v2\/types\/post"}],"author":[{"embeddable":true,"href":"https:\/\/marcali.plebania.hu\/index.php?rest_route=\/wp\/v2\/users\/2"}],"replies":[{"embeddable":true,"href":"https:\/\/marcali.plebania.hu\/index.php?rest_route=%2Fwp%2Fv2%2Fcomments&post=3375"}],"version-history":[{"count":2,"href":"https:\/\/marcali.plebania.hu\/index.php?rest_route=\/wp\/v2\/posts\/3375\/revisions"}],"predecessor-version":[{"id":3380,"href":"https:\/\/marcali.plebania.hu\/index.php?rest_route=\/wp\/v2\/posts\/3375\/revisions\/3380"}],"wp:attachment":[{"href":"https:\/\/marcali.plebania.hu\/index.php?rest_route=%2Fwp%2Fv2%2Fmedia&parent=3375"}],"wp:term":[{"taxonomy":"category","embeddable":true,"href":"https:\/\/marcali.plebania.hu\/index.php?rest_route=%2Fwp%2Fv2%2Fcategories&post=3375"},{"taxonomy":"post_tag","embeddable":true,"href":"https:\/\/marcali.plebania.hu\/index.php?rest_route=%2Fwp%2Fv2%2Ftags&post=3375"}],"curies":[{"name":"wp","href":"https:\/\/api.w.org\/{rel}","templated":true}]}}