{"id":3377,"date":"2022-03-03T15:42:00","date_gmt":"2022-03-03T15:42:00","guid":{"rendered":"https:\/\/marcali.plebania.hu\/?p=3377"},"modified":"2022-03-04T10:21:04","modified_gmt":"2022-03-04T10:21:04","slug":"kurucz-adam-konrad-monodrama-petofi-sandor-eletmuvebol-meghivo-eloadasra","status":"publish","type":"post","link":"https:\/\/marcali.plebania.hu\/?p=3377","title":{"rendered":"Kurucz \u00c1d\u00e1m Konr\u00e1d: Monodr\u00e1ma Pet\u0151fi S\u00e1ndor \u00e9letm\u0171v\u00e9b\u0151l &#8211; Megh\u00edv\u00f3 j\u00f3t\u00e9konys\u00e1gi el\u0151ad\u00e1sra"},"content":{"rendered":"\n<p>Kurucz \u00c1d\u00e1m Konr\u00e1d versmond\u00f3 2022. m\u00e1rcius 14-\u00e9n (h\u00e9tf\u0151n), 18\n\u00f3r\u00e1t\u00f3l Marcaliban, az X-h\u00e1zban (D\u00f3zsa u. 3.) adja el\u0151 Pet\u0151fi S\u00e1ndor \u00e9letm\u0171v\u00e9b\u0151l\n\u00f6ssze\u00e1ll\u00edtott verses-pr\u00f3zai monodr\u00e1m\u00e1j\u00e1t \u201eBizony mondom, hogy gy\u0151z most a\nmagyar&#8230;\u201d c\u00edmmel, melyre szeretettel h\u00edvunk \u00e9s v\u00e1runk minden \u00e9rdekl\u0151d\u0151t.<\/p>\n\n\n\n<p>A m\u0171sor a Kereszt\u00e9ny \u00c9rtelmis\u00e9giek Sz\u00f6vets\u00e9ge (K\u00c9SZ) Marcali\nCsoportj\u00e1nak szervez\u00e9s\u00e9ben val\u00f3sul meg.<\/p>\n\n\n\n<p>A bel\u00e9p\u00e9s ingyenes, de az el\u0151ad\u00e1sra gy\u0171jt\u00e9st szervez\u00fcnk, melynek\nteljes bev\u00e9tel\u00e9t a h\u00e1bor\u00fa k\u00f6vetkezt\u00e9ben haz\u00e1jukat elhagyni k\u00e9nyszer\u00fcl\u0151 k\u00e1rp\u00e1taljai\nmagyarok, \u00e9s menek\u00fcltek megseg\u00edt\u00e9s\u00e9re k\u00edv\u00e1njuk felaj\u00e1nlani \u00e9s eljuttatni.<\/p>\n\n\n\n<p>Arra k\u00e9rj\u00fck az \u00e9rdekl\u0151d\u0151ket, hogy az el\u0151ad\u00e1sra Kurucz \u00c1d\u00e1m Konr\u00e1dn\u00e1l regisztr\u00e1ljanak az \u0150 Facebook-os oldal\u00e1n priv\u00e1t \u00fczenetben.<\/p>\n\n\n\n<figure class=\"wp-block-image size-large\"><img loading=\"lazy\" decoding=\"async\" width=\"724\" height=\"1024\" src=\"https:\/\/marcali.plebania.hu\/wp-content\/uploads\/2022\/03\/Marcali-Pet\u0151fi-20220314-plak\u00e1t-1-724x1024.png\" alt=\"\" class=\"wp-image-3381\" srcset=\"https:\/\/marcali.plebania.hu\/wp-content\/uploads\/2022\/03\/Marcali-Pet\u0151fi-20220314-plak\u00e1t-1-724x1024.png 724w, https:\/\/marcali.plebania.hu\/wp-content\/uploads\/2022\/03\/Marcali-Pet\u0151fi-20220314-plak\u00e1t-1-212x300.png 212w, https:\/\/marcali.plebania.hu\/wp-content\/uploads\/2022\/03\/Marcali-Pet\u0151fi-20220314-plak\u00e1t-1-768x1086.png 768w, https:\/\/marcali.plebania.hu\/wp-content\/uploads\/2022\/03\/Marcali-Pet\u0151fi-20220314-plak\u00e1t-1-1086x1536.png 1086w, https:\/\/marcali.plebania.hu\/wp-content\/uploads\/2022\/03\/Marcali-Pet\u0151fi-20220314-plak\u00e1t-1-1448x2048.png 1448w, https:\/\/marcali.plebania.hu\/wp-content\/uploads\/2022\/03\/Marcali-Pet\u0151fi-20220314-plak\u00e1t-1-191x270.png 191w, https:\/\/marcali.plebania.hu\/wp-content\/uploads\/2022\/03\/Marcali-Pet\u0151fi-20220314-plak\u00e1t-1.png 1587w\" sizes=\"auto, (max-width: 724px) 100vw, 724px\" \/><\/figure>\n","protected":false},"excerpt":{"rendered":"<p>Kurucz \u00c1d\u00e1m Konr\u00e1d versmond\u00f3 2022. m\u00e1rcius 14-\u00e9n (h\u00e9tf\u0151n), 18 \u00f3r\u00e1t\u00f3l Marcaliban, az X-h\u00e1zban (D\u00f3zsa u. 3.) adja el\u0151 Pet\u0151fi S\u00e1ndor \u00e9letm\u0171v\u00e9b\u0151l \u00f6ssze\u00e1ll\u00edtott verses-pr\u00f3zai monodr\u00e1m\u00e1j\u00e1t \u201eBizony mondom, hogy gy\u0151z most a magyar&#8230;\u201d c\u00edmmel, melyre szeretettel h\u00edvunk \u00e9s v\u00e1runk minden \u00e9rdekl\u0151d\u0151t. A m\u0171sor a Kereszt\u00e9ny \u00c9rtelmis\u00e9giek Sz\u00f6vets\u00e9ge (K\u00c9SZ) Marcali Csoportj\u00e1nak szervez\u00e9s\u00e9ben val\u00f3sul meg. A bel\u00e9p\u00e9s ingyenes, de az el\u0151ad\u00e1sra gy\u0171jt\u00e9st szervez\u00fcnk, melynek teljes bev\u00e9tel\u00e9t a h\u00e1bor\u00fa k\u00f6vetkezt\u00e9ben haz\u00e1jukat elhagyni k\u00e9nyszer\u00fcl\u0151 k\u00e1rp\u00e1taljai magyarok, \u00e9s menek\u00fcltek megseg\u00edt\u00e9s\u00e9re k\u00edv\u00e1njuk felaj\u00e1nlani \u00e9s eljuttatni. Arra k\u00e9rj\u00fck az&#8230;<\/p>\n<p class=\"read-more\"><a class=\"btn btn-default\" href=\"https:\/\/marcali.plebania.hu\/?p=3377\"> Read More<span class=\"screen-reader-text\">  Read More<\/span><\/a><\/p>\n","protected":false},"author":2,"featured_media":0,"comment_status":"closed","ping_status":"open","sticky":false,"template":"","format":"standard","meta":{"footnotes":""},"categories":[1],"tags":[],"class_list":["post-3377","post","type-post","status-publish","format-standard","hentry","category-egyeb"],"_links":{"self":[{"href":"https:\/\/marcali.plebania.hu\/index.php?rest_route=\/wp\/v2\/posts\/3377","targetHints":{"allow":["GET"]}}],"collection":[{"href":"https:\/\/marcali.plebania.hu\/index.php?rest_route=\/wp\/v2\/posts"}],"about":[{"href":"https:\/\/marcali.plebania.hu\/index.php?rest_route=\/wp\/v2\/types\/post"}],"author":[{"embeddable":true,"href":"https:\/\/marcali.plebania.hu\/index.php?rest_route=\/wp\/v2\/users\/2"}],"replies":[{"embeddable":true,"href":"https:\/\/marcali.plebania.hu\/index.php?rest_route=%2Fwp%2Fv2%2Fcomments&post=3377"}],"version-history":[{"count":2,"href":"https:\/\/marcali.plebania.hu\/index.php?rest_route=\/wp\/v2\/posts\/3377\/revisions"}],"predecessor-version":[{"id":3382,"href":"https:\/\/marcali.plebania.hu\/index.php?rest_route=\/wp\/v2\/posts\/3377\/revisions\/3382"}],"wp:attachment":[{"href":"https:\/\/marcali.plebania.hu\/index.php?rest_route=%2Fwp%2Fv2%2Fmedia&parent=3377"}],"wp:term":[{"taxonomy":"category","embeddable":true,"href":"https:\/\/marcali.plebania.hu\/index.php?rest_route=%2Fwp%2Fv2%2Fcategories&post=3377"},{"taxonomy":"post_tag","embeddable":true,"href":"https:\/\/marcali.plebania.hu\/index.php?rest_route=%2Fwp%2Fv2%2Ftags&post=3377"}],"curies":[{"name":"wp","href":"https:\/\/api.w.org\/{rel}","templated":true}]}}