{"id":3383,"date":"2022-03-04T10:22:22","date_gmt":"2022-03-04T10:22:22","guid":{"rendered":"https:\/\/marcali.plebania.hu\/?p=3383"},"modified":"2022-03-04T10:22:22","modified_gmt":"2022-03-04T10:22:22","slug":"hirdetesek-2022-03-06","status":"publish","type":"post","link":"https:\/\/marcali.plebania.hu\/?p=3383","title":{"rendered":"Hirdet\u00e9sek, 2022. 03. 06."},"content":{"rendered":"\n<ol class=\"wp-block-list\"><li>Ma\nNagyb\u00f6jt 1. vas\u00e1rnapja van.<\/li><li>A\nj\u00f6v\u0151 h\u00e9ten, p\u00e9nteken 16.30-kor kereszt\u00fati \u00e1jtatoss\u00e1g lesz, melyet a Szent Erzs\u00e9bet\nimak\u00f6r vezet.<\/li><li>Szombaton\n16 \u00f3rakor tartjuk a fatimai engesztel\u00e9st, ut\u00e1na 17 \u00f3rakor szentmise.<\/li><li>J\u00f6v\u0151\nvas\u00e1rnapt\u00f3l kezdve a maszk haszn\u00e1lat megsz\u0171nik a templomokban.<\/li><li>Nagyb\u00f6jt\na b\u0171nb\u00e1nat ideje, \u00e1prilis 9-\u00e9n Lelki Napot tartunk, amikor lehet\u0151s\u00e9g lesz a\nszentgy\u00f3n\u00e1s elv\u00e9gz\u00e9s\u00e9re is.<\/li><li>Jelen\ntud\u00e1sunk szerint a MKPK hagyom\u00e1nyos m\u00f3don az idei nagyb\u00f6jtben is tart\u00f3s\n\u00e9lelmiszergy\u0171jt\u00e9st szervez az ukrajnai h\u00e1bor\u00fas helyzet miatt otthon maradottak\n\u00e9s menek\u00fcltek r\u00e9sz\u00e9re. A h\u00edvek felaj\u00e1nl\u00e1saikat elhelyezhetik a templomokban m\u00e1rcius\n20-t\u00f3l 27-ig. H\u00e9tk\u00f6znap csak a pl\u00e9b\u00e1niatemplom el\u0151ter\u00e9ben. Telefonos adom\u00e1nyvonalon is\nbekapcsol\u00f3dhatnak a Karit\u00e1sz seg\u00edt\u0151 munk\u00e1j\u00e1ba. A 1356-os telefonsz\u00e1m\nfelh\u00edv\u00e1s\u00e1val h\u00edv\u00e1sonk\u00e9nt 500 forinttal tudnak seg\u00edteni a r\u00e1szorul\u00f3kon.<\/li><\/ol>\n","protected":false},"excerpt":{"rendered":"<p>Ma Nagyb\u00f6jt 1. vas\u00e1rnapja van. A j\u00f6v\u0151 h\u00e9ten, p\u00e9nteken 16.30-kor kereszt\u00fati \u00e1jtatoss\u00e1g lesz, melyet a Szent Erzs\u00e9bet imak\u00f6r vezet. Szombaton 16 \u00f3rakor tartjuk a fatimai engesztel\u00e9st, ut\u00e1na 17 \u00f3rakor szentmise. J\u00f6v\u0151 vas\u00e1rnapt\u00f3l kezdve a maszk haszn\u00e1lat megsz\u0171nik a templomokban. Nagyb\u00f6jt a b\u0171nb\u00e1nat ideje, \u00e1prilis 9-\u00e9n Lelki Napot tartunk, amikor lehet\u0151s\u00e9g lesz a szentgy\u00f3n\u00e1s elv\u00e9gz\u00e9s\u00e9re is. Jelen tud\u00e1sunk szerint a MKPK hagyom\u00e1nyos m\u00f3don az idei nagyb\u00f6jtben is tart\u00f3s \u00e9lelmiszergy\u0171jt\u00e9st szervez az ukrajnai h\u00e1bor\u00fas helyzet miatt otthon maradottak \u00e9s menek\u00fcltek r\u00e9sz\u00e9re. A&#8230;<\/p>\n<p class=\"read-more\"><a class=\"btn btn-default\" href=\"https:\/\/marcali.plebania.hu\/?p=3383\"> Read More<span class=\"screen-reader-text\">  Read More<\/span><\/a><\/p>\n","protected":false},"author":2,"featured_media":0,"comment_status":"closed","ping_status":"open","sticky":false,"template":"","format":"standard","meta":{"footnotes":""},"categories":[1],"tags":[],"class_list":["post-3383","post","type-post","status-publish","format-standard","hentry","category-egyeb"],"_links":{"self":[{"href":"https:\/\/marcali.plebania.hu\/index.php?rest_route=\/wp\/v2\/posts\/3383","targetHints":{"allow":["GET"]}}],"collection":[{"href":"https:\/\/marcali.plebania.hu\/index.php?rest_route=\/wp\/v2\/posts"}],"about":[{"href":"https:\/\/marcali.plebania.hu\/index.php?rest_route=\/wp\/v2\/types\/post"}],"author":[{"embeddable":true,"href":"https:\/\/marcali.plebania.hu\/index.php?rest_route=\/wp\/v2\/users\/2"}],"replies":[{"embeddable":true,"href":"https:\/\/marcali.plebania.hu\/index.php?rest_route=%2Fwp%2Fv2%2Fcomments&post=3383"}],"version-history":[{"count":1,"href":"https:\/\/marcali.plebania.hu\/index.php?rest_route=\/wp\/v2\/posts\/3383\/revisions"}],"predecessor-version":[{"id":3384,"href":"https:\/\/marcali.plebania.hu\/index.php?rest_route=\/wp\/v2\/posts\/3383\/revisions\/3384"}],"wp:attachment":[{"href":"https:\/\/marcali.plebania.hu\/index.php?rest_route=%2Fwp%2Fv2%2Fmedia&parent=3383"}],"wp:term":[{"taxonomy":"category","embeddable":true,"href":"https:\/\/marcali.plebania.hu\/index.php?rest_route=%2Fwp%2Fv2%2Fcategories&post=3383"},{"taxonomy":"post_tag","embeddable":true,"href":"https:\/\/marcali.plebania.hu\/index.php?rest_route=%2Fwp%2Fv2%2Ftags&post=3383"}],"curies":[{"name":"wp","href":"https:\/\/api.w.org\/{rel}","templated":true}]}}