{"id":3385,"date":"2022-03-10T09:47:39","date_gmt":"2022-03-10T09:47:39","guid":{"rendered":"https:\/\/marcali.plebania.hu\/?p=3385"},"modified":"2022-03-10T09:48:16","modified_gmt":"2022-03-10T09:48:16","slug":"hirdetesek-2022-03-13","status":"publish","type":"post","link":"https:\/\/marcali.plebania.hu\/?p=3385","title":{"rendered":"Hirdet\u00e9sek, 2022. 03. 13."},"content":{"rendered":"\n<ol class=\"wp-block-list\"><li>Ma\nvan Nagyb\u00f6jt 2. vas\u00e1rnapja.<\/li><li>A\nma elhangzott k\u00f6rlev\u00e9l \u00e9rtelm\u00e9ben m\u00e1rcius 20-\u00e1n \u00e9s 27-\u00e9n \u00e9s a k\u00f6zte l\u00e9v\u0151 h\u00e9ten\ntart\u00f3s \u00e9lelmiszergy\u0171jt\u00e9s lesz a templomokban. A s\u00falyos helyzet miatt\nszeretettel k\u00e9r\u00fcnk mindenkit, hogy ak\u00e1r a vas\u00e1rnapi szentmis\u00e9kre, ak\u00e1r\nh\u00e9tk\u00f6znap a pl\u00e9b\u00e1niatemplom el\u0151ter\u00e9be helyezzen el tart\u00f3s \u00e9lelmiszerb\u0151l\n\u00f6ssze\u00e1ll\u00edtott csomagot. Az \u00f6sszegy\u0171jt\u00f6tt adom\u00e1nyokat a Kaposv\u00e1ri Egyh\u00e1zmegyei Karit\u00e1sz\nszedi \u00f6ssze \u00e9s juttatja el K\u00e1rp\u00e1talj\u00e1ra.<\/li><li>A\nh\u00e9ten, h\u00e9tf\u0151n este 6 \u00f3rakor Kurucz \u00c1d\u00e1m Konr\u00e1d versmond\u00f3 tart el\u0151ad\u00e1st Pet\u0151fi\nS\u00e1ndor m\u0171veib\u0151l az X-h\u00e1zban. Az el\u0151ad\u00e1shoz regisztr\u00e1ci\u00f3 sz\u00fcks\u00e9ges.<\/li><li>P\u00e9nteken\n16.30-kor kereszt\u00fati \u00e1jtatoss\u00e1g lesz, melyet az Engesztel\u0151 Imak\u00f6r v\u00e9gez, ut\u00e1na\nszentmise.<\/li><li>Szombaton,\nSzent J\u00f3zsef \u00fcnnepe, este 5 \u00f3rakor lesz a szentmise, melyen megeml\u00e9kez\u00fcnk r\u00f3la.<\/li><li>El\u0151re\nhirdetj\u00fck, hogy a b\u00e9rm\u00e1lkoz\u00f3k egyh\u00e1zmegyei tal\u00e1lkoz\u00f3ja \u00e1prilis 2-\u00e1n szombaton\nlesz. \u00c9rdekl\u0151dni a hitoktat\u00f3n\u00e1l lehet.<\/li><li>Nagyb\u00f6jtben\nLelki Napot is szervez\u00fcnk \u00e1prilis 9-\u00e9n, amikor a gyermekek \u00e9s feln\u0151ttek is\nelv\u00e9gezhetik a h\u00fasv\u00e9ti szentgy\u00f3n\u00e1st.<\/li><\/ol>\n","protected":false},"excerpt":{"rendered":"<p>Ma van Nagyb\u00f6jt 2. vas\u00e1rnapja. A ma elhangzott k\u00f6rlev\u00e9l \u00e9rtelm\u00e9ben m\u00e1rcius 20-\u00e1n \u00e9s 27-\u00e9n \u00e9s a k\u00f6zte l\u00e9v\u0151 h\u00e9ten tart\u00f3s \u00e9lelmiszergy\u0171jt\u00e9s lesz a templomokban. A s\u00falyos helyzet miatt szeretettel k\u00e9r\u00fcnk mindenkit, hogy ak\u00e1r a vas\u00e1rnapi szentmis\u00e9kre, ak\u00e1r h\u00e9tk\u00f6znap a pl\u00e9b\u00e1niatemplom el\u0151ter\u00e9be helyezzen el tart\u00f3s \u00e9lelmiszerb\u0151l \u00f6ssze\u00e1ll\u00edtott csomagot. Az \u00f6sszegy\u0171jt\u00f6tt adom\u00e1nyokat a Kaposv\u00e1ri Egyh\u00e1zmegyei Karit\u00e1sz szedi \u00f6ssze \u00e9s juttatja el K\u00e1rp\u00e1talj\u00e1ra. A h\u00e9ten, h\u00e9tf\u0151n este 6 \u00f3rakor Kurucz \u00c1d\u00e1m Konr\u00e1d versmond\u00f3 tart el\u0151ad\u00e1st Pet\u0151fi S\u00e1ndor m\u0171veib\u0151l az X-h\u00e1zban. Az el\u0151ad\u00e1shoz regisztr\u00e1ci\u00f3&#8230;<\/p>\n<p class=\"read-more\"><a class=\"btn btn-default\" href=\"https:\/\/marcali.plebania.hu\/?p=3385\"> Read More<span class=\"screen-reader-text\">  Read More<\/span><\/a><\/p>\n","protected":false},"author":2,"featured_media":0,"comment_status":"closed","ping_status":"open","sticky":false,"template":"","format":"standard","meta":{"footnotes":""},"categories":[1],"tags":[],"class_list":["post-3385","post","type-post","status-publish","format-standard","hentry","category-egyeb"],"_links":{"self":[{"href":"https:\/\/marcali.plebania.hu\/index.php?rest_route=\/wp\/v2\/posts\/3385","targetHints":{"allow":["GET"]}}],"collection":[{"href":"https:\/\/marcali.plebania.hu\/index.php?rest_route=\/wp\/v2\/posts"}],"about":[{"href":"https:\/\/marcali.plebania.hu\/index.php?rest_route=\/wp\/v2\/types\/post"}],"author":[{"embeddable":true,"href":"https:\/\/marcali.plebania.hu\/index.php?rest_route=\/wp\/v2\/users\/2"}],"replies":[{"embeddable":true,"href":"https:\/\/marcali.plebania.hu\/index.php?rest_route=%2Fwp%2Fv2%2Fcomments&post=3385"}],"version-history":[{"count":2,"href":"https:\/\/marcali.plebania.hu\/index.php?rest_route=\/wp\/v2\/posts\/3385\/revisions"}],"predecessor-version":[{"id":3387,"href":"https:\/\/marcali.plebania.hu\/index.php?rest_route=\/wp\/v2\/posts\/3385\/revisions\/3387"}],"wp:attachment":[{"href":"https:\/\/marcali.plebania.hu\/index.php?rest_route=%2Fwp%2Fv2%2Fmedia&parent=3385"}],"wp:term":[{"taxonomy":"category","embeddable":true,"href":"https:\/\/marcali.plebania.hu\/index.php?rest_route=%2Fwp%2Fv2%2Fcategories&post=3385"},{"taxonomy":"post_tag","embeddable":true,"href":"https:\/\/marcali.plebania.hu\/index.php?rest_route=%2Fwp%2Fv2%2Ftags&post=3385"}],"curies":[{"name":"wp","href":"https:\/\/api.w.org\/{rel}","templated":true}]}}