{"id":3388,"date":"2022-03-17T15:01:19","date_gmt":"2022-03-17T15:01:19","guid":{"rendered":"https:\/\/marcali.plebania.hu\/?p=3388"},"modified":"2022-03-17T15:01:19","modified_gmt":"2022-03-17T15:01:19","slug":"bizony-mondom-hogy-gyoz-most-a-magyar-unnep-es-jotekonysagi-eloadas-marcaliban","status":"publish","type":"post","link":"https:\/\/marcali.plebania.hu\/?p=3388","title":{"rendered":"Bizony mondom, hogy gy\u0151z most a magyar\u2026 \u2013 \u00dcnnep \u00e9s j\u00f3t\u00e9konys\u00e1gi el\u0151ad\u00e1s Marcaliban"},"content":{"rendered":"\n<p>2022. m\u00e1rcius 14-\u00e9n, h\u00e9tf\u0151n 18 \u00f3r\u00e1t\u00f3l dr. Kurucz \u00c1d\u00e1m Konr\u00e1d sz\u00edn\u00e9sz, Latinovits-d\u00edjas versmond\u00f3 tartott j\u00f3t\u00e9konys\u00e1gi el\u0151ad\u00e1st Pet\u0151fi S\u00e1ndor \u00e9letm\u0171v\u00e9b\u0151l \u00f6ssze\u00e1ll\u00edtott verses-pr\u00f3zai monodr\u00e1m\u00e1t az X-h\u00e1z nagyterm\u00e9ben.<\/p>\n\n\n\n<figure class=\"wp-block-gallery columns-3 is-cropped wp-block-gallery-1 is-layout-flex wp-block-gallery-is-layout-flex\"><ul class=\"blocks-gallery-grid\"><li class=\"blocks-gallery-item\"><figure><img loading=\"lazy\" decoding=\"async\" width=\"1024\" height=\"683\" src=\"https:\/\/marcali.plebania.hu\/wp-content\/uploads\/2022\/03\/01-1024x683.jpg\" alt=\"\" data-id=\"3389\" data-link=\"https:\/\/marcali.plebania.hu\/?attachment_id=3389\" class=\"wp-image-3389\" srcset=\"https:\/\/marcali.plebania.hu\/wp-content\/uploads\/2022\/03\/01-1024x683.jpg 1024w, https:\/\/marcali.plebania.hu\/wp-content\/uploads\/2022\/03\/01-300x200.jpg 300w, https:\/\/marcali.plebania.hu\/wp-content\/uploads\/2022\/03\/01-768x512.jpg 768w, https:\/\/marcali.plebania.hu\/wp-content\/uploads\/2022\/03\/01-1536x1024.jpg 1536w, https:\/\/marcali.plebania.hu\/wp-content\/uploads\/2022\/03\/01-2048x1365.jpg 2048w, https:\/\/marcali.plebania.hu\/wp-content\/uploads\/2022\/03\/01-405x270.jpg 405w\" sizes=\"auto, (max-width: 1024px) 100vw, 1024px\" \/><\/figure><\/li><li class=\"blocks-gallery-item\"><figure><img loading=\"lazy\" decoding=\"async\" width=\"1024\" height=\"683\" src=\"https:\/\/marcali.plebania.hu\/wp-content\/uploads\/2022\/03\/02-1024x683.jpg\" alt=\"\" data-id=\"3390\" data-link=\"https:\/\/marcali.plebania.hu\/?attachment_id=3390\" class=\"wp-image-3390\" srcset=\"https:\/\/marcali.plebania.hu\/wp-content\/uploads\/2022\/03\/02-1024x683.jpg 1024w, https:\/\/marcali.plebania.hu\/wp-content\/uploads\/2022\/03\/02-300x200.jpg 300w, https:\/\/marcali.plebania.hu\/wp-content\/uploads\/2022\/03\/02-768x512.jpg 768w, https:\/\/marcali.plebania.hu\/wp-content\/uploads\/2022\/03\/02-1536x1024.jpg 1536w, https:\/\/marcali.plebania.hu\/wp-content\/uploads\/2022\/03\/02-2048x1365.jpg 2048w, https:\/\/marcali.plebania.hu\/wp-content\/uploads\/2022\/03\/02-405x270.jpg 405w\" sizes=\"auto, (max-width: 1024px) 100vw, 1024px\" \/><\/figure><\/li><li class=\"blocks-gallery-item\"><figure><img loading=\"lazy\" decoding=\"async\" width=\"1024\" height=\"683\" src=\"https:\/\/marcali.plebania.hu\/wp-content\/uploads\/2022\/03\/10-1024x683.jpg\" alt=\"\" data-id=\"3392\" data-link=\"https:\/\/marcali.plebania.hu\/?attachment_id=3392\" class=\"wp-image-3392\" srcset=\"https:\/\/marcali.plebania.hu\/wp-content\/uploads\/2022\/03\/10-1024x683.jpg 1024w, https:\/\/marcali.plebania.hu\/wp-content\/uploads\/2022\/03\/10-300x200.jpg 300w, https:\/\/marcali.plebania.hu\/wp-content\/uploads\/2022\/03\/10-768x512.jpg 768w, https:\/\/marcali.plebania.hu\/wp-content\/uploads\/2022\/03\/10-1536x1024.jpg 1536w, https:\/\/marcali.plebania.hu\/wp-content\/uploads\/2022\/03\/10-2048x1365.jpg 2048w, https:\/\/marcali.plebania.hu\/wp-content\/uploads\/2022\/03\/10-405x270.jpg 405w\" sizes=\"auto, (max-width: 1024px) 100vw, 1024px\" \/><\/figure><\/li><li class=\"blocks-gallery-item\"><figure><img loading=\"lazy\" decoding=\"async\" width=\"1024\" height=\"683\" src=\"https:\/\/marcali.plebania.hu\/wp-content\/uploads\/2022\/03\/12-1-1024x683.jpg\" alt=\"\" data-id=\"3393\" data-full-url=\"https:\/\/marcali.plebania.hu\/wp-content\/uploads\/2022\/03\/12-1-scaled.jpg\" data-link=\"https:\/\/marcali.plebania.hu\/?attachment_id=3393\" class=\"wp-image-3393\" srcset=\"https:\/\/marcali.plebania.hu\/wp-content\/uploads\/2022\/03\/12-1-1024x683.jpg 1024w, https:\/\/marcali.plebania.hu\/wp-content\/uploads\/2022\/03\/12-1-300x200.jpg 300w, https:\/\/marcali.plebania.hu\/wp-content\/uploads\/2022\/03\/12-1-768x512.jpg 768w, https:\/\/marcali.plebania.hu\/wp-content\/uploads\/2022\/03\/12-1-1536x1024.jpg 1536w, https:\/\/marcali.plebania.hu\/wp-content\/uploads\/2022\/03\/12-1-2048x1365.jpg 2048w, https:\/\/marcali.plebania.hu\/wp-content\/uploads\/2022\/03\/12-1-405x270.jpg 405w\" sizes=\"auto, (max-width: 1024px) 100vw, 1024px\" \/><\/figure><\/li><\/ul><\/figure>\n\n\n\n<p>A Nemzeti \u00dcnnepre val\u00f3 m\u00e9lt\u00f3 r\u00e1hangol\u00f3d\u00e1sk\u00e9nt szervezett m\u0171sort Horv\u00e1th Hajnalka nyitotta meg. A rendezv\u00e9ny ez\u00fattal kett\u0151s c\u00e9lzattal lett szervezve, ugyanis nemcsak a forradalom \u00e9s szabads\u00e1gharcra val\u00f3 eml\u00e9kez\u00e9st szolg\u00e1lta, hanem egyben adom\u00e1nygy\u0171jt\u00e9st is tartottak az orosz-ukr\u00e1n h\u00e1bor\u00fat\u00f3l szenved\u0151 k\u00e1rp\u00e1taljai magyarok megseg\u00edt\u00e9s\u00e9re.<\/p>\n\n\n\n<figure class=\"wp-block-gallery columns-3 is-cropped wp-block-gallery-2 is-layout-flex wp-block-gallery-is-layout-flex\"><ul class=\"blocks-gallery-grid\"><li class=\"blocks-gallery-item\"><figure><img loading=\"lazy\" decoding=\"async\" width=\"1024\" height=\"683\" src=\"https:\/\/marcali.plebania.hu\/wp-content\/uploads\/2022\/03\/26-1-1024x683.jpg\" alt=\"\" data-id=\"3402\" data-link=\"https:\/\/marcali.plebania.hu\/?attachment_id=3402\" class=\"wp-image-3402\" srcset=\"https:\/\/marcali.plebania.hu\/wp-content\/uploads\/2022\/03\/26-1-1024x683.jpg 1024w, https:\/\/marcali.plebania.hu\/wp-content\/uploads\/2022\/03\/26-1-300x200.jpg 300w, https:\/\/marcali.plebania.hu\/wp-content\/uploads\/2022\/03\/26-1-768x512.jpg 768w, https:\/\/marcali.plebania.hu\/wp-content\/uploads\/2022\/03\/26-1-1536x1024.jpg 1536w, https:\/\/marcali.plebania.hu\/wp-content\/uploads\/2022\/03\/26-1-2048x1365.jpg 2048w, https:\/\/marcali.plebania.hu\/wp-content\/uploads\/2022\/03\/26-1-405x270.jpg 405w\" sizes=\"auto, (max-width: 1024px) 100vw, 1024px\" \/><\/figure><\/li><li class=\"blocks-gallery-item\"><figure><img loading=\"lazy\" decoding=\"async\" width=\"1024\" height=\"683\" src=\"https:\/\/marcali.plebania.hu\/wp-content\/uploads\/2022\/03\/09-1-1024x683.jpg\" alt=\"\" data-id=\"3403\" data-link=\"https:\/\/marcali.plebania.hu\/?attachment_id=3403\" class=\"wp-image-3403\" srcset=\"https:\/\/marcali.plebania.hu\/wp-content\/uploads\/2022\/03\/09-1-1024x683.jpg 1024w, https:\/\/marcali.plebania.hu\/wp-content\/uploads\/2022\/03\/09-1-300x200.jpg 300w, https:\/\/marcali.plebania.hu\/wp-content\/uploads\/2022\/03\/09-1-768x512.jpg 768w, https:\/\/marcali.plebania.hu\/wp-content\/uploads\/2022\/03\/09-1-1536x1024.jpg 1536w, https:\/\/marcali.plebania.hu\/wp-content\/uploads\/2022\/03\/09-1-2048x1365.jpg 2048w, https:\/\/marcali.plebania.hu\/wp-content\/uploads\/2022\/03\/09-1-405x270.jpg 405w\" sizes=\"auto, (max-width: 1024px) 100vw, 1024px\" \/><\/figure><\/li><li class=\"blocks-gallery-item\"><figure><img loading=\"lazy\" decoding=\"async\" width=\"1024\" height=\"683\" src=\"https:\/\/marcali.plebania.hu\/wp-content\/uploads\/2022\/03\/06-1-1024x683.jpg\" alt=\"\" data-id=\"3404\" data-link=\"https:\/\/marcali.plebania.hu\/?attachment_id=3404\" class=\"wp-image-3404\" srcset=\"https:\/\/marcali.plebania.hu\/wp-content\/uploads\/2022\/03\/06-1-1024x683.jpg 1024w, https:\/\/marcali.plebania.hu\/wp-content\/uploads\/2022\/03\/06-1-300x200.jpg 300w, https:\/\/marcali.plebania.hu\/wp-content\/uploads\/2022\/03\/06-1-768x512.jpg 768w, https:\/\/marcali.plebania.hu\/wp-content\/uploads\/2022\/03\/06-1-1536x1024.jpg 1536w, https:\/\/marcali.plebania.hu\/wp-content\/uploads\/2022\/03\/06-1-2048x1365.jpg 2048w, https:\/\/marcali.plebania.hu\/wp-content\/uploads\/2022\/03\/06-1-405x270.jpg 405w\" sizes=\"auto, (max-width: 1024px) 100vw, 1024px\" \/><\/figure><\/li><li class=\"blocks-gallery-item\"><figure><img loading=\"lazy\" decoding=\"async\" width=\"1024\" height=\"683\" src=\"https:\/\/marcali.plebania.hu\/wp-content\/uploads\/2022\/03\/18-1024x683.jpg\" alt=\"\" data-id=\"3405\" data-full-url=\"https:\/\/marcali.plebania.hu\/wp-content\/uploads\/2022\/03\/18-scaled.jpg\" data-link=\"https:\/\/marcali.plebania.hu\/?attachment_id=3405\" class=\"wp-image-3405\" srcset=\"https:\/\/marcali.plebania.hu\/wp-content\/uploads\/2022\/03\/18-1024x683.jpg 1024w, https:\/\/marcali.plebania.hu\/wp-content\/uploads\/2022\/03\/18-300x200.jpg 300w, https:\/\/marcali.plebania.hu\/wp-content\/uploads\/2022\/03\/18-768x512.jpg 768w, https:\/\/marcali.plebania.hu\/wp-content\/uploads\/2022\/03\/18-1536x1024.jpg 1536w, https:\/\/marcali.plebania.hu\/wp-content\/uploads\/2022\/03\/18-2048x1365.jpg 2048w, https:\/\/marcali.plebania.hu\/wp-content\/uploads\/2022\/03\/18-405x270.jpg 405w\" sizes=\"auto, (max-width: 1024px) 100vw, 1024px\" \/><\/figure><\/li><\/ul><\/figure>\n\n\n\n<p>Ezut\u00e1n k\u00f6vetkezett az a k\u00f6zel egy \u00f3r\u00e1s, tartalmas el\u0151ad\u00e1s, amely az \u00fcnnephez igazodva st\u00edlusosan a \u201eBizony mondom, hogy gy\u0151z most a magyar\u2026\u201d c\u00edmet kapta. A v\u00e1logat\u00e1s Magyarorsz\u00e1g egyik legismertebb k\u00f6lt\u0151j\u00e9nek a k\u00f6zismert \u00e9s kev\u00e9sb\u00e9 ismert l\u00e9lekemel\u0151 alkot\u00e1saib\u00f3l volt \u00f6ssze\u00e1ll\u00edtva, mik\u00f6zben Pet\u0151fi \u00e9let\u00e9r\u0151l \u00e9s kort\u00e1rsaival \u2013 p\u00e9ld\u00e1ul: Arany J\u00e1nossal \u2013 val\u00f3 levelez\u00e9s\u00e9r\u0151l is kaphatott r\u00f6vid \u00edzel\u00edt\u0151t a hallgat\u00f3s\u00e1g. A magasztos el\u0151ad\u00e1son r\u00e9sztvev\u0151k ez\u00fattal sem csal\u00f3dhattak, hiszen t\u00f6bbek k\u00f6z\u00f6tt felhangzott a Nemzeti dal is. A m\u0171sor v\u00e9g\u00e9n ism\u00e9t vastapssal jutalmazt\u00e1k Kurucz \u00c1d\u00e1m Konr\u00e1d prec\u00edz, pontos, kiv\u00e1l\u00f3an \u00f6ssze\u00e1ll\u00edtott, zenei bet\u00e9tekkel \u00fcgyesen \u00e1tsz\u0151tt irodalmi estj\u00e9t.<\/p>\n\n\n\n<figure class=\"wp-block-gallery columns-3 is-cropped wp-block-gallery-3 is-layout-flex wp-block-gallery-is-layout-flex\"><ul class=\"blocks-gallery-grid\"><li class=\"blocks-gallery-item\"><figure><img loading=\"lazy\" decoding=\"async\" width=\"1024\" height=\"683\" src=\"https:\/\/marcali.plebania.hu\/wp-content\/uploads\/2022\/03\/15-1-1024x683.jpg\" alt=\"\" data-id=\"3394\" data-link=\"https:\/\/marcali.plebania.hu\/?attachment_id=3394\" class=\"wp-image-3394\" srcset=\"https:\/\/marcali.plebania.hu\/wp-content\/uploads\/2022\/03\/15-1-1024x683.jpg 1024w, https:\/\/marcali.plebania.hu\/wp-content\/uploads\/2022\/03\/15-1-300x200.jpg 300w, https:\/\/marcali.plebania.hu\/wp-content\/uploads\/2022\/03\/15-1-768x512.jpg 768w, https:\/\/marcali.plebania.hu\/wp-content\/uploads\/2022\/03\/15-1-1536x1024.jpg 1536w, https:\/\/marcali.plebania.hu\/wp-content\/uploads\/2022\/03\/15-1-2048x1365.jpg 2048w, https:\/\/marcali.plebania.hu\/wp-content\/uploads\/2022\/03\/15-1-405x270.jpg 405w\" sizes=\"auto, (max-width: 1024px) 100vw, 1024px\" \/><\/figure><\/li><li class=\"blocks-gallery-item\"><figure><img loading=\"lazy\" decoding=\"async\" width=\"1024\" height=\"683\" src=\"https:\/\/marcali.plebania.hu\/wp-content\/uploads\/2022\/03\/16-1-1024x683.jpg\" alt=\"\" data-id=\"3395\" data-link=\"https:\/\/marcali.plebania.hu\/?attachment_id=3395\" class=\"wp-image-3395\" srcset=\"https:\/\/marcali.plebania.hu\/wp-content\/uploads\/2022\/03\/16-1-1024x683.jpg 1024w, https:\/\/marcali.plebania.hu\/wp-content\/uploads\/2022\/03\/16-1-300x200.jpg 300w, https:\/\/marcali.plebania.hu\/wp-content\/uploads\/2022\/03\/16-1-768x512.jpg 768w, https:\/\/marcali.plebania.hu\/wp-content\/uploads\/2022\/03\/16-1-1536x1024.jpg 1536w, https:\/\/marcali.plebania.hu\/wp-content\/uploads\/2022\/03\/16-1-2048x1365.jpg 2048w, https:\/\/marcali.plebania.hu\/wp-content\/uploads\/2022\/03\/16-1-405x270.jpg 405w\" sizes=\"auto, (max-width: 1024px) 100vw, 1024px\" \/><\/figure><\/li><li class=\"blocks-gallery-item\"><figure><img loading=\"lazy\" decoding=\"async\" width=\"1024\" height=\"683\" src=\"https:\/\/marcali.plebania.hu\/wp-content\/uploads\/2022\/03\/21-1-1024x683.jpg\" alt=\"\" data-id=\"3396\" data-link=\"https:\/\/marcali.plebania.hu\/?attachment_id=3396\" class=\"wp-image-3396\" srcset=\"https:\/\/marcali.plebania.hu\/wp-content\/uploads\/2022\/03\/21-1-1024x683.jpg 1024w, https:\/\/marcali.plebania.hu\/wp-content\/uploads\/2022\/03\/21-1-300x200.jpg 300w, https:\/\/marcali.plebania.hu\/wp-content\/uploads\/2022\/03\/21-1-768x512.jpg 768w, https:\/\/marcali.plebania.hu\/wp-content\/uploads\/2022\/03\/21-1-1536x1024.jpg 1536w, https:\/\/marcali.plebania.hu\/wp-content\/uploads\/2022\/03\/21-1-2048x1365.jpg 2048w, https:\/\/marcali.plebania.hu\/wp-content\/uploads\/2022\/03\/21-1-405x270.jpg 405w\" sizes=\"auto, (max-width: 1024px) 100vw, 1024px\" \/><\/figure><\/li><li class=\"blocks-gallery-item\"><figure><img loading=\"lazy\" decoding=\"async\" width=\"1024\" height=\"683\" src=\"https:\/\/marcali.plebania.hu\/wp-content\/uploads\/2022\/03\/23-1024x683.jpg\" alt=\"\" data-id=\"3397\" data-full-url=\"https:\/\/marcali.plebania.hu\/wp-content\/uploads\/2022\/03\/23-scaled.jpg\" data-link=\"https:\/\/marcali.plebania.hu\/?attachment_id=3397\" class=\"wp-image-3397\" srcset=\"https:\/\/marcali.plebania.hu\/wp-content\/uploads\/2022\/03\/23-1024x683.jpg 1024w, https:\/\/marcali.plebania.hu\/wp-content\/uploads\/2022\/03\/23-300x200.jpg 300w, https:\/\/marcali.plebania.hu\/wp-content\/uploads\/2022\/03\/23-768x512.jpg 768w, https:\/\/marcali.plebania.hu\/wp-content\/uploads\/2022\/03\/23-1536x1024.jpg 1536w, https:\/\/marcali.plebania.hu\/wp-content\/uploads\/2022\/03\/23-2048x1365.jpg 2048w, https:\/\/marcali.plebania.hu\/wp-content\/uploads\/2022\/03\/23-405x270.jpg 405w\" sizes=\"auto, (max-width: 1024px) 100vw, 1024px\" \/><\/figure><\/li><\/ul><\/figure>\n\n\n\n<p>Az\nidei esztend\u0151ben lesz m\u00e9g folytat\u00e1sa az irodalmi el\u0151ad\u00e1ssorozatnak. Hiszen Kurucz\n\u00c1d\u00e1m Konr\u00e1d \u00fajabb \u00edg\u00e9retet tett arra, hogy a tov\u00e1bbiakban is \u00f6r\u00f6mmel v\u00e1llal\nfell\u00e9p\u00e9seket Marcaliban, melyeknek a R\u00f3mai Katolikus Egyh\u00e1zk\u00f6zs\u00e9g tov\u00e1bbra is\nhelyet tud biztos\u00edtani a k\u00f6z\u00f6ss\u00e9gi h\u00e1z\u00e1ban.<\/p>\n\n\n\n<p>A m\u0171sor v\u00e9g\u00e9n Szaka Zsolt, a Marcali \u00e9s K\u00f6rny\u00e9ke Hagyom\u00e1ny\u0151rz\u0151 Ipartest\u00fclet eln\u00f6ke t\u00e1j\u00e9koztatta a jelenl\u00e9v\u0151ket a tov\u00e1bbi programr\u00f3l. A j\u00f3t\u00e9konys\u00e1gi el\u0151ad\u00e1shoz kapcsol\u00f3dva lett szervezve az a kis \u00fcnneps\u00e9g, melyet a Gy\u00fcm\u00f6lcsolt\u00f3 Boldogasszony pl\u00e9b\u00e1niatemplom \u00e9szaki oldalfal\u00e1n l\u00e9v\u0151 1848-as eml\u00e9kt\u00e1bl\u00e1n\u00e1l tartottak meg. A r\u00e9sztvev\u0151k m\u00e9csesekkel vonultak \u00e1t az X-h\u00e1zt\u00f3l a D\u00f3zsa utc\u00e1n \u00e1t, a H\u0151s\u00f6k tere, illetve a Boldog II. J\u00e1nos P\u00e1l p\u00e1pa t\u00e9r \u00e9rint\u00e9s\u00e9vel a marcali nemzet\u0151r\u00f6k eml\u00e9khely\u00e9hez, ahol Huszti G\u00e1bor, a Somogy Megyei K\u00f6zgy\u0171l\u00e9s aleln\u00f6ke mondott r\u00f6vid \u00fcnnepi besz\u00e9det, felid\u00e9zve az 1848. m\u00e1rcius 15-ki esem\u00e9nyeket. Ezut\u00e1n a szervez\u0151k nev\u00e9ben Huszti G\u00e1bor aleln\u00f6k, Szaka Zsolt, ipartest\u00fcleti eln\u00f6k \u00e9s Kiss K\u00e1lm\u00e1n, a K\u00c9SZ Marcali Csoportj\u00e1nak eln\u00f6ke koszor\u00faztak. V\u00e9g\u00fcl a jelenl\u00e9v\u0151k elhelyezt\u00e9k a m\u00e9cseseiket az eml\u00e9kt\u00e1bla el\u0151tt.<\/p>\n\n\n\n<figure class=\"wp-block-gallery columns-3 is-cropped wp-block-gallery-4 is-layout-flex wp-block-gallery-is-layout-flex\"><ul class=\"blocks-gallery-grid\"><li class=\"blocks-gallery-item\"><figure><img loading=\"lazy\" decoding=\"async\" width=\"1024\" height=\"683\" src=\"https:\/\/marcali.plebania.hu\/wp-content\/uploads\/2022\/03\/27-1024x683.jpg\" alt=\"\" data-id=\"3398\" data-link=\"https:\/\/marcali.plebania.hu\/?attachment_id=3398\" class=\"wp-image-3398\" srcset=\"https:\/\/marcali.plebania.hu\/wp-content\/uploads\/2022\/03\/27-1024x683.jpg 1024w, https:\/\/marcali.plebania.hu\/wp-content\/uploads\/2022\/03\/27-300x200.jpg 300w, https:\/\/marcali.plebania.hu\/wp-content\/uploads\/2022\/03\/27-768x512.jpg 768w, https:\/\/marcali.plebania.hu\/wp-content\/uploads\/2022\/03\/27-1536x1024.jpg 1536w, https:\/\/marcali.plebania.hu\/wp-content\/uploads\/2022\/03\/27-2048x1365.jpg 2048w, https:\/\/marcali.plebania.hu\/wp-content\/uploads\/2022\/03\/27-405x270.jpg 405w\" sizes=\"auto, (max-width: 1024px) 100vw, 1024px\" \/><\/figure><\/li><li class=\"blocks-gallery-item\"><figure><img loading=\"lazy\" decoding=\"async\" width=\"1024\" height=\"683\" src=\"https:\/\/marcali.plebania.hu\/wp-content\/uploads\/2022\/03\/29-1024x683.jpg\" alt=\"\" data-id=\"3399\" data-link=\"https:\/\/marcali.plebania.hu\/?attachment_id=3399\" class=\"wp-image-3399\" srcset=\"https:\/\/marcali.plebania.hu\/wp-content\/uploads\/2022\/03\/29-1024x683.jpg 1024w, https:\/\/marcali.plebania.hu\/wp-content\/uploads\/2022\/03\/29-300x200.jpg 300w, https:\/\/marcali.plebania.hu\/wp-content\/uploads\/2022\/03\/29-768x512.jpg 768w, https:\/\/marcali.plebania.hu\/wp-content\/uploads\/2022\/03\/29-1536x1024.jpg 1536w, https:\/\/marcali.plebania.hu\/wp-content\/uploads\/2022\/03\/29-2048x1365.jpg 2048w, https:\/\/marcali.plebania.hu\/wp-content\/uploads\/2022\/03\/29-405x270.jpg 405w\" sizes=\"auto, (max-width: 1024px) 100vw, 1024px\" \/><\/figure><\/li><li class=\"blocks-gallery-item\"><figure><img loading=\"lazy\" decoding=\"async\" width=\"1024\" height=\"683\" src=\"https:\/\/marcali.plebania.hu\/wp-content\/uploads\/2022\/03\/39-1024x683.jpg\" alt=\"\" data-id=\"3400\" data-link=\"https:\/\/marcali.plebania.hu\/?attachment_id=3400\" class=\"wp-image-3400\" srcset=\"https:\/\/marcali.plebania.hu\/wp-content\/uploads\/2022\/03\/39-1024x683.jpg 1024w, https:\/\/marcali.plebania.hu\/wp-content\/uploads\/2022\/03\/39-300x200.jpg 300w, https:\/\/marcali.plebania.hu\/wp-content\/uploads\/2022\/03\/39-768x512.jpg 768w, https:\/\/marcali.plebania.hu\/wp-content\/uploads\/2022\/03\/39-1536x1024.jpg 1536w, https:\/\/marcali.plebania.hu\/wp-content\/uploads\/2022\/03\/39-2048x1365.jpg 2048w, https:\/\/marcali.plebania.hu\/wp-content\/uploads\/2022\/03\/39-405x270.jpg 405w\" sizes=\"auto, (max-width: 1024px) 100vw, 1024px\" \/><\/figure><\/li><li class=\"blocks-gallery-item\"><figure><img loading=\"lazy\" decoding=\"async\" width=\"1024\" height=\"683\" src=\"https:\/\/marcali.plebania.hu\/wp-content\/uploads\/2022\/03\/45-1024x683.jpg\" alt=\"\" data-id=\"3401\" data-full-url=\"https:\/\/marcali.plebania.hu\/wp-content\/uploads\/2022\/03\/45-scaled.jpg\" data-link=\"https:\/\/marcali.plebania.hu\/?attachment_id=3401\" class=\"wp-image-3401\" srcset=\"https:\/\/marcali.plebania.hu\/wp-content\/uploads\/2022\/03\/45-1024x683.jpg 1024w, https:\/\/marcali.plebania.hu\/wp-content\/uploads\/2022\/03\/45-300x200.jpg 300w, https:\/\/marcali.plebania.hu\/wp-content\/uploads\/2022\/03\/45-768x512.jpg 768w, https:\/\/marcali.plebania.hu\/wp-content\/uploads\/2022\/03\/45-1536x1024.jpg 1536w, https:\/\/marcali.plebania.hu\/wp-content\/uploads\/2022\/03\/45-2048x1365.jpg 2048w, https:\/\/marcali.plebania.hu\/wp-content\/uploads\/2022\/03\/45-405x270.jpg 405w\" sizes=\"auto, (max-width: 1024px) 100vw, 1024px\" \/><\/figure><\/li><\/ul><\/figure>\n\n\n\n<p>A j\u00f3t\u00e9konys\u00e1gi\nel\u0151ad\u00e1s teljes bev\u00e9tele 136.000- Ft volt. Az \u00f6sszegy\u0171jt\u00f6tt adom\u00e1nyt a K\u00c9SZ\norsz\u00e1gos k\u00f6zpontj\u00e1ba, Budapestre fogj\u00e1k tov\u00e1bb\u00edtani, onnan pedig az \u0151\nk\u00f6zrem\u0171k\u00f6d\u00e9s\u00fckkel a neh\u00e9z helyzetben l\u00e9v\u0151 beregsz\u00e1szi K\u00c9SZ Csoport megseg\u00edt\u00e9s\u00e9re\njuttatj\u00e1k el.<\/p>\n\n\n\n<p>A rendezv\u00e9ny a Marcali \u00e9s K\u00f6rny\u00e9ke Hagyom\u00e1ny\u0151rz\u0151 Ipartest\u00fclet, valamint a K\u00c9SZ Marcali Csoport k\u00f6z\u00f6s szervez\u00e9s\u00e9ben val\u00f3sult meg. Minden r\u00e9sztvev\u0151nek  a szervez\u0151k k\u00f6sz\u00f6nik a nagylelk\u0171 adom\u00e1nyokat!<\/p>\n","protected":false},"excerpt":{"rendered":"<p>2022. m\u00e1rcius 14-\u00e9n, h\u00e9tf\u0151n 18 \u00f3r\u00e1t\u00f3l dr. Kurucz \u00c1d\u00e1m Konr\u00e1d sz\u00edn\u00e9sz, Latinovits-d\u00edjas versmond\u00f3 tartott j\u00f3t\u00e9konys\u00e1gi el\u0151ad\u00e1st Pet\u0151fi S\u00e1ndor \u00e9letm\u0171v\u00e9b\u0151l \u00f6ssze\u00e1ll\u00edtott verses-pr\u00f3zai monodr\u00e1m\u00e1t az X-h\u00e1z nagyterm\u00e9ben. A Nemzeti \u00dcnnepre val\u00f3 m\u00e9lt\u00f3 r\u00e1hangol\u00f3d\u00e1sk\u00e9nt szervezett m\u0171sort Horv\u00e1th Hajnalka nyitotta meg. A rendezv\u00e9ny ez\u00fattal kett\u0151s c\u00e9lzattal lett szervezve, ugyanis nemcsak a forradalom \u00e9s szabads\u00e1gharcra val\u00f3 eml\u00e9kez\u00e9st szolg\u00e1lta, hanem egyben adom\u00e1nygy\u0171jt\u00e9st is tartottak az orosz-ukr\u00e1n h\u00e1bor\u00fat\u00f3l szenved\u0151 k\u00e1rp\u00e1taljai magyarok megseg\u00edt\u00e9s\u00e9re. Ezut\u00e1n k\u00f6vetkezett az a k\u00f6zel egy \u00f3r\u00e1s, tartalmas el\u0151ad\u00e1s, amely az \u00fcnnephez igazodva st\u00edlusosan a&#8230;<\/p>\n<p class=\"read-more\"><a class=\"btn btn-default\" href=\"https:\/\/marcali.plebania.hu\/?p=3388\"> Read More<span class=\"screen-reader-text\">  Read More<\/span><\/a><\/p>\n","protected":false},"author":2,"featured_media":0,"comment_status":"closed","ping_status":"open","sticky":false,"template":"","format":"standard","meta":{"footnotes":""},"categories":[1],"tags":[],"class_list":["post-3388","post","type-post","status-publish","format-standard","hentry","category-egyeb"],"_links":{"self":[{"href":"https:\/\/marcali.plebania.hu\/index.php?rest_route=\/wp\/v2\/posts\/3388","targetHints":{"allow":["GET"]}}],"collection":[{"href":"https:\/\/marcali.plebania.hu\/index.php?rest_route=\/wp\/v2\/posts"}],"about":[{"href":"https:\/\/marcali.plebania.hu\/index.php?rest_route=\/wp\/v2\/types\/post"}],"author":[{"embeddable":true,"href":"https:\/\/marcali.plebania.hu\/index.php?rest_route=\/wp\/v2\/users\/2"}],"replies":[{"embeddable":true,"href":"https:\/\/marcali.plebania.hu\/index.php?rest_route=%2Fwp%2Fv2%2Fcomments&post=3388"}],"version-history":[{"count":1,"href":"https:\/\/marcali.plebania.hu\/index.php?rest_route=\/wp\/v2\/posts\/3388\/revisions"}],"predecessor-version":[{"id":3406,"href":"https:\/\/marcali.plebania.hu\/index.php?rest_route=\/wp\/v2\/posts\/3388\/revisions\/3406"}],"wp:attachment":[{"href":"https:\/\/marcali.plebania.hu\/index.php?rest_route=%2Fwp%2Fv2%2Fmedia&parent=3388"}],"wp:term":[{"taxonomy":"category","embeddable":true,"href":"https:\/\/marcali.plebania.hu\/index.php?rest_route=%2Fwp%2Fv2%2Fcategories&post=3388"},{"taxonomy":"post_tag","embeddable":true,"href":"https:\/\/marcali.plebania.hu\/index.php?rest_route=%2Fwp%2Fv2%2Ftags&post=3388"}],"curies":[{"name":"wp","href":"https:\/\/api.w.org\/{rel}","templated":true}]}}