{"id":339,"date":"2018-09-12T09:49:18","date_gmt":"2018-09-12T09:49:18","guid":{"rendered":"https:\/\/marcali.plebania.hu\/?p=339"},"modified":"2018-09-17T15:05:09","modified_gmt":"2018-09-17T15:05:09","slug":"megaldottak-az-uj-lourdes-i-szuz-anya-szobrot-gadanyban","status":"publish","type":"post","link":"https:\/\/marcali.plebania.hu\/?p=339","title":{"rendered":"Meg\u00e1ldott\u00e1k az \u00faj Lourdes-i Sz\u0171z Anya szobrot Gad\u00e1nyban"},"content":{"rendered":"<p>2018. szeptember 8-\u00e1n, szombaton, d\u00e9lut\u00e1n 15 \u00f3rakor Gad\u00e1nyban, a pl\u00e9h-Krisztus kereszt szomsz\u00e9ds\u00e1g\u00e1ban Kiss Iv\u00e1n c. pr\u00e9post, esperes-pl\u00e9b\u00e1nos meg\u00e1ldotta az \u00faj Lourdes-i Sz\u0171z M\u00e1ria szobrot.<\/p>\n<p><img loading=\"lazy\" decoding=\"async\" class=\"aligncenter wp-image-340 size-large\" src=\"https:\/\/marcali.plebania.hu\/wp-content\/uploads\/2018\/09\/Gad\u00e1ny20-1024x683.jpg\" alt=\"\" width=\"640\" height=\"427\" srcset=\"https:\/\/marcali.plebania.hu\/wp-content\/uploads\/2018\/09\/Gad\u00e1ny20-1024x683.jpg 1024w, https:\/\/marcali.plebania.hu\/wp-content\/uploads\/2018\/09\/Gad\u00e1ny20-300x200.jpg 300w, https:\/\/marcali.plebania.hu\/wp-content\/uploads\/2018\/09\/Gad\u00e1ny20-768x512.jpg 768w, https:\/\/marcali.plebania.hu\/wp-content\/uploads\/2018\/09\/Gad\u00e1ny20-405x270.jpg 405w\" sizes=\"auto, (max-width: 640px) 100vw, 640px\" \/><\/p>\n<p>Az \u00fcnneps\u00e9get a Gad\u00e1nyi Karit\u00e1sz Csoport vezet\u0151i: Ladencsics Zolt\u00e1n \u00e9s feles\u00e9ge szervezt\u00e9k. A kis verses-zen\u00e9s m\u0171sorban a marcali F\u00e9ny Gyermekei Zenekar m\u0171k\u00f6d\u00f6tt k\u00f6zre git\u00e1ros \u00e9nekekkel. A meg\u00e1ld\u00e1si szertart\u00e1sra nemcsak a helybeliek, hanem a telep\u00fcl\u00e9sr\u0151l elsz\u00e1rmazottak, valamint marcali h\u00edvek is sz\u00e9p sz\u00e1mmal elj\u00f6ttek.<\/p>\n<p><img loading=\"lazy\" decoding=\"async\" class=\"aligncenter wp-image-341 size-large\" src=\"https:\/\/marcali.plebania.hu\/wp-content\/uploads\/2018\/09\/Gad\u00e1ny08-1024x683.jpg\" alt=\"\" width=\"640\" height=\"427\" srcset=\"https:\/\/marcali.plebania.hu\/wp-content\/uploads\/2018\/09\/Gad\u00e1ny08-1024x683.jpg 1024w, https:\/\/marcali.plebania.hu\/wp-content\/uploads\/2018\/09\/Gad\u00e1ny08-300x200.jpg 300w, https:\/\/marcali.plebania.hu\/wp-content\/uploads\/2018\/09\/Gad\u00e1ny08-768x512.jpg 768w, https:\/\/marcali.plebania.hu\/wp-content\/uploads\/2018\/09\/Gad\u00e1ny08-405x270.jpg 405w\" sizes=\"auto, (max-width: 640px) 100vw, 640px\" \/><\/p>\n<p>Gad\u00e1nyban az elm\u00falt \u00e9vekben m\u00e1r sz\u00e1mos \u00fatmenti kereszt lett fel\u00faj\u00edtva a \u2013 Ladencsics h\u00e1zasp\u00e1r k\u00f6zrem\u0171k\u00f6d\u00e9s\u00e9vel \u2013, ez a mostani kis szobor pedig egy \u00fajabb \u00e9kess\u00e9ge az apr\u00f3 telep\u00fcl\u00e9snek.<\/p>\n<p><img loading=\"lazy\" decoding=\"async\" class=\"aligncenter wp-image-342 size-large\" src=\"https:\/\/marcali.plebania.hu\/wp-content\/uploads\/2018\/09\/Gad\u00e1ny26-1024x683.jpg\" alt=\"\" width=\"640\" height=\"427\" srcset=\"https:\/\/marcali.plebania.hu\/wp-content\/uploads\/2018\/09\/Gad\u00e1ny26-1024x683.jpg 1024w, https:\/\/marcali.plebania.hu\/wp-content\/uploads\/2018\/09\/Gad\u00e1ny26-300x200.jpg 300w, https:\/\/marcali.plebania.hu\/wp-content\/uploads\/2018\/09\/Gad\u00e1ny26-768x512.jpg 768w, https:\/\/marcali.plebania.hu\/wp-content\/uploads\/2018\/09\/Gad\u00e1ny26-405x270.jpg 405w\" sizes=\"auto, (max-width: 640px) 100vw, 640px\" \/><\/p>\n<p>Az \u00f6sszefog\u00e1s egyik \u00fajabb p\u00e9ld\u00e1ja, hogy a szobrot a Sholer csal\u00e1d adom\u00e1nyozta, melyhez a rozsdamentes ac\u00e9lb\u00f3l k\u00e9sz\u00fclt \u201ebarlangot\u201d Krennert Istv\u00e1n k\u00e9sz\u00edtette. Az ehhez sz\u00fcks\u00e9ges anyagokat pedig Szigeti G\u00e1bor biztos\u00edtotta, aki r\u00e1ad\u00e1sul m\u00e9g a munk\u00e1kb\u00f3l is kivette a r\u00e9sz\u00e9t.<\/p>\n<p>&nbsp;<\/p>\n","protected":false},"excerpt":{"rendered":"<p>2018. szeptember 8-\u00e1n, szombaton, d\u00e9lut\u00e1n 15 \u00f3rakor Gad\u00e1nyban, a pl\u00e9h-Krisztus kereszt szomsz\u00e9ds\u00e1g\u00e1ban Kiss Iv\u00e1n c. pr\u00e9post, esperes-pl\u00e9b\u00e1nos meg\u00e1ldotta az \u00faj Lourdes-i Sz\u0171z M\u00e1ria szobrot. Az \u00fcnneps\u00e9get a Gad\u00e1nyi Karit\u00e1sz Csoport vezet\u0151i: Ladencsics Zolt\u00e1n \u00e9s feles\u00e9ge szervezt\u00e9k. A kis verses-zen\u00e9s m\u0171sorban a marcali F\u00e9ny Gyermekei Zenekar m\u0171k\u00f6d\u00f6tt k\u00f6zre git\u00e1ros \u00e9nekekkel. A meg\u00e1ld\u00e1si szertart\u00e1sra nemcsak a helybeliek, hanem a telep\u00fcl\u00e9sr\u0151l elsz\u00e1rmazottak, valamint marcali h\u00edvek is sz\u00e9p sz\u00e1mmal elj\u00f6ttek. Gad\u00e1nyban az elm\u00falt \u00e9vekben m\u00e1r sz\u00e1mos \u00fatmenti kereszt lett fel\u00faj\u00edtva a \u2013 Ladencsics h\u00e1zasp\u00e1r&#8230;<\/p>\n<p class=\"read-more\"><a class=\"btn btn-default\" href=\"https:\/\/marcali.plebania.hu\/?p=339\"> Read More<span class=\"screen-reader-text\">  Read More<\/span><\/a><\/p>\n","protected":false},"author":2,"featured_media":0,"comment_status":"closed","ping_status":"open","sticky":false,"template":"","format":"standard","meta":{"footnotes":""},"categories":[1],"tags":[],"class_list":["post-339","post","type-post","status-publish","format-standard","hentry","category-egyeb"],"_links":{"self":[{"href":"https:\/\/marcali.plebania.hu\/index.php?rest_route=\/wp\/v2\/posts\/339","targetHints":{"allow":["GET"]}}],"collection":[{"href":"https:\/\/marcali.plebania.hu\/index.php?rest_route=\/wp\/v2\/posts"}],"about":[{"href":"https:\/\/marcali.plebania.hu\/index.php?rest_route=\/wp\/v2\/types\/post"}],"author":[{"embeddable":true,"href":"https:\/\/marcali.plebania.hu\/index.php?rest_route=\/wp\/v2\/users\/2"}],"replies":[{"embeddable":true,"href":"https:\/\/marcali.plebania.hu\/index.php?rest_route=%2Fwp%2Fv2%2Fcomments&post=339"}],"version-history":[{"count":3,"href":"https:\/\/marcali.plebania.hu\/index.php?rest_route=\/wp\/v2\/posts\/339\/revisions"}],"predecessor-version":[{"id":359,"href":"https:\/\/marcali.plebania.hu\/index.php?rest_route=\/wp\/v2\/posts\/339\/revisions\/359"}],"wp:attachment":[{"href":"https:\/\/marcali.plebania.hu\/index.php?rest_route=%2Fwp%2Fv2%2Fmedia&parent=339"}],"wp:term":[{"taxonomy":"category","embeddable":true,"href":"https:\/\/marcali.plebania.hu\/index.php?rest_route=%2Fwp%2Fv2%2Fcategories&post=339"},{"taxonomy":"post_tag","embeddable":true,"href":"https:\/\/marcali.plebania.hu\/index.php?rest_route=%2Fwp%2Fv2%2Ftags&post=339"}],"curies":[{"name":"wp","href":"https:\/\/api.w.org\/{rel}","templated":true}]}}