{"id":3413,"date":"2022-03-18T08:59:22","date_gmt":"2022-03-18T08:59:22","guid":{"rendered":"https:\/\/marcali.plebania.hu\/?p=3413"},"modified":"2022-03-18T08:59:22","modified_gmt":"2022-03-18T08:59:22","slug":"hirdetesek-2022-03-20","status":"publish","type":"post","link":"https:\/\/marcali.plebania.hu\/?p=3413","title":{"rendered":"Hirdet\u00e9sek, 2022. 03. 20."},"content":{"rendered":"\n<ol class=\"wp-block-list\"><li>Ma van nagyb\u00f6jt 3. vas\u00e1rnapja. A mai vas\u00e1rnapt\u00f3l egy\nh\u00e9tig tart\u00f3s \u00e9lelmiszergy\u0171jt\u00e9s van a menek\u00fcltek, a K\u00e1rp\u00e1talj\u00e1n maradt \u00e9hez\u0151knek\n\u00e9s a helyi szeg\u00e9nyeknek. A tart\u00f3s \u00e9lelmiszern\u00e9l gondoljunk arra, hogy a\nmenek\u00fclteknek legink\u00e1bb konzerv form\u00e1j\u00e1ban kaphat\u00f3 k\u00e9sz\u00e9telekre van sz\u00fcks\u00e9ge, a\nmenek\u00fcl\u0151 gyermekek pedig sz\u00edvesen fogadnak \u00e9dess\u00e9get. De term\u00e9szetesen lehet a\ncsomagba rakni sz\u00e1razt\u00e9szt\u00e1t, cukrot, lisztet, \u00e9tolajat is. Vigy\u00e1zzunk a\nszavatoss\u00e1gi id\u0151 lej\u00e1rt\u00e1ra. A csomagot a vas\u00e1rnapi szentmis\u00e9kre lehet hozni,\nh\u00e9tk\u00f6znap a pl\u00e9b\u00e1niatemplom el\u0151ter\u00e9ben l\u00e9v\u0151 F\u00e1jdalmas anya szobra \u00e9l\u00e9 lehet\nrakni. J\u00f6v\u0151 vas\u00e1rnap z\u00e1rul a gy\u0171jt\u00e9si akci\u00f3.<\/li><li>A h\u00e9ten, p\u00e9nteken, 25-\u00e9n lesz templomunk\nv\u00e9d\u0151szentj\u00e9nek Gy\u00fcm\u00f6lcsolt\u00f3 Boldogasszony \u00fcnnepe, mivel ezen a napon tartj\u00e1k a\nKaposv\u00e1ri Sz\u00e9kesegyh\u00e1z fel\u00faj\u00edt\u00e1s ut\u00e1ni \u00fajb\u00f3li felszentel\u00e9s\u00e9t, ez\u00e9rt szombaton\nfogjuk meg\u00fcnnepelni templomunk titulus\u00e1t. P\u00e9nteken 16.30-kor kereszt\u00fati\n\u00e1jtatoss\u00e1g a R\u00f3zsaf\u00fcz\u00e9r T\u00e1rsulat vezet\u00e9s\u00e9vel, 17 \u00f3rakor szentmise.<\/li><li>Szombaton 16 \u00f3rakor ima\u00f3ra kezd\u0151dik a R\u00f3zsaf\u00fcz\u00e9r\nT\u00e1rsulat szervez\u00e9s\u00e9ben a 300. \u00e9vfordul\u00f3 keret\u00e9ben, majd 17 \u00f3rakor szentmise Gy\u00fcm\u00f6lcsolt\u00f3\nBoldogasszonyt \u00fcnnepelve.<\/li><li>El\u0151re hirdetj\u00fck, hogy \u00e1prilis 9-\u00e9n lesz a Meg nem\nsz\u00fcletett gyermekek eml\u00e9khely\u00e9nek meg\u00e1ld\u00e1sa a k\u00f6zponti temet\u0151ben. Ugyanezen a\nnapon Lelki Napot is tartunk, amikor a h\u00edvek elv\u00e9gezhetik vend\u00e9g aty\u00e1kn\u00e1l a\nh\u00fasv\u00e9ti gy\u00f3n\u00e1sukat.<\/li><\/ol>\n","protected":false},"excerpt":{"rendered":"<p>Ma van nagyb\u00f6jt 3. vas\u00e1rnapja. A mai vas\u00e1rnapt\u00f3l egy h\u00e9tig tart\u00f3s \u00e9lelmiszergy\u0171jt\u00e9s van a menek\u00fcltek, a K\u00e1rp\u00e1talj\u00e1n maradt \u00e9hez\u0151knek \u00e9s a helyi szeg\u00e9nyeknek. A tart\u00f3s \u00e9lelmiszern\u00e9l gondoljunk arra, hogy a menek\u00fclteknek legink\u00e1bb konzerv form\u00e1j\u00e1ban kaphat\u00f3 k\u00e9sz\u00e9telekre van sz\u00fcks\u00e9ge, a menek\u00fcl\u0151 gyermekek pedig sz\u00edvesen fogadnak \u00e9dess\u00e9get. De term\u00e9szetesen lehet a csomagba rakni sz\u00e1razt\u00e9szt\u00e1t, cukrot, lisztet, \u00e9tolajat is. Vigy\u00e1zzunk a szavatoss\u00e1gi id\u0151 lej\u00e1rt\u00e1ra. A csomagot a vas\u00e1rnapi szentmis\u00e9kre lehet hozni, h\u00e9tk\u00f6znap a pl\u00e9b\u00e1niatemplom el\u0151ter\u00e9ben l\u00e9v\u0151 F\u00e1jdalmas anya szobra \u00e9l\u00e9 lehet rakni. J\u00f6v\u0151&#8230;<\/p>\n<p class=\"read-more\"><a class=\"btn btn-default\" href=\"https:\/\/marcali.plebania.hu\/?p=3413\"> Read More<span class=\"screen-reader-text\">  Read More<\/span><\/a><\/p>\n","protected":false},"author":2,"featured_media":0,"comment_status":"closed","ping_status":"open","sticky":false,"template":"","format":"standard","meta":{"footnotes":""},"categories":[1],"tags":[],"class_list":["post-3413","post","type-post","status-publish","format-standard","hentry","category-egyeb"],"_links":{"self":[{"href":"https:\/\/marcali.plebania.hu\/index.php?rest_route=\/wp\/v2\/posts\/3413","targetHints":{"allow":["GET"]}}],"collection":[{"href":"https:\/\/marcali.plebania.hu\/index.php?rest_route=\/wp\/v2\/posts"}],"about":[{"href":"https:\/\/marcali.plebania.hu\/index.php?rest_route=\/wp\/v2\/types\/post"}],"author":[{"embeddable":true,"href":"https:\/\/marcali.plebania.hu\/index.php?rest_route=\/wp\/v2\/users\/2"}],"replies":[{"embeddable":true,"href":"https:\/\/marcali.plebania.hu\/index.php?rest_route=%2Fwp%2Fv2%2Fcomments&post=3413"}],"version-history":[{"count":1,"href":"https:\/\/marcali.plebania.hu\/index.php?rest_route=\/wp\/v2\/posts\/3413\/revisions"}],"predecessor-version":[{"id":3414,"href":"https:\/\/marcali.plebania.hu\/index.php?rest_route=\/wp\/v2\/posts\/3413\/revisions\/3414"}],"wp:attachment":[{"href":"https:\/\/marcali.plebania.hu\/index.php?rest_route=%2Fwp%2Fv2%2Fmedia&parent=3413"}],"wp:term":[{"taxonomy":"category","embeddable":true,"href":"https:\/\/marcali.plebania.hu\/index.php?rest_route=%2Fwp%2Fv2%2Fcategories&post=3413"},{"taxonomy":"post_tag","embeddable":true,"href":"https:\/\/marcali.plebania.hu\/index.php?rest_route=%2Fwp%2Fv2%2Ftags&post=3413"}],"curies":[{"name":"wp","href":"https:\/\/api.w.org\/{rel}","templated":true}]}}